{"id":9073,"date":"2021-06-08T14:24:02","date_gmt":"2021-06-08T12:24:02","guid":{"rendered":"http:\/\/agora.xtec.cat\/escolamediterrania\/?p=9073"},"modified":"2021-06-08T14:26:02","modified_gmt":"2021-06-08T12:26:02","slug":"anem-a-la-granja-2","status":"publish","type":"post","link":"https:\/\/agora.xtec.cat\/escolamediterrania\/infantil\/la-cova\/anem-a-la-granja-2\/","title":{"rendered":"ANEM A LA GRANJA!"},"content":{"rendered":"<p>Hola fam\u00edlies boniques de la cova!!<\/p>\n<p>Ummm us he d\u2019explicar un munt de coses de la nostra sortida a la granja&#8230;<\/p>\n<p>El viatge en autocar va ser s\u00faper divertit&#8230; vam anar mirant per les finestres i jugant al veig \u2013 veig, el Paco, el conductor de l&#8217;autocar, va posar m\u00fasica bailonga i vam estar cantant&#8230; i sense voler vam arribar a Can Pi de la Serra, all\u00e0 ens estaven esperant els granger Iker, Maria i Cira i despr\u00e8s d\u2019esmorzar va comen\u00e7ar la nostra aventura del sentits a la granja&#8230;. primer vam fer una volta en carro amb el cavall Gero, la burrita Pepa ens van comentar que era velleta i que estava a un spa descansant, ja arribat la seva jubilaci\u00f3 jajajajajaja!!. \u201cMueve el culito Gero, mueve el culito Gero\u201d que divertida experi\u00e8ncia, l\u2019Iker ens va acompanyar durant el viatge i ens explicava moltes curiositats sobre el Gero i la Pepa&#8230;..<\/p>\n<p>En acabar, la grangera Maria ens va rebre a l\u2019hort i all\u00e0 vam estar treballant el sentit de l\u2019olfacte, olorant les plantes arom\u00e0tiques que havia a l\u2019hort de la granja, despr\u00e8s vam anar junts a experimentar amb el sentit de la vista, buscant gla\u00e7ons de colors fent un treballa en grup i vam aconseguir poder guanyar tots aquest repte!! I finalment vam estar buscant el biber\u00f3 per una bonica sorpresa que ens estava esperant dalt de la granja&#8230;. quan el vam trobar afinant molt la nostra vista la grangera Cira ens va venir a buscar i vam anar&#8230;. ains quina emoci\u00f3&#8230; redobla de tambors&#8230; a treballar el sentit del tacte tocant els diferents animals de la granja&#8230; conills, gallines, porcs, ovelles, cabretes&#8230;. quina passada&#8230; com vam gaudir!! Per acabar vam visitar la vaca Bela i vam estar jugant amb les oques&#8230;.<\/p>\n<p>Quin dia m\u00e9s emocionat i divertit, una experi\u00e8ncia m\u00e9s que portem dins la nostra motxilla de bonics records!!<\/p>\n<p><a href=\"https:\/\/photos.app.goo.gl\/tUv9FM6KCtEbLZ2CA\" target=\"_blank\" rel=\"noopener noreferrer\"><img loading=\"lazy\" decoding=\"async\" class=\"aligncenter\" src=\"https:\/\/lh3.googleusercontent.com\/YzKdZPMvc6YPtXXmPJWYVZ9HbgslVUIO3qCZmU35jSaSffeQqrnu7tHDHuzaRsITBckDZKvt6T4HPa0JtbZTZG0mMam-H4xqEbFrUkPiPRWg4fYg50qkmphpnSjbiI9Q_pVt5VjkF0GnDeGsYdJuFRxyHbrVfZcvCCQD9NAqvZY7ThJjXnA_03BfjruRxrBZc4tocJ81H5BmQL-T9m4axWzOtUhFWFrhsw1BhOHbTeH3Jg0GdNhmRGg9w8w07Rsk47l0qJQBdWkMzqEr-yGTsomrRwVNJCLPKcUgnW_XLFYZmhldUzSCnZSpQfgXvKOc0iuPeNHOA-HoZhsn5UimZYkN71kvoNM8L06kksNqqhL51dY8lmTLgNueNmOhsRXMzEg_HvUzS5aap6RcjX8_4RSy7Yob3X9YOBm8ZLW9pG9u2cqnWM00g2Fmuh06RUs5ptJmZUfHMkTNat-wVpEXQqUb6ePK7BZOJzQ1l24ceSYVu41gPG7MLEqGSBHuEjWIphrE_j7a80QJtAk1oK0hjZDlXpeDIjLTYLpG4uiO2KCl2etSSgIdVzOKKZ1JMcPDIV5d8B0fQ_-6psLxECGJlc2q6gOoLH7epM7oQIMo3tqYpiyVRFO6jTiavZ32rTKYVwdbyHsjx3WTdaxhvEUkV6QC0phK19TzvO9ztLelea9at9b34tUt2H3LM1U5VhMgLPcLAag4aAnuBnfPMlcf2G30=w1112-h625-no?authuser=1\" width=\"452\" height=\"254\" \/><\/a><\/p>\n<p>&nbsp;<\/p>\n","protected":false},"excerpt":{"rendered":"<p>Hola fam\u00edlies boniques de la cova!!<br \/>\nUmmm us he d\u2019explicar un munt de coses de la nostra sortida a la granja&#8230;<br \/>\nEl viatge en autocar va ser s\u00faper divertit&#8230; vam anar mirant per les finestres i jugant al veig \u2013 veig, el Paco, el conductor de l&#8217;autocar,&hellip;  <a href=\"https:\/\/agora.xtec.cat\/escolamediterrania\/infantil\/la-cova\/anem-a-la-granja-2\/\" title=\"Read ANEM A LA GRANJA!\">Llegeix m\u00e9s\u00bb<\/a><\/p>\n","protected":false},"author":20,"featured_media":0,"comment_status":"open","ping_status":"closed","sticky":false,"template":"","format":"standard","meta":{"_bbp_topic_count":0,"_bbp_reply_count":0,"_bbp_total_topic_count":0,"_bbp_total_reply_count":0,"_bbp_voice_count":0,"_bbp_anonymous_reply_count":0,"_bbp_topic_count_hidden":0,"_bbp_reply_count_hidden":0,"_bbp_forum_subforum_count":0,"footnotes":""},"categories":[8],"tags":[],"class_list":["post-9073","post","type-post","status-publish","format-standard","hentry","category-la-cova"],"post_mailing_queue_ids":[],"_links":{"self":[{"href":"https:\/\/agora.xtec.cat\/escolamediterrania\/wp-json\/wp\/v2\/posts\/9073","targetHints":{"allow":["GET"]}}],"collection":[{"href":"https:\/\/agora.xtec.cat\/escolamediterrania\/wp-json\/wp\/v2\/posts"}],"about":[{"href":"https:\/\/agora.xtec.cat\/escolamediterrania\/wp-json\/wp\/v2\/types\/post"}],"author":[{"embeddable":true,"href":"https:\/\/agora.xtec.cat\/escolamediterrania\/wp-json\/wp\/v2\/users\/20"}],"replies":[{"embeddable":true,"href":"https:\/\/agora.xtec.cat\/escolamediterrania\/wp-json\/wp\/v2\/comments?post=9073"}],"version-history":[{"count":2,"href":"https:\/\/agora.xtec.cat\/escolamediterrania\/wp-json\/wp\/v2\/posts\/9073\/revisions"}],"predecessor-version":[{"id":9076,"href":"https:\/\/agora.xtec.cat\/escolamediterrania\/wp-json\/wp\/v2\/posts\/9073\/revisions\/9076"}],"wp:attachment":[{"href":"https:\/\/agora.xtec.cat\/escolamediterrania\/wp-json\/wp\/v2\/media?parent=9073"}],"wp:term":[{"taxonomy":"category","embeddable":true,"href":"https:\/\/agora.xtec.cat\/escolamediterrania\/wp-json\/wp\/v2\/categories?post=9073"},{"taxonomy":"post_tag","embeddable":true,"href":"https:\/\/agora.xtec.cat\/escolamediterrania\/wp-json\/wp\/v2\/tags?post=9073"}],"curies":[{"name":"wp","href":"https:\/\/api.w.org\/{rel}","templated":true}]}}