{"id":9054,"date":"2021-06-05T21:05:13","date_gmt":"2021-06-05T19:05:13","guid":{"rendered":"http:\/\/agora.xtec.cat\/escolamediterrania\/?p=9054"},"modified":"2021-06-05T21:05:41","modified_gmt":"2021-06-05T19:05:41","slug":"iniciem-el-mes-de-juny","status":"publish","type":"post","link":"https:\/\/agora.xtec.cat\/escolamediterrania\/infantil\/llum-i-color\/iniciem-el-mes-de-juny\/","title":{"rendered":"INICIEM EL MES DE JUNY"},"content":{"rendered":"<p>Hola fam\u00edlies! Una setmana m\u00e9s que s&#8217;acaba i comencem la recta final del curs.<\/p>\n<p>Vam comen\u00e7ar el dilluns amb l&#8217;aniversari de l&#8217;Hugo on tots els seus companys\/es van fer-li una capa molt bonica pels 6 anyets. Vam poder gaudir de a \u00faltima sessi\u00f3 de psico al pati gran de prim\u00e0ria que els agrada molt. Al taller de lletres hem buscar paraules que comencen per les vocals, al taller de pl\u00e0stica hem fet un dibuix del nostre cos, a partir d&#8217;una foto nostra, al taller de nombres, hem jugat al joc de l&#8217;oruga de colors, i al taller lliure hem pogut jugar als minimons de fusta.<\/p>\n<p>La sessi\u00f3 d&#8217;angl\u00e8s el nostre amic little monkey ens ha ajudat a desenvolupar un roll playing i explicar la hist\u00f2ria dels micos que no li agradaven els pl\u00e0tans.<\/p>\n<p>La pl\u00e0stica d&#8217;aquesta setmana ha estat molt entretinguda, ja que hem fet estampacions amb forquilles de pl\u00e0stic. Han sortit unes flors i jardins de diferents colors.<\/p>\n<p>Aquesta setmana les propostes de treball han estat divertides i variades. A la taula de la motricitat fina hem pogut fer transvasaments amb boles d&#8217;hidrogel, les hem manipulat i experimentat amb elles. Tenien un tacte suau i fred. La taula de mates hem jugat al joc dels camions. Un joc divertit i que ens ha fet pensar una miqueta, ja que hav\u00edem d&#8217;encaixar les peces a la part de la c\u00e0rrega del cami\u00f3, tal com ens proposava les imatges. La taula de lletres hem tingut una m\u00e0quina de fer paraules. Pujant o baixant les lletres hav\u00edem de trobar les adients per formar paraules com formiga o elefant. Despr\u00e9s de trobar-les les hav\u00edem d&#8217;escriure. Ens hem relaxat i gaudit pintant mandales d&#8217;estiu a la taula d&#8217;art i a la taula de natura hem treballat la barreja de colors a trav\u00e9s de lupes forrades amb diferents colors. Per \u00faltim a la catifa hem estat fent tota mena de lletres i formes amb la taula de llum.<\/p>\n<p>En aquest <a href=\"https:\/\/photos.app.goo.gl\/EKmwxDP1drmceujY7\">enlla\u00e7<\/a> podeu veure les fotos d&#8217;aquesta setmana.<\/p>\n<p>Enrecordeu-vos que dilluns marxem d&#8217;excursi\u00f3!<\/p>\n<p><a href=\"http:\/\/agora.xtec.cat\/escolamediterrania\/infantil\/llum-i-color\/iniciem-el-mes-de-juny\/attachment\/grup\/\" rel=\"attachment wp-att-9057\"><img loading=\"lazy\" decoding=\"async\" class=\"alignnone wp-image-9057\" src=\"https:\/\/agora.xtec.cat\/escolamediterrania\/wp-content\/uploads\/usu424\/2021\/06\/grup.jpg\" alt=\"\" width=\"499\" height=\"280\" srcset=\"https:\/\/agora.xtec.cat\/escolamediterrania\/wp-content\/uploads\/usu424\/2021\/06\/grup.jpg 4032w, https:\/\/agora.xtec.cat\/escolamediterrania\/wp-content\/uploads\/usu424\/2021\/06\/grup-300x169.jpg 300w, https:\/\/agora.xtec.cat\/escolamediterrania\/wp-content\/uploads\/usu424\/2021\/06\/grup-768x432.jpg 768w, https:\/\/agora.xtec.cat\/escolamediterrania\/wp-content\/uploads\/usu424\/2021\/06\/grup-1024x576.jpg 1024w\" sizes=\"auto, (max-width: 499px) 100vw, 499px\" \/><\/a><\/p>\n<p>&nbsp;<\/p>\n<p>&nbsp;<\/p>\n<p>&nbsp;<\/p>\n","protected":false},"excerpt":{"rendered":"<p>Hola fam\u00edlies! Una setmana m\u00e9s que s&#8217;acaba i comencem la recta final del curs.<br \/>\nVam comen\u00e7ar el dilluns amb l&#8217;aniversari de l&#8217;Hugo on tots els seus companys\/es van fer-li una capa molt bonica pels 6 anyets. Vam poder gaudir de a \u00faltima sessi\u00f3 de psico al&hellip;  <a href=\"https:\/\/agora.xtec.cat\/escolamediterrania\/infantil\/llum-i-color\/iniciem-el-mes-de-juny\/\" title=\"Read INICIEM EL MES DE JUNY\">Llegeix m\u00e9s\u00bb<\/a><\/p>\n","protected":false},"author":1,"featured_media":0,"comment_status":"open","ping_status":"closed","sticky":false,"template":"","format":"standard","meta":{"_bbp_topic_count":0,"_bbp_reply_count":0,"_bbp_total_topic_count":0,"_bbp_total_reply_count":0,"_bbp_voice_count":0,"_bbp_anonymous_reply_count":0,"_bbp_topic_count_hidden":0,"_bbp_reply_count_hidden":0,"_bbp_forum_subforum_count":0,"footnotes":""},"categories":[125],"tags":[],"class_list":["post-9054","post","type-post","status-publish","format-standard","hentry","category-llum-i-color"],"post_mailing_queue_ids":[],"_links":{"self":[{"href":"https:\/\/agora.xtec.cat\/escolamediterrania\/wp-json\/wp\/v2\/posts\/9054","targetHints":{"allow":["GET"]}}],"collection":[{"href":"https:\/\/agora.xtec.cat\/escolamediterrania\/wp-json\/wp\/v2\/posts"}],"about":[{"href":"https:\/\/agora.xtec.cat\/escolamediterrania\/wp-json\/wp\/v2\/types\/post"}],"author":[{"embeddable":true,"href":"https:\/\/agora.xtec.cat\/escolamediterrania\/wp-json\/wp\/v2\/users\/1"}],"replies":[{"embeddable":true,"href":"https:\/\/agora.xtec.cat\/escolamediterrania\/wp-json\/wp\/v2\/comments?post=9054"}],"version-history":[{"count":3,"href":"https:\/\/agora.xtec.cat\/escolamediterrania\/wp-json\/wp\/v2\/posts\/9054\/revisions"}],"predecessor-version":[{"id":9059,"href":"https:\/\/agora.xtec.cat\/escolamediterrania\/wp-json\/wp\/v2\/posts\/9054\/revisions\/9059"}],"wp:attachment":[{"href":"https:\/\/agora.xtec.cat\/escolamediterrania\/wp-json\/wp\/v2\/media?parent=9054"}],"wp:term":[{"taxonomy":"category","embeddable":true,"href":"https:\/\/agora.xtec.cat\/escolamediterrania\/wp-json\/wp\/v2\/categories?post=9054"},{"taxonomy":"post_tag","embeddable":true,"href":"https:\/\/agora.xtec.cat\/escolamediterrania\/wp-json\/wp\/v2\/tags?post=9054"}],"curies":[{"name":"wp","href":"https:\/\/api.w.org\/{rel}","templated":true}]}}