{"id":8979,"date":"2021-05-21T15:53:27","date_gmt":"2021-05-21T13:53:27","guid":{"rendered":"http:\/\/agora.xtec.cat\/escolamediterrania\/?p=8979"},"modified":"2021-05-21T15:53:27","modified_gmt":"2021-05-21T13:53:27","slug":"sant-ponc-2021","status":"publish","type":"post","link":"https:\/\/agora.xtec.cat\/escolamediterrania\/infantil\/la-cova\/sant-ponc-2021\/","title":{"rendered":"SANT PON\u00c7 2021"},"content":{"rendered":"<p>Hola fam\u00edlies boniques de la cova!!<\/p>\n<p>Aquesta setmana ha estat la setmana especial de Sant Pon\u00e7 i hem preparat moltes propostes \u201csantponceres\u201d per jugar i aprendre una mica m\u00e9s&#8230;.<\/p>\n<p>A la taula del mirall hem tingut un joc de les abelles on havien de relacionar cada abella amb el seu rusc, fent servir les pinces i la concentraci\u00f3 en els nombres i les seves grafies.<\/p>\n<p>A la taula dels nombres hem tinguts molt laberints plens de nombres on les abelles havien de trobar les flors per poder-les pol\u00b7linitzar i tamb\u00e9 seriacions d\u2019abelles, flors, rusc, herbes arom\u00e0tiques&#8230;.<\/p>\n<p>A l\u2019art hem pintat la hist\u00f2ria de la mel i despr\u00e9s hem hagut de retallar i enganxar correctament la seq\u00fc\u00e8ncia de la mel i les abelles&#8230; una proposta on hem apr\u00e9s noms molt complicats com RUSC, APICULTOR&#8230;<\/p>\n<p>La proposta de lletres ha estat fer un bingo dels insectes, hem conegut els noms d\u2019alguns d\u2019ells i hem passat una bona estona jugant.<\/p>\n<p>Aquesta setmana la nostra sessi\u00f3 de pl\u00e0stica ha estat relacionada amb Sant Pon\u00e7 hem fet un potato-got amb les nostres cares&#8230; encara haurem d\u2019esperar alguns dies per poder portar-lo a casa per\u00f2 ja us avan\u00e7o que est\u00e0 creixent molt i molt r\u00e0pid, i \u00e9s que la classe de la cova est\u00e0 plena de bones vibracions que fan que tot surti genial!<\/p>\n<p>Recordeu que vam demanar gorres? Doncs eren per la nostra sessi\u00f3 de pisco, van anar al pati dels grans i es que all\u00e0 fa molta calor&#8230; una tarda plena de moviment i creativitat i\u00a0 fins i tot va donar temps a buscar insectes pel pati&#8230;<\/p>\n<p>La proposta m\u00e9s molona de Sant Pon\u00e7 ha estat fer l\u2019oli arom\u00e0tic de herbes, us informo que aquest oli l\u2019haureu de conservar tapat durant un parell de setmanes per tal que pugui macerar i agafi \u00a0tots els sabors de les herbes&#8230; nom\u00e9s us dic que si fa el mateix gust que la olor que va quedar a la sala estar\u00e0 bon\u00edssim!!<\/p>\n<p>Aquesta setmana hem estat a l\u2019hort mirant com est\u00e0 creixent tot&#8230; i es que cada dia descobrim una cosa nova&#8230; durant l\u2019estona del pati alguns habitants de la cova van trobar insectes i vam pensar que seria bona idea poder portar-los a la casa d\u2019insectes de l\u2019hort, all\u00e0 estaran molt contens i tindran molts amics. El nostre hort est\u00e0 espectacular, les peres ja tenen forma, les pomes comencen a sortir, els pr\u00e9ssecs estan preciosos, les cireres comencen a agafar color i fins i tot els gira-sols estan exageradament enormes!! \u00c9s una sort poder gaudir tan a prop d\u2019aquest espectacle de la natura&#8230;<\/p>\n<p>RECOMANACIONS SETMANALS:<\/p>\n<p>Pel\u00b7l\u00edcules i s\u00e8ries:<\/p>\n<ul>\n<li>NAIA \u201cPELI DEL LUNIS I DE LATOSITOS\u201d (Pel\u00b7l\u00edcula de Los Lunnis y el ratoncito P\u00e9rez\u201d<\/li>\n<li>IN\u00c9S: \u201cSERIE: GARFIL\u201d (Garfield)<\/li>\n<\/ul>\n<p>Contes:<\/p>\n<ul>\n<li>NOA RODENAS \u201cJUNA\u201d (conte a quin gust fa la lluna)<\/li>\n<li>IN\u00c9S: ISADORAMUN<\/li>\n<\/ul>\n<p>Jocs:<\/p>\n<ul>\n<li>JON: OCA<\/li>\n<li>NAIA: CUEDO (Cluedo)<\/li>\n<\/ul>\n<p>Menjar:<\/p>\n<ul>\n<li>VALENTINA: CANALONS<\/li>\n<\/ul>\n<p>&nbsp;<\/p>\n<p>Que passeu un bonic cap de setmana llarg i ens tornem a veire el dimarts!!<\/p>\n<p>SEMPRE SURT EL SOL<\/p>\n<p>VANESSA<\/p>\n<p><a href=\"https:\/\/photos.app.goo.gl\/XCoPYVAPDtQHyRYj7\" target=\"_blank\" rel=\"noopener noreferrer\"><img loading=\"lazy\" decoding=\"async\" class=\"aligncenter\" src=\"https:\/\/lh3.googleusercontent.com\/_WpwbNpuBc2AQl3mZ8LuXyru_1IVhmp1g_LNLT9L1JilhTJFovzS9TvHgDuF5gzq5wY096yw6ikG1H3XV7ighSrv3LNjqmM77rtdQ1zFNQ0gg6cxNO-JxZvdWufvYfqW4SEDn3bK6iiF2_AnJAL0fYzjBiaju9NcSo6w0BZK8NyRxjwXtZMrcXr4qqsoFF_BQnwPdT0M8vnyGZF6rI7hIaLWyHRTpMebepirSBQSA_nlY_tk__r-8HEJsOQ4h6le3jc4XCuIoeXU4bC6KQ7OBiKR3HBrcTCo_t2dYSMpWeTjC2GNltkcYOnxlSvym3KW4Jw3pG7lewrj6sb-gDGbVU6lmPrCeNuvFpBbKZcbu58uJcuUnX7cs5RpzNkQ_Q3dPT19n9SmoFx47zB-aIJXLA_UKdCElZWrh0QLs63G6Km5pcxTducuaFFs3BQvt8yIDgwZgKWnRXPAmeEteS_l9YRfd_EOb3VYTzxImBdsn5lSAzG6xf8hg0e_sxuitVZdGydNx5_9WRQ0xPC8-bLPhoX8nDLp71oFEO1WFmMLY3W1FDnZUagpWvQMcvOUSjZCn-JtPj2N-AvcavGOA_9qQrDsrMj2P7Davki6RlmJJ-jsMPHCl8joakIoIglvzwDdlG1PQpWlE7QxHahamcqxZ0DWYEbgwFYVx5tQ8FpVtjRgck8WpsDUVKGlTKJhIX_G5YZFIoSK-mBvyWqPKH0ivzhRmg=w1723-h969-no?authuser=0\" width=\"440\" height=\"248\" \/><\/a><\/p>\n<p>&nbsp;<\/p>\n<p>&nbsp;<\/p>\n<p>&nbsp;<\/p>\n<p>&nbsp;<\/p>\n","protected":false},"excerpt":{"rendered":"<p>Hola fam\u00edlies boniques de la cova!!<br \/>\nAquesta setmana ha estat la setmana especial de Sant Pon\u00e7 i hem preparat moltes propostes \u201csantponceres\u201d per jugar i aprendre una mica m\u00e9s&#8230;.<br \/>\nA la taula del mirall hem tingut un joc de les abelles on havien de relacionar cada abella&hellip;  <a href=\"https:\/\/agora.xtec.cat\/escolamediterrania\/infantil\/la-cova\/sant-ponc-2021\/\" title=\"Read SANT PON\u00c7 2021\">Llegeix m\u00e9s\u00bb<\/a><\/p>\n","protected":false},"author":20,"featured_media":0,"comment_status":"open","ping_status":"closed","sticky":false,"template":"","format":"standard","meta":{"_bbp_topic_count":0,"_bbp_reply_count":0,"_bbp_total_topic_count":0,"_bbp_total_reply_count":0,"_bbp_voice_count":0,"_bbp_anonymous_reply_count":0,"_bbp_topic_count_hidden":0,"_bbp_reply_count_hidden":0,"_bbp_forum_subforum_count":0,"footnotes":""},"categories":[8],"tags":[],"class_list":["post-8979","post","type-post","status-publish","format-standard","hentry","category-la-cova"],"post_mailing_queue_ids":[],"_links":{"self":[{"href":"https:\/\/agora.xtec.cat\/escolamediterrania\/wp-json\/wp\/v2\/posts\/8979","targetHints":{"allow":["GET"]}}],"collection":[{"href":"https:\/\/agora.xtec.cat\/escolamediterrania\/wp-json\/wp\/v2\/posts"}],"about":[{"href":"https:\/\/agora.xtec.cat\/escolamediterrania\/wp-json\/wp\/v2\/types\/post"}],"author":[{"embeddable":true,"href":"https:\/\/agora.xtec.cat\/escolamediterrania\/wp-json\/wp\/v2\/users\/20"}],"replies":[{"embeddable":true,"href":"https:\/\/agora.xtec.cat\/escolamediterrania\/wp-json\/wp\/v2\/comments?post=8979"}],"version-history":[{"count":1,"href":"https:\/\/agora.xtec.cat\/escolamediterrania\/wp-json\/wp\/v2\/posts\/8979\/revisions"}],"predecessor-version":[{"id":8984,"href":"https:\/\/agora.xtec.cat\/escolamediterrania\/wp-json\/wp\/v2\/posts\/8979\/revisions\/8984"}],"wp:attachment":[{"href":"https:\/\/agora.xtec.cat\/escolamediterrania\/wp-json\/wp\/v2\/media?parent=8979"}],"wp:term":[{"taxonomy":"category","embeddable":true,"href":"https:\/\/agora.xtec.cat\/escolamediterrania\/wp-json\/wp\/v2\/categories?post=8979"},{"taxonomy":"post_tag","embeddable":true,"href":"https:\/\/agora.xtec.cat\/escolamediterrania\/wp-json\/wp\/v2\/tags?post=8979"}],"curies":[{"name":"wp","href":"https:\/\/api.w.org\/{rel}","templated":true}]}}