{"id":8691,"date":"2021-04-16T13:28:31","date_gmt":"2021-04-16T11:28:31","guid":{"rendered":"http:\/\/agora.xtec.cat\/escolamediterrania\/?p=8691"},"modified":"2021-04-16T13:28:31","modified_gmt":"2021-04-16T11:28:31","slug":"insectes-plastilina-lletres","status":"publish","type":"post","link":"https:\/\/agora.xtec.cat\/escolamediterrania\/infantil\/la-cova\/insectes-plastilina-lletres\/","title":{"rendered":"INSECTES, PLASTILINA, LLETRES&#8230;."},"content":{"rendered":"<p>Hola holita habitants de la nostra estimada cova!!!<\/p>\n<p>Una setmana m\u00e9s de reptes i aventures, de propostes i riures, els pollitos us presentaran en els v\u00eddeos les propostes de la setmana&#8230;. quin art que tenen jajajaja&#8230;.<\/p>\n<p>A la sessi\u00f3 de pl\u00e0stica hem comen\u00e7at a parlar i a treballar Antonio Gaudi&#8230; hem apr\u00e9s un munt de coses sobre ell&#8230; La Noa Rovira ens va portar un video on surt ella dins de la Sagrada Fam\u00edlia i ens va encantar perqu\u00e8 de seguida vam poder recon\u00e8ixer l\u2019arquitecte Gaudi en la seva obra&#8230;. la Naia tamb\u00e9 a treballat de valent i ens va portar molta informaci\u00f3 en fitxes que va fer amb la seva mare&#8230; ens encanta que es mostrin tan interesant i motivats davant de tot el que anem presentat, fins i tot a l\u2019hora del pati alguns van recordar les formes DE Gaudi i van comen\u00e7ar a crear en el sorral tota una construcci\u00f3 de xemeneies&#8230; doncs b\u00e9 aquesta sessi\u00f3 l\u2019hem dedicat al drac del parc G\u00fcell&#8230; i ja podeu heu pogut veure els resultats, han quedat impressionants&#8230;.<\/p>\n<p>La psico d\u2019aquesta setmana ja estat pensada pel Mario, In\u00e9s, Noa Rodenas i Ismael&#8230; ells us explicaran molt b\u00e9 que han volgut fer i fins a on podem arribar, visca la seva imaginaci\u00f3 i creativitat!!<\/p>\n<p>El taller de nombres: hem donat molts n\u00fameros per repassar les seves grafies amb retoladors de molts colors<\/p>\n<p>Els taller de lletres: comencem a llegir paraules conegudes i a relacionar-les amb la seva imatge. Tots ens ajudem i sobretot ens animem molt, que aix\u00f2 \u00e9s molt important pels que comencen a descodificar les seves primeres paraules&#8230; han fet un gran esfor\u00e7 i estem tots molt contents de com va anar aquest taller&#8230; tant que segurament el tornarem a repetir amb paraules noves jajajajaja<\/p>\n<p>I arribar al gran moment de les recomanacions&#8230;<\/p>\n<p>JOCS:<\/p>\n<ul>\n<li>JON: PARXIS<\/li>\n<\/ul>\n<p>M\u00daSICA:<\/p>\n<ul>\n<li>MARIO: TANGANA<\/li>\n<li>JON: CAMILO<\/li>\n<\/ul>\n<p>PEL\u00b7L\u00cdCULES:<\/p>\n<ul>\n<li>ESTEL: \u201cPITER GUOMAN\u201d (Peter Woman, aix\u00f2 vaig entendre jo&#8230;. per\u00f2 encara no se que peli \u00e9s, la resta de companys deien tots que siiiii siii siiii aix\u00ed que aquest cap de setmana tinc deures jajajajaj)<\/li>\n<li>JON: \u201cDRAGONES AL RESCATE\u201d (diu que \u00e9s una s\u00e8rie)<\/li>\n<li>JON: \u201cRATONCITO PEREZ\u201d (alguns van dir r\u00e0pidament que feia por&#8230; jo no tinc ni idea, i la resta deia que nooooo nooooo&#8230;.)<\/li>\n<li>JON: \u201cRAIA\u201d (penso que vol dir Raya y el \u00faltimo dragon&#8230;)<\/li>\n<li>EROS: \u201cUFU PAN 2\u201d (Kunfu Panda 2)<\/li>\n<li>MARIO: \u201cTINTIN\u201d<\/li>\n<\/ul>\n<p>I fins aqu\u00ed la nostra setmana&#8230;. gaudiu molt del cap de setmana i no us oblideu que sempre surt el sol<\/p>\n<p>Petonets de cot\u00f3 de sucre,<\/p>\n<p>Vanessa<\/p>\n<p><a href=\"https:\/\/photos.app.goo.gl\/eMLi6MEKYTPWfxQ57\" target=\"_blank\" rel=\"noopener noreferrer\"><img loading=\"lazy\" decoding=\"async\" class=\"aligncenter\" src=\"https:\/\/lh3.googleusercontent.com\/bIY_ok6tbLvesVctjzW8xVwmwzGQdSztipUJkYSxuIWQZVxXd0MwEH8b41FyROVDg5h7tbfQH_dq8fBdpFn-ZJJET7YdtIstM5bcuR_puH2Hw0GE-Qn2jyeFKpVBUtnn5m1Xke1X6uK2QSCN52_JtjbzWdW8xM1Z-lX1V--wa7y78Ff02qpEVIIyFuNAS2bo_OHkTHHRvyijnDUB7v1zOwLW87EpeMdABEH_6FjhbARegdLyYO-T8MavKpYkhdKNL5hlYhlxgIlmQLNmUpvUg3sfTsG_C5qTqU6uCtNBhmezOiSrurudpZ39VRCRigKSVXNaYwB7Vlf-hF24dio9I1CbwjwcZNS4KydyuwE-ld5tPeKRqUnRRBm67Fi34OwqQxfDMdf-oI8btr7GC_lwQAjK6ouAGcutxz6VD1fsgTrMjA_x4Q4oBwZPHEK98-E_PUtkeSVHTCTB5zjrtW8OGgxe3ak5uECbccmpv80Pm7E1pJGg353is1nu2PAyyAW57498wgDLQiJDFsOCY3Ap92qil9M0dmMSnarfE6e7kuEMer-RbX0r6FVe-q6NiZNu6PqNQ8XxX8ERrPK8AuMUyqVtt9LOEce4lyCmPdFWx6hwyk0bJJxlqxD-_DDp9H83a85pZdq-afpzBv7l8MxSh7D0YiT3Fq4QLiBsoyZT3usRmgY4-HWfTCL6i3KVFj-YRlfVq9ljpHWuiHko781P6rrF=w1094-h615-no?authuser=0\" width=\"425\" height=\"239\" \/><\/a><\/p>\n<p>&nbsp;<\/p>\n","protected":false},"excerpt":{"rendered":"<p>Hola holita habitants de la nostra estimada cova!!!<br \/>\nUna setmana m\u00e9s de reptes i aventures, de propostes i riures, els pollitos us presentaran en els v\u00eddeos les propostes de la setmana&#8230;. quin art que tenen jajajaja&#8230;.<br \/>\nA la sessi\u00f3 de pl\u00e0stica hem comen\u00e7at a parlar i a&hellip;  <a href=\"https:\/\/agora.xtec.cat\/escolamediterrania\/infantil\/la-cova\/insectes-plastilina-lletres\/\" title=\"Read INSECTES, PLASTILINA, LLETRES&#8230;.\">Llegeix m\u00e9s\u00bb<\/a><\/p>\n","protected":false},"author":20,"featured_media":0,"comment_status":"open","ping_status":"closed","sticky":false,"template":"","format":"standard","meta":{"_bbp_topic_count":0,"_bbp_reply_count":0,"_bbp_total_topic_count":0,"_bbp_total_reply_count":0,"_bbp_voice_count":0,"_bbp_anonymous_reply_count":0,"_bbp_topic_count_hidden":0,"_bbp_reply_count_hidden":0,"_bbp_forum_subforum_count":0,"footnotes":""},"categories":[8],"tags":[],"class_list":["post-8691","post","type-post","status-publish","format-standard","hentry","category-la-cova"],"post_mailing_queue_ids":[],"_links":{"self":[{"href":"https:\/\/agora.xtec.cat\/escolamediterrania\/wp-json\/wp\/v2\/posts\/8691","targetHints":{"allow":["GET"]}}],"collection":[{"href":"https:\/\/agora.xtec.cat\/escolamediterrania\/wp-json\/wp\/v2\/posts"}],"about":[{"href":"https:\/\/agora.xtec.cat\/escolamediterrania\/wp-json\/wp\/v2\/types\/post"}],"author":[{"embeddable":true,"href":"https:\/\/agora.xtec.cat\/escolamediterrania\/wp-json\/wp\/v2\/users\/20"}],"replies":[{"embeddable":true,"href":"https:\/\/agora.xtec.cat\/escolamediterrania\/wp-json\/wp\/v2\/comments?post=8691"}],"version-history":[{"count":1,"href":"https:\/\/agora.xtec.cat\/escolamediterrania\/wp-json\/wp\/v2\/posts\/8691\/revisions"}],"predecessor-version":[{"id":8692,"href":"https:\/\/agora.xtec.cat\/escolamediterrania\/wp-json\/wp\/v2\/posts\/8691\/revisions\/8692"}],"wp:attachment":[{"href":"https:\/\/agora.xtec.cat\/escolamediterrania\/wp-json\/wp\/v2\/media?parent=8691"}],"wp:term":[{"taxonomy":"category","embeddable":true,"href":"https:\/\/agora.xtec.cat\/escolamediterrania\/wp-json\/wp\/v2\/categories?post=8691"},{"taxonomy":"post_tag","embeddable":true,"href":"https:\/\/agora.xtec.cat\/escolamediterrania\/wp-json\/wp\/v2\/tags?post=8691"}],"curies":[{"name":"wp","href":"https:\/\/api.w.org\/{rel}","templated":true}]}}