{"id":8598,"date":"2021-04-05T18:42:16","date_gmt":"2021-04-05T16:42:16","guid":{"rendered":"http:\/\/agora.xtec.cat\/escolamediterrania\/?p=8598"},"modified":"2021-04-05T18:42:16","modified_gmt":"2021-04-05T16:42:16","slug":"la-tarda-del-conte-de-laran","status":"publish","type":"post","link":"https:\/\/agora.xtec.cat\/escolamediterrania\/infantil\/p3\/la-tarda-del-conte-de-laran\/","title":{"rendered":"La tarda del conte de l&#8217;Aran"},"content":{"rendered":"<p>Hola!<\/p>\n<p>Aqu\u00ed teniu les fotos del conte que ens va preparar la fam\u00edlia de l&#8217;Aran, que va ser El cass\u00f3 d&#8217;en Gerard, moltes gr\u00e0cies!<\/p>\n<p><a href=\"https:\/\/photos.app.goo.gl\/ZpLMuHdHvQjocSok8\" target=\"_blank\" rel=\"noopener noreferrer\"><img decoding=\"async\" class=\"aligncenter\" src=\"https:\/\/www.editorialjuventud.es\/wp-content\/uploads\/2018\/08\/3782.jpg\" alt=\"El cass\u00f3 del Gerard - Editorial Juventud\" \/><\/a><\/p>\n","protected":false},"excerpt":{"rendered":"<p>Hola!<br \/>\nAqu\u00ed teniu les fotos del conte que ens va preparar la fam\u00edlia de l&#8217;Aran, que va ser El cass\u00f3 d&#8217;en Gerard, moltes gr\u00e0cies!<br \/>\n<a href=\"https:\/\/photos.app.goo.gl\/ZpLMuHdHvQjocSok8\" target=\"_blank\" rel=\"noopener noreferrer\"><\/a><\/p>\n","protected":false},"author":15,"featured_media":0,"comment_status":"open","ping_status":"closed","sticky":false,"template":"","format":"standard","meta":{"_bbp_topic_count":0,"_bbp_reply_count":0,"_bbp_total_topic_count":0,"_bbp_total_reply_count":0,"_bbp_voice_count":0,"_bbp_anonymous_reply_count":0,"_bbp_topic_count_hidden":0,"_bbp_reply_count_hidden":0,"_bbp_forum_subforum_count":0,"footnotes":""},"categories":[3],"tags":[],"class_list":["post-8598","post","type-post","status-publish","format-standard","hentry","category-p3"],"post_mailing_queue_ids":[],"_links":{"self":[{"href":"https:\/\/agora.xtec.cat\/escolamediterrania\/wp-json\/wp\/v2\/posts\/8598","targetHints":{"allow":["GET"]}}],"collection":[{"href":"https:\/\/agora.xtec.cat\/escolamediterrania\/wp-json\/wp\/v2\/posts"}],"about":[{"href":"https:\/\/agora.xtec.cat\/escolamediterrania\/wp-json\/wp\/v2\/types\/post"}],"author":[{"embeddable":true,"href":"https:\/\/agora.xtec.cat\/escolamediterrania\/wp-json\/wp\/v2\/users\/15"}],"replies":[{"embeddable":true,"href":"https:\/\/agora.xtec.cat\/escolamediterrania\/wp-json\/wp\/v2\/comments?post=8598"}],"version-history":[{"count":1,"href":"https:\/\/agora.xtec.cat\/escolamediterrania\/wp-json\/wp\/v2\/posts\/8598\/revisions"}],"predecessor-version":[{"id":8599,"href":"https:\/\/agora.xtec.cat\/escolamediterrania\/wp-json\/wp\/v2\/posts\/8598\/revisions\/8599"}],"wp:attachment":[{"href":"https:\/\/agora.xtec.cat\/escolamediterrania\/wp-json\/wp\/v2\/media?parent=8598"}],"wp:term":[{"taxonomy":"category","embeddable":true,"href":"https:\/\/agora.xtec.cat\/escolamediterrania\/wp-json\/wp\/v2\/categories?post=8598"},{"taxonomy":"post_tag","embeddable":true,"href":"https:\/\/agora.xtec.cat\/escolamediterrania\/wp-json\/wp\/v2\/tags?post=8598"}],"curies":[{"name":"wp","href":"https:\/\/api.w.org\/{rel}","templated":true}]}}