{"id":8594,"date":"2021-04-05T18:25:16","date_gmt":"2021-04-05T16:25:16","guid":{"rendered":"http:\/\/agora.xtec.cat\/escolamediterrania\/?p=8594"},"modified":"2021-04-05T18:25:16","modified_gmt":"2021-04-05T16:25:16","slug":"acabem-marc-amb-la-mona","status":"publish","type":"post","link":"https:\/\/agora.xtec.cat\/escolamediterrania\/infantil\/p3\/acabem-marc-amb-la-mona\/","title":{"rendered":"Acabem mar\u00e7 amb la mona!"},"content":{"rendered":"<p>Hola fam\u00edlies del petit tipi!<\/p>\n<p>Us deixo les fotos de l&#8217;\u00faltima setmana de mar\u00e7, on vam fer una mona, ja que s&#8217;apropava el dia de Pasqua!<\/p>\n<p>Les propostes d&#8217;aquella setmana, a m\u00e9s a m\u00e9s de fer la mona, van ser decorar un dibuix d&#8217;un ou de Pasqua, vam jugar amb els n\u00fameros i amb unes targetes on els infants havien de relacionar la quantitat amb la grafia, van dibuixar lliurement en les pissarretes i els retoladors, van jugar amb cotxes i\u00a0 carreteres i amb els &#8220;potatos&#8221;, i tamb\u00e9 van poder deixar petjada en un paper d&#8217;embalar amb els retoladors, dibuixant amb tem\u00e0tica &#8220;la primavera&#8221;, on continuarem decorant despr\u00e9s de les vacances!<\/p>\n<p>Espero que hagueu desconnectat una mica de la rutina del dia a dia i gaudit dels petits de la sala del petit tipi, ens veiem dem\u00e0 per comen\u00e7ar l&#8217;\u00faltim trimestre d&#8217;aquest curs, plens d&#8217;energia i de ganes de gaudir de cada moment!!<\/p>\n<p>&nbsp;<\/p>\n<p><a href=\"https:\/\/photos.app.goo.gl\/aFLZajc97hR8vXHP6\" target=\"_blank\" rel=\"noopener noreferrer\"><img loading=\"lazy\" decoding=\"async\" class=\"aligncenter\" src=\"https:\/\/lh3.googleusercontent.com\/91VTl4L-05lxTGpYVpDNg5ED4Qj62ZHtz72SHtYyOMEKViNpbwBogpahEG8Vr5lmp89fIZm4ZznUXO_jI5k8z7TInBd5MhI3wqaRrwNNngyPZ7yCzlCf8Ss8vL3K32FVoz7zyuF_WxlpQQEmR4pijm0CKk7Yd74TnMUIt2pkRofGn4RspOVSMDYPTQjntGecJVg0KXrL9-jJTQp6j53TOkEchFj2NT-eZ4FR3LW6olJwhHZ_fOSfxwUGbZnQiS5e0MRBlZeHd3igLAC7TylNFUvPJBnJWD49fF--zIkw-eQp8DQSzXyftdw6V6VtlhFyyE7QiDdIwA8KT4ppfotcLAUJGstl7u8pg77LDNu3TiBRrZ4zCTlirX9yXem3CuCQ6kbcsDIwoWFba5NBJEcwnI3TFG7PBFgfH4HLhuO21tZ2A4K1WtYabSGiujVTz9UZKrXSRqHCopju2JhN2cDNevGYPTXZ0k9EymvIsUEEILEmFOZlrUDEvNwHVac5iq83N-dkTXiknePIBQtM2ah5MEy9s7zWi2dHX02KPL8k5aUT46DqfnB2y-VKgfi-aXVr6D73OtI-hmB2Mjt8MavHD7LWNUVX3dLvQq9kIPNHzbuYvrcmquZIJr0qnzdsWkOOXBErQrEyCtThcDqu4j2U_-iukSQYBrxLHE903RZ6w9NgRtlK_orz42YHKPhUk27suVGD13f7qMaLtEzmTt1Al4ER=w651-h867-no?authuser=0\" width=\"434\" height=\"579\" \/><\/a><\/p>\n","protected":false},"excerpt":{"rendered":"<p>Hola fam\u00edlies del petit tipi!<br \/>\nUs deixo les fotos de l&#8217;\u00faltima setmana de mar\u00e7, on vam fer una mona, ja que s&#8217;apropava el dia de Pasqua!<br \/>\nLes propostes d&#8217;aquella setmana, a m\u00e9s a m\u00e9s de fer la mona, van ser decorar un dibuix d&#8217;un ou de Pasqua,&hellip;  <a href=\"https:\/\/agora.xtec.cat\/escolamediterrania\/infantil\/p3\/acabem-marc-amb-la-mona\/\" title=\"Read Acabem mar\u00e7 amb la mona!\">Llegeix m\u00e9s\u00bb<\/a><\/p>\n","protected":false},"author":15,"featured_media":0,"comment_status":"open","ping_status":"closed","sticky":false,"template":"","format":"standard","meta":{"_bbp_topic_count":0,"_bbp_reply_count":0,"_bbp_total_topic_count":0,"_bbp_total_reply_count":0,"_bbp_voice_count":0,"_bbp_anonymous_reply_count":0,"_bbp_topic_count_hidden":0,"_bbp_reply_count_hidden":0,"_bbp_forum_subforum_count":0,"footnotes":""},"categories":[3],"tags":[],"class_list":["post-8594","post","type-post","status-publish","format-standard","hentry","category-p3"],"post_mailing_queue_ids":[],"_links":{"self":[{"href":"https:\/\/agora.xtec.cat\/escolamediterrania\/wp-json\/wp\/v2\/posts\/8594","targetHints":{"allow":["GET"]}}],"collection":[{"href":"https:\/\/agora.xtec.cat\/escolamediterrania\/wp-json\/wp\/v2\/posts"}],"about":[{"href":"https:\/\/agora.xtec.cat\/escolamediterrania\/wp-json\/wp\/v2\/types\/post"}],"author":[{"embeddable":true,"href":"https:\/\/agora.xtec.cat\/escolamediterrania\/wp-json\/wp\/v2\/users\/15"}],"replies":[{"embeddable":true,"href":"https:\/\/agora.xtec.cat\/escolamediterrania\/wp-json\/wp\/v2\/comments?post=8594"}],"version-history":[{"count":1,"href":"https:\/\/agora.xtec.cat\/escolamediterrania\/wp-json\/wp\/v2\/posts\/8594\/revisions"}],"predecessor-version":[{"id":8595,"href":"https:\/\/agora.xtec.cat\/escolamediterrania\/wp-json\/wp\/v2\/posts\/8594\/revisions\/8595"}],"wp:attachment":[{"href":"https:\/\/agora.xtec.cat\/escolamediterrania\/wp-json\/wp\/v2\/media?parent=8594"}],"wp:term":[{"taxonomy":"category","embeddable":true,"href":"https:\/\/agora.xtec.cat\/escolamediterrania\/wp-json\/wp\/v2\/categories?post=8594"},{"taxonomy":"post_tag","embeddable":true,"href":"https:\/\/agora.xtec.cat\/escolamediterrania\/wp-json\/wp\/v2\/tags?post=8594"}],"curies":[{"name":"wp","href":"https:\/\/api.w.org\/{rel}","templated":true}]}}