{"id":8526,"date":"2021-03-14T19:55:41","date_gmt":"2021-03-14T18:55:41","guid":{"rendered":"http:\/\/agora.xtec.cat\/escolamediterrania\/?p=8526"},"modified":"2021-03-14T19:55:41","modified_gmt":"2021-03-14T18:55:41","slug":"segona-setmana-de-marc","status":"publish","type":"post","link":"https:\/\/agora.xtec.cat\/escolamediterrania\/infantil\/p3\/segona-setmana-de-marc\/","title":{"rendered":"Segona setmana de Mar\u00e7"},"content":{"rendered":"<p>Hola fam\u00edlies!<\/p>\n<p>Aquesta setmana hem obert una carbassa per veure-la per dins i l&#8217;hem tret les llavors amb pinces , tamb\u00e9 l&#8217;hem pogut observar amb lupes, aix\u00ed com les pinyes. Tamb\u00e9 ten\u00edem moniatos i els hem tallat per estampar-los amb pintura, els nens i nenes del petit tipi han estampat i arrossegat els moniatos per fer les seves produccions.<\/p>\n<p>A la taula de transvasaments hem posat farina i espirals amb diferents estris, han omplert, buidat, passat d&#8217;un recipient a un altre, han utilitzat el colador&#8230; un munt d&#8217;activitats que els proporcionen viv\u00e8ncies acompanyades d&#8217;aprenentatges!<\/p>\n<p>Hem ofert la taula de llum per gaudir-la en un raconet m\u00e9s fosc, on els infants han pogut manipular diferents materials, ordenar-los, comptar-los, agrupar-los&#8230;<\/p>\n<p>Una altra proposta ha estat fer grafismes en safates amb pedretes de color lila, hem posat alguns n\u00fameros de refer\u00e8ncia perqu\u00e8 intentessin provar la seva grafia, per\u00f2 han sorgit diferents interessos com fer lletres, dibuixos, incl\u00fas deixar caure les pedretes entre els dits!<\/p>\n<p>Tamb\u00e9 tenien al seu abast construccions de diferents tipus on poder deixar volar la imaginaci\u00f3, aix\u00ed com poder fer joc simb\u00f2lic. Un munt d&#8217;activitats divertides per aprendre jugant, quina sort, oi? Mireu les fotos i gaudiu!<\/p>\n<p><a href=\"https:\/\/photos.app.goo.gl\/m5dF81JYhoJMK9VZ7\" target=\"_blank\" rel=\"noopener noreferrer\"><img loading=\"lazy\" decoding=\"async\" class=\"aligncenter\" src=\"https:\/\/lh3.googleusercontent.com\/21kEx0yE9kDl2nHvxPZsGSDHVVrK4v_bx6yltCyFgR8MyvnLhSvtSyGYYTQL_8PRJOmsPicFfU1lX7BwUWBbqQfcMHAAUDkGvr7PL2sw5I4iEKVm3VMMqZlPwGPs_bVTzIwF0uq5rArB4ZxU_wYt3J_-1ltrsgRZTK1iDJRjhPbcLX5DIaOJKkb2gUSPq58tJAorzBUYPQiJI2Eh-9qcq2neZays83wquvEoKzjZaBx6R76Z-JmUCW1D03NKz7xt0h7tuXfPdBV8mfBDnJNu1aQHkKkWIai-KBBcgcAaZKW5TIpM5yqTzuLI9JMmdovBLp1aHz4xpqGDmKMNkcQ5NLvE9qPhTj0UVDJQrkvhMIuN0mN0cm1th-zyAi7ELTuLXxoTK5BmqnbHV8Da6b7a2BE8s25tsugGp1uik4WH1N8f2k_qmLwjZ524olOpMWPGRn4IqIipwoQi64Yrpc8QSO7Q4vPC_K0-lR6tmFQYNjkvKx-sP5mlTHus3AUIjy2r8Rk6E_3jyLGIpVq_YJdWomrJL_Blb--jkaJ4IlnR6EkAyL5ZuOFt3YRilgLbOJCyoh6pPdbBch9VRzE0NJ8u2z1vcRPF-odZq6K_V1iq8DYFHdbuoktyZYHjwJ96xsPYbv9b82ULbMZJVo-lToZ1i_ja9_j25813UQbxOtTfkuz-XiNxacMbN10QzEsKbxLCldRiOBi-XHpDx_3_weOgVfgx=w1295-h867-no?authuser=0\" width=\"575\" height=\"385\" \/><\/a><\/p>\n","protected":false},"excerpt":{"rendered":"<p>Hola fam\u00edlies!<br \/>\nAquesta setmana hem obert una carbassa per veure-la per dins i l&#8217;hem tret les llavors amb pinces , tamb\u00e9 l&#8217;hem pogut observar amb lupes, aix\u00ed com les pinyes. Tamb\u00e9 ten\u00edem moniatos i els hem tallat per estampar-los amb pintura, els nens i nenes del&hellip;  <a href=\"https:\/\/agora.xtec.cat\/escolamediterrania\/infantil\/p3\/segona-setmana-de-marc\/\" title=\"Read Segona setmana de Mar\u00e7\">Llegeix m\u00e9s\u00bb<\/a><\/p>\n","protected":false},"author":15,"featured_media":0,"comment_status":"open","ping_status":"closed","sticky":false,"template":"","format":"standard","meta":{"_bbp_topic_count":0,"_bbp_reply_count":0,"_bbp_total_topic_count":0,"_bbp_total_reply_count":0,"_bbp_voice_count":0,"_bbp_anonymous_reply_count":0,"_bbp_topic_count_hidden":0,"_bbp_reply_count_hidden":0,"_bbp_forum_subforum_count":0,"footnotes":""},"categories":[3],"tags":[],"class_list":["post-8526","post","type-post","status-publish","format-standard","hentry","category-p3"],"post_mailing_queue_ids":[],"_links":{"self":[{"href":"https:\/\/agora.xtec.cat\/escolamediterrania\/wp-json\/wp\/v2\/posts\/8526","targetHints":{"allow":["GET"]}}],"collection":[{"href":"https:\/\/agora.xtec.cat\/escolamediterrania\/wp-json\/wp\/v2\/posts"}],"about":[{"href":"https:\/\/agora.xtec.cat\/escolamediterrania\/wp-json\/wp\/v2\/types\/post"}],"author":[{"embeddable":true,"href":"https:\/\/agora.xtec.cat\/escolamediterrania\/wp-json\/wp\/v2\/users\/15"}],"replies":[{"embeddable":true,"href":"https:\/\/agora.xtec.cat\/escolamediterrania\/wp-json\/wp\/v2\/comments?post=8526"}],"version-history":[{"count":1,"href":"https:\/\/agora.xtec.cat\/escolamediterrania\/wp-json\/wp\/v2\/posts\/8526\/revisions"}],"predecessor-version":[{"id":8527,"href":"https:\/\/agora.xtec.cat\/escolamediterrania\/wp-json\/wp\/v2\/posts\/8526\/revisions\/8527"}],"wp:attachment":[{"href":"https:\/\/agora.xtec.cat\/escolamediterrania\/wp-json\/wp\/v2\/media?parent=8526"}],"wp:term":[{"taxonomy":"category","embeddable":true,"href":"https:\/\/agora.xtec.cat\/escolamediterrania\/wp-json\/wp\/v2\/categories?post=8526"},{"taxonomy":"post_tag","embeddable":true,"href":"https:\/\/agora.xtec.cat\/escolamediterrania\/wp-json\/wp\/v2\/tags?post=8526"}],"curies":[{"name":"wp","href":"https:\/\/api.w.org\/{rel}","templated":true}]}}