{"id":8406,"date":"2021-02-23T15:52:11","date_gmt":"2021-02-23T14:52:11","guid":{"rendered":"http:\/\/agora.xtec.cat\/escolamediterrania\/?p=8406"},"modified":"2021-02-23T15:52:11","modified_gmt":"2021-02-23T14:52:11","slug":"la-tarda-del-conte-del-yeray","status":"publish","type":"post","link":"https:\/\/agora.xtec.cat\/escolamediterrania\/infantil\/p3\/la-tarda-del-conte-del-yeray\/","title":{"rendered":"La tarda del conte del Yeray"},"content":{"rendered":"<p>Hola fam\u00edlies!<\/p>\n<p>Ahir vam fer la tarda del conte del Yeray. Ell i la seva fam\u00edlia ens van explicar el conte &#8220;El le\u00f3n y el rat\u00f3n&#8221;. Moltes gr\u00e0cies papa, mama i Yeray!<\/p>\n<p><a href=\"https:\/\/photos.app.goo.gl\/QapSdLYQqWVGsMht6\" target=\"_blank\" rel=\"noopener noreferrer\"><img loading=\"lazy\" decoding=\"async\" class=\"aligncenter\" src=\"https:\/\/www.mundoprimaria.com\/wp-content\/uploads\/2020\/07\/cuento-leon-raton.jpg\" alt=\"El le\u00f3n y el rat\u00f3n - Mundo Primaria\" width=\"455\" height=\"197\" \/><\/a><\/p>\n","protected":false},"excerpt":{"rendered":"<p>Hola fam\u00edlies!<br \/>\nAhir vam fer la tarda del conte del Yeray. Ell i la seva fam\u00edlia ens van explicar el conte &#8220;El le\u00f3n y el rat\u00f3n&#8221;. Moltes gr\u00e0cies papa, mama i Yeray!<br \/>\n<a href=\"https:\/\/photos.app.goo.gl\/QapSdLYQqWVGsMht6\" target=\"_blank\" rel=\"noopener noreferrer\"><\/a><\/p>\n","protected":false},"author":15,"featured_media":0,"comment_status":"open","ping_status":"closed","sticky":false,"template":"","format":"standard","meta":{"_bbp_topic_count":0,"_bbp_reply_count":0,"_bbp_total_topic_count":0,"_bbp_total_reply_count":0,"_bbp_voice_count":0,"_bbp_anonymous_reply_count":0,"_bbp_topic_count_hidden":0,"_bbp_reply_count_hidden":0,"_bbp_forum_subforum_count":0,"footnotes":""},"categories":[3],"tags":[],"class_list":["post-8406","post","type-post","status-publish","format-standard","hentry","category-p3"],"post_mailing_queue_ids":[],"_links":{"self":[{"href":"https:\/\/agora.xtec.cat\/escolamediterrania\/wp-json\/wp\/v2\/posts\/8406","targetHints":{"allow":["GET"]}}],"collection":[{"href":"https:\/\/agora.xtec.cat\/escolamediterrania\/wp-json\/wp\/v2\/posts"}],"about":[{"href":"https:\/\/agora.xtec.cat\/escolamediterrania\/wp-json\/wp\/v2\/types\/post"}],"author":[{"embeddable":true,"href":"https:\/\/agora.xtec.cat\/escolamediterrania\/wp-json\/wp\/v2\/users\/15"}],"replies":[{"embeddable":true,"href":"https:\/\/agora.xtec.cat\/escolamediterrania\/wp-json\/wp\/v2\/comments?post=8406"}],"version-history":[{"count":1,"href":"https:\/\/agora.xtec.cat\/escolamediterrania\/wp-json\/wp\/v2\/posts\/8406\/revisions"}],"predecessor-version":[{"id":8407,"href":"https:\/\/agora.xtec.cat\/escolamediterrania\/wp-json\/wp\/v2\/posts\/8406\/revisions\/8407"}],"wp:attachment":[{"href":"https:\/\/agora.xtec.cat\/escolamediterrania\/wp-json\/wp\/v2\/media?parent=8406"}],"wp:term":[{"taxonomy":"category","embeddable":true,"href":"https:\/\/agora.xtec.cat\/escolamediterrania\/wp-json\/wp\/v2\/categories?post=8406"},{"taxonomy":"post_tag","embeddable":true,"href":"https:\/\/agora.xtec.cat\/escolamediterrania\/wp-json\/wp\/v2\/tags?post=8406"}],"curies":[{"name":"wp","href":"https:\/\/api.w.org\/{rel}","templated":true}]}}