{"id":8378,"date":"2021-02-20T20:24:52","date_gmt":"2021-02-20T19:24:52","guid":{"rendered":"http:\/\/agora.xtec.cat\/escolamediterrania\/?p=8378"},"modified":"2021-02-20T20:24:52","modified_gmt":"2021-02-20T19:24:52","slug":"mes-propostes-3","status":"publish","type":"post","link":"https:\/\/agora.xtec.cat\/escolamediterrania\/infantil\/la-caseta-de-larbre-infantil\/mes-propostes-3\/","title":{"rendered":"M\u00c9S PROPOSTES!"},"content":{"rendered":"<p>Benvingudes fam\u00edlies una setmana m\u00e9s a la Caseta de l\u2019arbre, plena d\u2019activitats i de bons moments. Tot i que aquesta setmana ha sigut una miqueta m\u00e9s curta, hem treballat moltes coses i ens ho hem passat genial! Per comen\u00e7ar, el dimarts va tornar a venir a l\u2019escola la nostra companya Tha\u00efs, feia molt de temps que no la veiem i ens ha fet molta il\u00b7lusi\u00f3 que puguem compartir moltes estones amb ella!<\/p>\n<p>Aquesta setmana, a la proposta de natura hem estat treballant amb uns imants i diferents materials per veure quins eren magn\u00e8tics i quins no. Hem provat materials com una forquilla de metall, una cullera de metall, una altra cullera de pl\u00e0stic, un got de pl\u00e0stic, un tros de fusta&#8230;i coses que an\u00e0vem trobant a la classe com retolador o algun element del nostre mercat.<\/p>\n<p>A art hem estat pintant amb aquarel\u00b7les i, encara que al primer trimestre tamb\u00e9 les vam utilitzar, es nota un gran canvi, ja que en els dibuixos expliquen alguna cosa que en aquell moment els hi motiva o que volen expressar. Han quedat molt bonics i ple de colors!!<\/p>\n<p>A la taula de motricitat fina hem fet polseres amb el nostre nom! Tot i tenir algun petit problema amb la corda perqu\u00e8 es desfeia el nus i alguna lletra que la vam modificar per fer la nostra, tots ens vam poder emportar la polsera.<\/p>\n<p>En la taula de mates ten\u00edem moltes peces de diferents colors i hav\u00edem de plasmar el que hi havia a diferents targetes, encara que alguns han sigut molt creatius i han fet de noves. La veritat que algunes targetes els hi semblava una mica dif\u00edcil, per\u00f2 quan hi posem moltes ganes i ho anem intentant&#8230;acaben sortint creacions molt boniques.<\/p>\n<p>A la proposta de lecto ten\u00edem targetes amb diferents dibuixos i hav\u00edem de posar al costat la paraula correcta. Com van avan\u00e7ant en el m\u00f3n de les lletres, ells sols troben la paraula, per\u00f2 el que \u00e9s millor de tot \u00e9s veure\u2019ls la cara quan s\u2019asseguren que ho han fet perfecte.<\/p>\n<p>A construccions hem tornat a jugar amb els pallassos acr\u00f2bates, a vegades seguint l\u2019ordre de les pautes i a vegades deixant lliure la nostra imaginaci\u00f3. Gaudeixen molt en aquestes propostes que ells poden crear a la seva manera i veure un resultat final.<\/p>\n<p>Al taller de lletres havien de buscar entre moltes lletres magn\u00e8tiques una qualsevol, fer ells la grafia i intentar escriure alguna paraula que port\u00e9s aquesta lletra. Alguns han escrit el nom d&#8217;algun company de la classe, per\u00f2 d&#8217;altres han buscat alguna paraula m\u00e9s complicada.<\/p>\n<p>A psico hem jugat amb els coixins, els aros i les teles. Alguns han constru\u00eft una casa amb una sof\u00e0s on poder descansar, uns altres un castell on a dins vivien unes princeses, altres han constru\u00eft torres molt altes&#8230; S\u2019ho passen genial en aquestes estones!<\/p>\n<p>A pl\u00e0stica, aquesta setmana ens hem tornat a convertir en mini Yayoi Kusama per tornar a fer art com el que feia ella. Hem folrat dues taules i cadires de la classe i les hem guarnit amb molt\u00edssims gomets rodons, ja que la Yayoi Kusama tenia molt present els cercles en les seves obres. Com diuen els nens i nenes, hem fet obres d\u2019art a la nostra classe.<\/p>\n<p>Espero que gaudiu de les fotos i els v\u00eddeos i del que queda de cap de setmana. Fins dilluns fam\u00edlies!!!!<\/p>\n<p>&nbsp;<\/p>\n<p><a href=\"https:\/\/photos.app.goo.gl\/QqZqZd1jgM3Q9RNv5\" target=\"_blank\" rel=\"noopener noreferrer\"><img loading=\"lazy\" decoding=\"async\" class=\"aligncenter\" src=\"https:\/\/lh3.googleusercontent.com\/udiCzJckJst9mqbRbQ5FZj32jS1N3wcT-5qKBpIkLmDIToue6im_cidNXQr8hYoYhi-BebDTFrk3lbJgpd7IDmdGDi-mlmN-Bzam2qW-a80Gb171xYPXBf3Vju_7MLZeavm_OcjAjiBWuDzGAIKsTh7ZusbZP2hzaHGMLMWitLrYom1vF2GJlxug-IS4Hj5AwuMSH8tKZogS3JEvDtrNnOgVtYjDFxfTLPeEAu25PAQNBaxJqXBJzTs_z5dnJcK7alsibBO4Ro4q9zhkSz1FaU8ZxQ0cHYdVE04gPVQFlhJlBHkH6_mw93qfHc-0NvRN7bTUH3K6dQA_XDeoNxe06AcPrDmuuC_FUqJ6ovQliPclGg5BkfbUxFHU_AInksyXbSLIFlHv1Rn4crPaZ_oIUuUhtRdCrpB70NEbBB5dL_aa51glLJN0jmFuWNrz2dm6sh9_83tQt4QT9h_Ak75egJ1ElEisxTV1R8OLtiMNVDvyf29Y1paXEpBEUBtbtWKbnZqjM4W13Uc39rvUfJqOjaNcM7_uNJ9Zf5-o4OCCvCl3dabt5plTqdAaROdAryBGnwvCXV-GKo1f8mnUCc3xobRT6swqPLUckYpuR1x33qnoEcjlN9ol5C0bFHNy8CcclnNbBBDb6VD1OI_guuJpWZg1rfs2LhD8kleUpNlpzhcq_0hDcQUWF2xt4JJF8Q=w2140-h1604-no?authuser=0\" width=\"362\" height=\"272\" \/><\/a><\/p>\n","protected":false},"excerpt":{"rendered":"<p>Benvingudes fam\u00edlies una setmana m\u00e9s a la Caseta de l\u2019arbre, plena d\u2019activitats i de bons moments. Tot i que aquesta setmana ha sigut una miqueta m\u00e9s curta, hem treballat moltes coses i ens ho hem passat genial! Per comen\u00e7ar, el dimarts va tornar a venir&hellip;  <a href=\"https:\/\/agora.xtec.cat\/escolamediterrania\/infantil\/la-caseta-de-larbre-infantil\/mes-propostes-3\/\" title=\"Read M\u00c9S PROPOSTES!\">Llegeix m\u00e9s\u00bb<\/a><\/p>\n","protected":false},"author":1,"featured_media":0,"comment_status":"open","ping_status":"closed","sticky":false,"template":"","format":"standard","meta":{"_bbp_topic_count":0,"_bbp_reply_count":0,"_bbp_total_topic_count":0,"_bbp_total_reply_count":0,"_bbp_voice_count":0,"_bbp_anonymous_reply_count":0,"_bbp_topic_count_hidden":0,"_bbp_reply_count_hidden":0,"_bbp_forum_subforum_count":0,"footnotes":""},"categories":[9],"tags":[],"class_list":["post-8378","post","type-post","status-publish","format-standard","hentry","category-la-caseta-de-larbre-infantil"],"post_mailing_queue_ids":[],"_links":{"self":[{"href":"https:\/\/agora.xtec.cat\/escolamediterrania\/wp-json\/wp\/v2\/posts\/8378","targetHints":{"allow":["GET"]}}],"collection":[{"href":"https:\/\/agora.xtec.cat\/escolamediterrania\/wp-json\/wp\/v2\/posts"}],"about":[{"href":"https:\/\/agora.xtec.cat\/escolamediterrania\/wp-json\/wp\/v2\/types\/post"}],"author":[{"embeddable":true,"href":"https:\/\/agora.xtec.cat\/escolamediterrania\/wp-json\/wp\/v2\/users\/1"}],"replies":[{"embeddable":true,"href":"https:\/\/agora.xtec.cat\/escolamediterrania\/wp-json\/wp\/v2\/comments?post=8378"}],"version-history":[{"count":1,"href":"https:\/\/agora.xtec.cat\/escolamediterrania\/wp-json\/wp\/v2\/posts\/8378\/revisions"}],"predecessor-version":[{"id":8379,"href":"https:\/\/agora.xtec.cat\/escolamediterrania\/wp-json\/wp\/v2\/posts\/8378\/revisions\/8379"}],"wp:attachment":[{"href":"https:\/\/agora.xtec.cat\/escolamediterrania\/wp-json\/wp\/v2\/media?parent=8378"}],"wp:term":[{"taxonomy":"category","embeddable":true,"href":"https:\/\/agora.xtec.cat\/escolamediterrania\/wp-json\/wp\/v2\/categories?post=8378"},{"taxonomy":"post_tag","embeddable":true,"href":"https:\/\/agora.xtec.cat\/escolamediterrania\/wp-json\/wp\/v2\/tags?post=8378"}],"curies":[{"name":"wp","href":"https:\/\/api.w.org\/{rel}","templated":true}]}}