{"id":8366,"date":"2021-02-18T13:20:43","date_gmt":"2021-02-18T12:20:43","guid":{"rendered":"http:\/\/agora.xtec.cat\/escolamediterrania\/?p=8366"},"modified":"2021-02-18T13:20:43","modified_gmt":"2021-02-18T12:20:43","slug":"expert-ismael","status":"publish","type":"post","link":"https:\/\/agora.xtec.cat\/escolamediterrania\/infantil\/la-cova\/expert-ismael\/","title":{"rendered":"EXPERT ISMAEL"},"content":{"rendered":"<p>Hola habitants de la Cova<\/p>\n<p>Aquesta setmana l&#8217;Ismael i la seva mare Irene, han fet d&#8217;experts en CONTES.<\/p>\n<p>Hem passat un tarda plena d&#8217;aventures buscant la corona del rei&#8230; una gran hist\u00f2ria que ens ha fet viatjar a un m\u00f3n ple d&#8217;animals fant\u00e0stics i moltes aventures divertides fins arribar a aconseguir&#8230; ummm fins aqu\u00ed podem explicar&#8230;<\/p>\n<p>Esperem que gaudiu tant com ho hem fet nosaltres.<\/p>\n<p>Gr\u00e0cies fam\u00edlia per aquesta bonica tarda&#8230;.<\/p>\n<p><a href=\"https:\/\/photos.app.goo.gl\/SRScMrRmKqsXB5TS9\" target=\"_blank\" rel=\"noopener noreferrer\"><img loading=\"lazy\" decoding=\"async\" class=\"aligncenter\" src=\"https:\/\/lh3.googleusercontent.com\/970H479b1oqMlSHovY0ZLqsUEjl9h_wSzz-gjsJPwRUIvB50BUeAHyn3whRJSMCqUXtTYi6ujhNc__Elvp1C2yWwPK0ZqO_uCEwm76RiisehL9v2oqbUd1aL1QLh9z5WyaOS2rUV1Jh7z0Fy8iqvCKejEgkkSQdwAO7WvW2DZEOJFqfENtldLyaPoCViZrNkmHStCtu21X2wdETNE7VUA5f-Hv7f_GSpEVxmUAgrQk4emJz5E_E2HgDtXfVUVDTjLysyi8Cf550wedat8OsudRxtSgQugWCJSUFVpR8z_gD_uGNjiXnateSil-anUo1TGhd51gMrlxG-yDuUxOiyj8lh13svAf2np3HpaUX-cDQ8Nks4ONo4Gf6VKQ8qYyFaNm6d7gXcLs8YTfUrd1mEsxHNzm3WV1nAQoZ_CZ7CeLEPBXHg-mr9JuM2_0wd3nnYzhKxclDgBz1arJVmnpDfj8xI2VnwYMoglRiK4asgFE8rvJaZW_70KeuQyDD_golY4-tzj---IVuFfAWHVcBrXgv29IBtB__TYdZab15fxN7dyKiezuPpVvA_-dQtUv1uBi3j8FJTdHJZ7RFrYcuWMvXFWNNKFniWnsMeCNQZ8Vp6ng9OxXgwxGEJImJqxHRAOY1FxpCzWPvgLbpahqug9bGYYEl5lsg0JNz_Js8ceIceqmMLchiLEW5L-AQsvxQ=w528-h937-no?authuser=0\" width=\"194\" height=\"345\" \/><\/a><\/p>\n","protected":false},"excerpt":{"rendered":"<p>Hola habitants de la Cova<br \/>\nAquesta setmana l&#8217;Ismael i la seva mare Irene, han fet d&#8217;experts en CONTES.<br \/>\nHem passat un tarda plena d&#8217;aventures buscant la corona del rei&#8230; una gran hist\u00f2ria que ens ha fet viatjar a un m\u00f3n ple d&#8217;animals fant\u00e0stics i moltes aventures divertides&hellip;  <a href=\"https:\/\/agora.xtec.cat\/escolamediterrania\/infantil\/la-cova\/expert-ismael\/\" title=\"Read EXPERT ISMAEL\">Llegeix m\u00e9s\u00bb<\/a><\/p>\n","protected":false},"author":20,"featured_media":0,"comment_status":"open","ping_status":"closed","sticky":false,"template":"","format":"standard","meta":{"_bbp_topic_count":0,"_bbp_reply_count":0,"_bbp_total_topic_count":0,"_bbp_total_reply_count":0,"_bbp_voice_count":0,"_bbp_anonymous_reply_count":0,"_bbp_topic_count_hidden":0,"_bbp_reply_count_hidden":0,"_bbp_forum_subforum_count":0,"footnotes":""},"categories":[8],"tags":[],"class_list":["post-8366","post","type-post","status-publish","format-standard","hentry","category-la-cova"],"post_mailing_queue_ids":[],"_links":{"self":[{"href":"https:\/\/agora.xtec.cat\/escolamediterrania\/wp-json\/wp\/v2\/posts\/8366","targetHints":{"allow":["GET"]}}],"collection":[{"href":"https:\/\/agora.xtec.cat\/escolamediterrania\/wp-json\/wp\/v2\/posts"}],"about":[{"href":"https:\/\/agora.xtec.cat\/escolamediterrania\/wp-json\/wp\/v2\/types\/post"}],"author":[{"embeddable":true,"href":"https:\/\/agora.xtec.cat\/escolamediterrania\/wp-json\/wp\/v2\/users\/20"}],"replies":[{"embeddable":true,"href":"https:\/\/agora.xtec.cat\/escolamediterrania\/wp-json\/wp\/v2\/comments?post=8366"}],"version-history":[{"count":1,"href":"https:\/\/agora.xtec.cat\/escolamediterrania\/wp-json\/wp\/v2\/posts\/8366\/revisions"}],"predecessor-version":[{"id":8367,"href":"https:\/\/agora.xtec.cat\/escolamediterrania\/wp-json\/wp\/v2\/posts\/8366\/revisions\/8367"}],"wp:attachment":[{"href":"https:\/\/agora.xtec.cat\/escolamediterrania\/wp-json\/wp\/v2\/media?parent=8366"}],"wp:term":[{"taxonomy":"category","embeddable":true,"href":"https:\/\/agora.xtec.cat\/escolamediterrania\/wp-json\/wp\/v2\/categories?post=8366"},{"taxonomy":"post_tag","embeddable":true,"href":"https:\/\/agora.xtec.cat\/escolamediterrania\/wp-json\/wp\/v2\/tags?post=8366"}],"curies":[{"name":"wp","href":"https:\/\/api.w.org\/{rel}","templated":true}]}}