{"id":8280,"date":"2021-02-05T11:27:51","date_gmt":"2021-02-05T10:27:51","guid":{"rendered":"http:\/\/agora.xtec.cat\/escolamediterrania\/?p=8280"},"modified":"2021-02-05T11:27:51","modified_gmt":"2021-02-05T10:27:51","slug":"experta-naia","status":"publish","type":"post","link":"https:\/\/agora.xtec.cat\/escolamediterrania\/infantil\/la-cova\/experta-naia\/","title":{"rendered":"EXPERTA NAIA"},"content":{"rendered":"<p>Aquesta setmana hem tingut una sessi\u00f3 d\u2019experts al\u00b7lucinant!!! La Naia i la seva germana Arlet ajudades de la mama Laura ens han portat a la nostra sala una tarda d\u2019experiments m\u00e0gics!!!<\/p>\n<p>Hem pogut descobrir el secret dels l\u00edquids que no es barregen mai, em vist volar fantasmes, hem observat con plouen gotes de colors d\u2019un n\u00favol d\u2019espuma&#8230;.. i moltes coses que us convidem a veure al seg\u00fcent v\u00eddeo&#8230;.<\/p>\n<p>Fam\u00edlia felicitats i oltes gr\u00e0cies per la vostra imaginaci\u00f3 i creativitat!!<\/p>\n<p>(que sapigueu que algun d\u2019aquests els far\u00e9 a casa amb els meus pollitos Leire i Hugo jajajaja)<\/p>\n<p><a href=\"https:\/\/photos.app.goo.gl\/eBivtTAi77H2ioEcA\" target=\"_blank\" rel=\"noopener noreferrer\"><img loading=\"lazy\" decoding=\"async\" class=\"aligncenter\" src=\"https:\/\/lh3.googleusercontent.com\/r-D50F46y7KsNrJ04GZ5D6kQnbDD0FhmIDvEsVA8x6FsKCcnkROwRMYTIXjs-PkFat1fZWrQsqTfauKqrX4l9hJuXHB6VdinZDXN_8HhFNyyEs3CZ-6aGdkSCgQcwWIXQNhhWqLG1-8_Qbhde6xW0N9Xn7F6AyvkohrAGqe_p4pcNNKztU-IGt-OKToUkPaCSyHjxAWyibnRmrWJuHLi_8How0xArJjM20HxhC6cbV1tgVOrs3bfF2zcyukSYS7g7imAe8NZXZ5qT2ftse_OLu2qF3-XuV9z3eQaEJtFgj2FcjhNXYmWJx1Os0UWnd11JeXFFGP5VYgpO_i8S_gqyN9FpksxvJsahfTi48CTa3xFmVHevkaKIbPGJCY6tqu9pPlcu2ukeg71pHRKfUhhDLSDSnhYtBAvEcrnVN7tY6alX1BWyFfZXNCZMpVGeAiCIKabqtVoWnEeO1nEVan6Jn4RpdlmTsmBWn70bS_3-7md1kKRkSQ87g-qpQ84m2hdI1oO63WRSbGGmq_j-nobPXhZwcsDyaG66KCXL7-geKL3tUUuZ7tnWgQf4-z8RYy-zuHPF9vlMTFGAif2VfgNZA3LXv9rrWqbccZrEi3U-MnX17DQvYlepubyLoMGgqX9lW4l98f_gCNpP7bNVoacADWtqrYeC2xj5KF8sVbLt0Iwh8zIDdgbwAvgw8PnPzyRIpRBHTE1MJg_dEmLTKAsHyqNDw=w352-h626-no?authuser=0\" width=\"207\" height=\"368\" \/><\/a><\/p>\n","protected":false},"excerpt":{"rendered":"<p>Aquesta setmana hem tingut una sessi\u00f3 d\u2019experts al\u00b7lucinant!!! La Naia i la seva germana Arlet ajudades de la mama Laura ens han portat a la nostra sala una tarda d\u2019experiments m\u00e0gics!!!<br \/>\nHem pogut descobrir el secret dels l\u00edquids que no es barregen mai, em vist volar&hellip;  <a href=\"https:\/\/agora.xtec.cat\/escolamediterrania\/infantil\/la-cova\/experta-naia\/\" title=\"Read EXPERTA NAIA\">Llegeix m\u00e9s\u00bb<\/a><\/p>\n","protected":false},"author":20,"featured_media":0,"comment_status":"open","ping_status":"closed","sticky":false,"template":"","format":"standard","meta":{"_bbp_topic_count":0,"_bbp_reply_count":0,"_bbp_total_topic_count":0,"_bbp_total_reply_count":0,"_bbp_voice_count":0,"_bbp_anonymous_reply_count":0,"_bbp_topic_count_hidden":0,"_bbp_reply_count_hidden":0,"_bbp_forum_subforum_count":0,"footnotes":""},"categories":[8],"tags":[],"class_list":["post-8280","post","type-post","status-publish","format-standard","hentry","category-la-cova"],"post_mailing_queue_ids":[],"_links":{"self":[{"href":"https:\/\/agora.xtec.cat\/escolamediterrania\/wp-json\/wp\/v2\/posts\/8280","targetHints":{"allow":["GET"]}}],"collection":[{"href":"https:\/\/agora.xtec.cat\/escolamediterrania\/wp-json\/wp\/v2\/posts"}],"about":[{"href":"https:\/\/agora.xtec.cat\/escolamediterrania\/wp-json\/wp\/v2\/types\/post"}],"author":[{"embeddable":true,"href":"https:\/\/agora.xtec.cat\/escolamediterrania\/wp-json\/wp\/v2\/users\/20"}],"replies":[{"embeddable":true,"href":"https:\/\/agora.xtec.cat\/escolamediterrania\/wp-json\/wp\/v2\/comments?post=8280"}],"version-history":[{"count":1,"href":"https:\/\/agora.xtec.cat\/escolamediterrania\/wp-json\/wp\/v2\/posts\/8280\/revisions"}],"predecessor-version":[{"id":8281,"href":"https:\/\/agora.xtec.cat\/escolamediterrania\/wp-json\/wp\/v2\/posts\/8280\/revisions\/8281"}],"wp:attachment":[{"href":"https:\/\/agora.xtec.cat\/escolamediterrania\/wp-json\/wp\/v2\/media?parent=8280"}],"wp:term":[{"taxonomy":"category","embeddable":true,"href":"https:\/\/agora.xtec.cat\/escolamediterrania\/wp-json\/wp\/v2\/categories?post=8280"},{"taxonomy":"post_tag","embeddable":true,"href":"https:\/\/agora.xtec.cat\/escolamediterrania\/wp-json\/wp\/v2\/tags?post=8280"}],"curies":[{"name":"wp","href":"https:\/\/api.w.org\/{rel}","templated":true}]}}