{"id":8175,"date":"2021-01-22T13:24:20","date_gmt":"2021-01-22T12:24:20","guid":{"rendered":"http:\/\/agora.xtec.cat\/escolamediterrania\/?p=8175"},"modified":"2021-01-24T20:31:43","modified_gmt":"2021-01-24T19:31:43","slug":"aprenem-i-gaudim","status":"publish","type":"post","link":"https:\/\/agora.xtec.cat\/escolamediterrania\/infantil\/la-caseta-de-larbre-infantil\/aprenem-i-gaudim\/","title":{"rendered":"APRENEM I GAUDIM"},"content":{"rendered":"<p>Benvolgudes fam\u00edlies!<\/p>\n<p>Aquesta setmana ha sigut molt intensa perqu\u00e8 hem treballat moltes coses i a la vegada hem gaudit molt\u00edssim!! Com ja sabeu, la Lidia est\u00e0 estudiant per ser mestra i aquesta setmana ens ha preparat algunes propostes , per\u00f2 abans ens ha ensenyat algunes fotos de quadres i pintors molt importants (Dal\u00ed, Mir\u00f3, Yayoi,\u00a0 Kandinaky, Paul Klee i Van Gogh)<\/p>\n<p>La Lidia ens ha preparat l\u2019activitat de lecto, on els alumnes han gaudit molt treballant amb tablets. Hi havia uns cartells amb el nom dels diferents autors dels quadres que vam veure el dilluns i la Lidia i la Cristina els hi d\u00e8iem el nom de l\u2019autor, ells ho havien d\u2019escriure a les tablets i despr\u00e8s comprovar que estava b\u00e9 mirant la targeta. S\u2019ho han passat genial i volien repetir per poder passar una estona amb les tablets. Ens ha agradat molt aquesta estona i veure com gaudien i les ganes que han posat a l\u2019activitat.<\/p>\n<p>A mates (la Lidia tamb\u00e9 ha preparat l\u2019activitat) hem jugat al memory amb els quadres dels diferents autors. Intent\u00e0vem recordar els colors, les formes i alguna cosa important que sort\u00eds a la targeta que hav\u00edem aixecat (l\u00ednies, animals, puntets&#8230;) Estaven molt concentrats i els hi agrada molt fer competicions.<\/p>\n<p>A la taula que tenim al costat del moble, ens hem convertit en artistes treballant la motricitat fina. La Lidia ens ha donat un munt de material per intentar fer un quadre inspirat en els autors que ens va ensenyar dilluns. Molts nens s\u2019ho han passat genial i alguns han fet unes creacions molt originals.<\/p>\n<p>A la taula de natura hem fet carrera de colors, i com ho hem fet? Amb gots d\u2019aigua hem barrejat aigua i colorant i hem posat paper de cuina absorbent, a veure quin color pujava m\u00e9s r\u00e0pid. Han fet carreres entre ells, per\u00f2 han gaudit investigant quin color pujava abans i quin podia ser el motiu.<\/p>\n<p>A construccions hem treballat amb peces toves i la gran majoria ha volgut fer cubs. Al principi els hi costava una mica, per\u00f2 a poc a poc han anat fent i quasi no els hi quedaven peces de tots els cubs que han constru\u00eft. Alguns han preferit fer cases que tamb\u00e9 tenia dificultat per la forma de les peces, per\u00f2 els hi agradat molt compartir amb tots les seves creacions.<\/p>\n<p>Per acabar, a art, hem pintat diferents elements de l\u2019hivern amb temperes en barra i ceres. La gran majoria ha volgut repetir i fer diferents de molts colors. Ha quedat genial i ple de colors!<\/p>\n<p>En el taller de lletres,\u00a0 han jugat amb la Lidia al d\u00f2mino.\u00a0 Tenien diferents targetes, en una part sortia una foto i a l\u2019altra una paraula escrita i havien de buscar la foto que sortia a la paraula i posar-la al costat. Al taller de n\u00fameros ens hem concentrat molt per fer c\u00e0lcul mental i cal dir que ho han fet molt b\u00e9.<\/p>\n<p>A\u00a0 pl\u00e0stica hem pintat un ninot de neu, per\u00f2 li faltaven bra\u00e7os, bufanda i barret, aix\u00ed que hem hagut de retallar aquests elements i enganxar-los. La cara del ninot de neu era diferent,\u00a0 per\u00f2 aix\u00f2 millor que us expliquin ells quina cara tenia jeje.<\/p>\n<p>A psico ten\u00edem moltes ganes de jugar amb els coixins, per\u00f2 aquesta setmana ens hem imaginat que est\u00e0vem al bosc. Alguns s\u2019han fet un refugi, altres una casa, altres han fet arbres molt alts&#8230;<\/p>\n<p>El dijous, a m\u00e9s de tenir la visita d&#8217;el Sergi amb les papallones i tots els insectes, tamb\u00e9 vam fer el primer aniversari d&#8217;aquest any, l&#8217;aniversari del Majd. Tamb\u00e9 va tenir la seva capa de super heroi que els companys de classe li van decorar. Felicitats Majd!!<\/p>\n<p>Esperem que continu\u00efn aix\u00ed, amb tantes ganes de treballar, de fer feina i de gaudir!<\/p>\n<p><a href=\"https:\/\/photos.app.goo.gl\/eH9gom1KeByDVZT8A\" target=\"_blank\" rel=\"noopener noreferrer\"> <img loading=\"lazy\" decoding=\"async\" class=\"aligncenter\" src=\"https:\/\/lh3.googleusercontent.com\/pw\/ACtC-3d0x2CpN_ezU1YEkln4tfX1zMjw--g262sCKed_wRf-tzh6E45K7S8bLqzwaUMjnjB77O7bKUTaswiJOd7LVdjnQ2e8o5pNPGu4MYNdwSRawVVC4nNQXoV4nf4Eb7So6_6Zxvp8z-Phox4UV09uw7wC=w1250-h937-no?authuser=0\" width=\"267\" height=\"200\" \/><\/a><\/p>\n","protected":false},"excerpt":{"rendered":"<p>Benvolgudes fam\u00edlies!<br \/>\nAquesta setmana ha sigut molt intensa perqu\u00e8 hem treballat moltes coses i a la vegada hem gaudit molt\u00edssim!! Com ja sabeu, la Lidia est\u00e0 estudiant per ser mestra i aquesta setmana ens ha preparat algunes propostes , per\u00f2 abans ens ha ensenyat algunes fotos&hellip;  <a href=\"https:\/\/agora.xtec.cat\/escolamediterrania\/infantil\/la-caseta-de-larbre-infantil\/aprenem-i-gaudim\/\" title=\"Read APRENEM I GAUDIM\">Llegeix m\u00e9s\u00bb<\/a><\/p>\n","protected":false},"author":1,"featured_media":0,"comment_status":"open","ping_status":"closed","sticky":false,"template":"","format":"standard","meta":{"_bbp_topic_count":0,"_bbp_reply_count":0,"_bbp_total_topic_count":0,"_bbp_total_reply_count":0,"_bbp_voice_count":0,"_bbp_anonymous_reply_count":0,"_bbp_topic_count_hidden":0,"_bbp_reply_count_hidden":0,"_bbp_forum_subforum_count":0,"footnotes":""},"categories":[9],"tags":[],"class_list":["post-8175","post","type-post","status-publish","format-standard","hentry","category-la-caseta-de-larbre-infantil"],"post_mailing_queue_ids":[],"_links":{"self":[{"href":"https:\/\/agora.xtec.cat\/escolamediterrania\/wp-json\/wp\/v2\/posts\/8175","targetHints":{"allow":["GET"]}}],"collection":[{"href":"https:\/\/agora.xtec.cat\/escolamediterrania\/wp-json\/wp\/v2\/posts"}],"about":[{"href":"https:\/\/agora.xtec.cat\/escolamediterrania\/wp-json\/wp\/v2\/types\/post"}],"author":[{"embeddable":true,"href":"https:\/\/agora.xtec.cat\/escolamediterrania\/wp-json\/wp\/v2\/users\/1"}],"replies":[{"embeddable":true,"href":"https:\/\/agora.xtec.cat\/escolamediterrania\/wp-json\/wp\/v2\/comments?post=8175"}],"version-history":[{"count":2,"href":"https:\/\/agora.xtec.cat\/escolamediterrania\/wp-json\/wp\/v2\/posts\/8175\/revisions"}],"predecessor-version":[{"id":8210,"href":"https:\/\/agora.xtec.cat\/escolamediterrania\/wp-json\/wp\/v2\/posts\/8175\/revisions\/8210"}],"wp:attachment":[{"href":"https:\/\/agora.xtec.cat\/escolamediterrania\/wp-json\/wp\/v2\/media?parent=8175"}],"wp:term":[{"taxonomy":"category","embeddable":true,"href":"https:\/\/agora.xtec.cat\/escolamediterrania\/wp-json\/wp\/v2\/categories?post=8175"},{"taxonomy":"post_tag","embeddable":true,"href":"https:\/\/agora.xtec.cat\/escolamediterrania\/wp-json\/wp\/v2\/tags?post=8175"}],"curies":[{"name":"wp","href":"https:\/\/api.w.org\/{rel}","templated":true}]}}