{"id":5615,"date":"2019-06-16T19:20:14","date_gmt":"2019-06-16T17:20:14","guid":{"rendered":"http:\/\/agora.xtec.cat\/escolamediterrania\/?p=5615"},"modified":"2019-06-16T19:20:14","modified_gmt":"2019-06-16T17:20:14","slug":"portes-obertes-families-3","status":"publish","type":"post","link":"https:\/\/agora.xtec.cat\/escolamediterrania\/infantil\/p3\/portes-obertes-families-3\/","title":{"rendered":"Portes obertes fam\u00edlies"},"content":{"rendered":"<p>Hola fam\u00edlies!!<\/p>\n<p>Aqu\u00ed teniu les fotos dels dies que vau compartir amb nosaltres un dia de circulaci\u00f3 lliure, al costat dels vostres fills\/es. De ben segur que ho guardaran al seu calaixet del bons records!<\/p>\n<p>Moltes gr\u00e0cies per venir! I els que no vau poder, no us preocupeu, hi haur\u00e0 m\u00e9s ocasions!<\/p>\n<p><a href=\"https:\/\/photos.app.goo.gl\/jxYdYBqxRGsExrGG7\" target=\"_blank\" rel=\"noopener noreferrer\"><img loading=\"lazy\" decoding=\"async\" class=\"aligncenter\" src=\"https:\/\/lh3.googleusercontent.com\/AxQZp5uhYX8eUBk-LxPx4Ip_-0WdbQuxLewzxxMUZ0CT-MARuJ5dzeRhpfXzGkjJhHSRQLtmzdAN6bFDT17YbW_km6OWCapDf20j-PE62CL0jWIhRQ_tp-sPXtPtSHE6kgbngf96s7nsvC948iPUNKuqVxXSv6vdtY0nm-qPX03NBckF_1TL-NepM51cwgLz1Wl8B2gDB4zmMfvHUDHURelzvQ3qIgXV_VkN6MTbCDL4I7uBlA-f0GZFoEWWDUK1ELoii3xIcslshJa7iBxKDCsoshlrhG_f7YVJK7I-jL8oSrXDynu62c0L85Vq_L76b0fZp_dGyggfEMVrzPRsym-yCEsXN5WKhYI8bzBGICjnQbyWqrhzh87e9nxqD4jLB6YSSf7Ia1hbmuh2CP2H3q4k7ftin8_Yn-XCmJeI1HAyPwolkfWhUkGgvDvTY6dlh75841FzFDxpQs1_0QkyT0LCm1pWIQU45tYXTCYNC3eOF9UrgfPzVYrSFJc74UWbxUC4ldk5IUdrcMGQKYbkyegZNijOoku4vr4WHiiPA3LeMi3ixbB1e8zo5E1PjJzes7tmkFviodfK64YD9I3PNXJniFlP5k08UNbQ1pMx3vqw4U5DxjbqfyAKH7BKJ6g6SIdpAyQ0SJuqDx7XMq9wEprRY3fctPM=w876-h657-no\" width=\"409\" height=\"307\" \/><\/a><\/p>\n","protected":false},"excerpt":{"rendered":"<p>Hola fam\u00edlies!!<br \/>\nAqu\u00ed teniu les fotos dels dies que vau compartir amb nosaltres un dia de circulaci\u00f3 lliure, al costat dels vostres fills\/es. De ben segur que ho guardaran al seu calaixet del bons records!<br \/>\nMoltes gr\u00e0cies per venir! I els que no vau poder, no us&hellip;  <a href=\"https:\/\/agora.xtec.cat\/escolamediterrania\/infantil\/p3\/portes-obertes-families-3\/\" title=\"Read Portes obertes fam\u00edlies\">Llegeix m\u00e9s\u00bb<\/a><\/p>\n","protected":false},"author":15,"featured_media":0,"comment_status":"open","ping_status":"closed","sticky":false,"template":"","format":"standard","meta":{"_bbp_topic_count":0,"_bbp_reply_count":0,"_bbp_total_topic_count":0,"_bbp_total_reply_count":0,"_bbp_voice_count":0,"_bbp_anonymous_reply_count":0,"_bbp_topic_count_hidden":0,"_bbp_reply_count_hidden":0,"_bbp_forum_subforum_count":0,"footnotes":""},"categories":[3,9,8],"tags":[],"class_list":["post-5615","post","type-post","status-publish","format-standard","hentry","category-p3","category-la-caseta-de-larbre-infantil","category-la-cova"],"post_mailing_queue_ids":[],"_links":{"self":[{"href":"https:\/\/agora.xtec.cat\/escolamediterrania\/wp-json\/wp\/v2\/posts\/5615","targetHints":{"allow":["GET"]}}],"collection":[{"href":"https:\/\/agora.xtec.cat\/escolamediterrania\/wp-json\/wp\/v2\/posts"}],"about":[{"href":"https:\/\/agora.xtec.cat\/escolamediterrania\/wp-json\/wp\/v2\/types\/post"}],"author":[{"embeddable":true,"href":"https:\/\/agora.xtec.cat\/escolamediterrania\/wp-json\/wp\/v2\/users\/15"}],"replies":[{"embeddable":true,"href":"https:\/\/agora.xtec.cat\/escolamediterrania\/wp-json\/wp\/v2\/comments?post=5615"}],"version-history":[{"count":1,"href":"https:\/\/agora.xtec.cat\/escolamediterrania\/wp-json\/wp\/v2\/posts\/5615\/revisions"}],"predecessor-version":[{"id":5616,"href":"https:\/\/agora.xtec.cat\/escolamediterrania\/wp-json\/wp\/v2\/posts\/5615\/revisions\/5616"}],"wp:attachment":[{"href":"https:\/\/agora.xtec.cat\/escolamediterrania\/wp-json\/wp\/v2\/media?parent=5615"}],"wp:term":[{"taxonomy":"category","embeddable":true,"href":"https:\/\/agora.xtec.cat\/escolamediterrania\/wp-json\/wp\/v2\/categories?post=5615"},{"taxonomy":"post_tag","embeddable":true,"href":"https:\/\/agora.xtec.cat\/escolamediterrania\/wp-json\/wp\/v2\/tags?post=5615"}],"curies":[{"name":"wp","href":"https:\/\/api.w.org\/{rel}","templated":true}]}}