{"id":5499,"date":"2019-05-17T00:52:03","date_gmt":"2019-05-16T22:52:03","guid":{"rendered":"http:\/\/agora.xtec.cat\/escolamediterrania\/?p=5499"},"modified":"2019-05-17T00:52:03","modified_gmt":"2019-05-16T22:52:03","slug":"propostes-1a-quinzena-de-maig","status":"publish","type":"post","link":"https:\/\/agora.xtec.cat\/escolamediterrania\/infantil\/p3\/propostes-1a-quinzena-de-maig\/","title":{"rendered":"Propostes 1\u00aa quinzena de maig"},"content":{"rendered":"<p>Fam\u00edlies, avui podreu veure els jocs que hem fet aquests dies per treballar la numeraci\u00f3, la mem\u00f2ria, la concentraci\u00f3, la l\u00f2gica, jocs d&#8217;habilitat, les figures geom\u00e8triques&#8230;.fins i tot hem conegut els cucs de seda i els alumnes de 3r ens han ajudat amb una manualitat.<\/p>\n<p>Mireu, mireu!<a href=\"https:\/\/photos.app.goo.gl\/xStSaCW3WcCbagom7\" target=\"_blank\" rel=\"noopener noreferrer\"><img loading=\"lazy\" decoding=\"async\" class=\"aligncenter\" src=\"https:\/\/lh3.googleusercontent.com\/I9lqQ9ZnwiSW1IHWn0T3rMUbfCm12p0zD_oJTQwpBDLx6rGO1CsEbGuesStCvXYqDWLwmd2iV9F4HucLfLwhVKSLyIrhXL7o_88Pnl8nQsmhjyssIErXSWxB53pT2K7doA8SxBeKTKUfWSp0IN7hOypnMfMjBf0FcIOYAEAXsWjp9f453ls-3y9wV4JCkf73Qp8m2gJQ1nL6GhOQSp9qpRbEoqSzo8kA_cPXhw3DRonyH9kDwFx61XngNLgF1Ax0cIcn1cVlnRnMhF7PrkKFMHC189Rj0f7RWkZPSv-uLKqT8MpvIPEgQUb7B-DKLE-A-eDCaglbIYqykPZbRGDUZ3gM8BYqHWwplMT2Y0vKM8HD8HBmZwKe6_UwfkzmURmJwgkQ6dY4Q9PJL_hR5Khlrd9gb--cKyxCXISm4QVqkUWylxQEg3nF9vgeMPb3San8nmX35aD-nUNeB8WqhFLd3OO1rlBTI0yTg_ulAMWfDmyf3DluPxS4dMbuW9RYRzl2K6g4l79uXX0qGj8c4Uaw5SmK57B_ENU9n04-QhyZo601qRmWlXmG-oLfP6Ro8GBsvW9CPROlFU7wKk1_Pa67vAuzUTJdK_XeV0IUKAfYmMqEAuIhTkGTBS7vKU08apVvgCGCxFGE-sqeyEqXnyG00pCnNR_0XWYA=w876-h657-no\" width=\"276\" height=\"208\" \/><\/a><\/p>\n","protected":false},"excerpt":{"rendered":"<p>Fam\u00edlies, avui podreu veure els jocs que hem fet aquests dies per treballar la numeraci\u00f3, la mem\u00f2ria, la concentraci\u00f3, la l\u00f2gica, jocs d&#8217;habilitat, les figures geom\u00e8triques&#8230;.fins i tot hem conegut els cucs de seda i els alumnes de 3r ens han ajudat amb una manualitat.<br \/>\nMireu,&hellip;  <a href=\"https:\/\/agora.xtec.cat\/escolamediterrania\/infantil\/p3\/propostes-1a-quinzena-de-maig\/\" title=\"Read Propostes 1\u00aa quinzena de maig\">Llegeix m\u00e9s\u00bb<\/a><\/p>\n","protected":false},"author":11,"featured_media":0,"comment_status":"open","ping_status":"closed","sticky":false,"template":"","format":"standard","meta":{"_bbp_topic_count":0,"_bbp_reply_count":0,"_bbp_total_topic_count":0,"_bbp_total_reply_count":0,"_bbp_voice_count":0,"_bbp_anonymous_reply_count":0,"_bbp_topic_count_hidden":0,"_bbp_reply_count_hidden":0,"_bbp_forum_subforum_count":0,"footnotes":""},"categories":[3,9,8],"tags":[],"class_list":["post-5499","post","type-post","status-publish","format-standard","hentry","category-p3","category-la-caseta-de-larbre-infantil","category-la-cova"],"post_mailing_queue_ids":[],"_links":{"self":[{"href":"https:\/\/agora.xtec.cat\/escolamediterrania\/wp-json\/wp\/v2\/posts\/5499","targetHints":{"allow":["GET"]}}],"collection":[{"href":"https:\/\/agora.xtec.cat\/escolamediterrania\/wp-json\/wp\/v2\/posts"}],"about":[{"href":"https:\/\/agora.xtec.cat\/escolamediterrania\/wp-json\/wp\/v2\/types\/post"}],"author":[{"embeddable":true,"href":"https:\/\/agora.xtec.cat\/escolamediterrania\/wp-json\/wp\/v2\/users\/11"}],"replies":[{"embeddable":true,"href":"https:\/\/agora.xtec.cat\/escolamediterrania\/wp-json\/wp\/v2\/comments?post=5499"}],"version-history":[{"count":1,"href":"https:\/\/agora.xtec.cat\/escolamediterrania\/wp-json\/wp\/v2\/posts\/5499\/revisions"}],"predecessor-version":[{"id":5500,"href":"https:\/\/agora.xtec.cat\/escolamediterrania\/wp-json\/wp\/v2\/posts\/5499\/revisions\/5500"}],"wp:attachment":[{"href":"https:\/\/agora.xtec.cat\/escolamediterrania\/wp-json\/wp\/v2\/media?parent=5499"}],"wp:term":[{"taxonomy":"category","embeddable":true,"href":"https:\/\/agora.xtec.cat\/escolamediterrania\/wp-json\/wp\/v2\/categories?post=5499"},{"taxonomy":"post_tag","embeddable":true,"href":"https:\/\/agora.xtec.cat\/escolamediterrania\/wp-json\/wp\/v2\/tags?post=5499"}],"curies":[{"name":"wp","href":"https:\/\/api.w.org\/{rel}","templated":true}]}}