{"id":13455,"date":"2024-06-21T15:59:32","date_gmt":"2024-06-21T13:59:32","guid":{"rendered":"https:\/\/agora.xtec.cat\/escolamediterrania\/?p=13455"},"modified":"2024-06-21T15:59:32","modified_gmt":"2024-06-21T13:59:32","slug":"fins-aviat-pollitos","status":"publish","type":"post","link":"https:\/\/agora.xtec.cat\/escolamediterrania\/infantil\/la-caseta-de-larbre-infantil\/fins-aviat-pollitos\/","title":{"rendered":"FINS AVIAT POLLITOS&#8230;."},"content":{"rendered":"<p><span style=\"font-weight: 400;\">Hola, holita habitants de la caseta de l\u2019arbre!<\/span><\/p>\n<p><span style=\"font-weight: 400;\">Abans de comen\u00e7ar tornem a felicitar als nostres companys Mohamed, Ohana, Leo, Lilith, Noem\u00ed, \u00c0xel i Nerea que durant aquest estiu faran una nova volta al sol! I que no poden acabar infantil sense la seva targeta molona i la seva mega festa!! Tots els habitants de la caseta de l\u2019arbre us desitgem que passeu un dia ple de pessigolles, felicitats pollitos!!<\/span><\/p>\n<p><span style=\"font-weight: 400;\">Us expliquem les propostes molones d\u2019aquesta setmana m\u00e0gica;<\/span><\/p>\n<ul>\n<li style=\"font-weight: 400;\" aria-level=\"1\"><span style=\"font-weight: 400;\">Taula de lletres: aquesta setmana hem estat construint frases amb un joc molt divertit fet amb el cor, on havien de llegir i buscar la part de la frase que anava millor, us he de dir que han sortit frases ben original i sobretot divertides!<\/span><\/li>\n<li style=\"font-weight: 400;\" aria-level=\"1\"><span style=\"font-weight: 400;\">Taula de nombres feia dies que m\u2019ho demanaven i no m\u2019he pogut resistir, aquests \u00faltim dies hem estat jugant al \u201cUNO\u201d, hem fet moltes partides junts i el m\u00e9s important no ha estat guanyar sin\u00f3 compartir al seu costat aquests moments tan divertits i especials.<\/span><\/li>\n<li style=\"font-weight: 400;\" aria-level=\"1\"><span style=\"font-weight: 400;\">Taula de l\u2019art: hem estat pintant un dibuix de l\u2019espai buscant les lletres del nostre nom&#8230;<\/span><\/li>\n<li style=\"font-weight: 400;\" aria-level=\"1\"><span style=\"font-weight: 400;\">Catifa: juguem a fer circuits de bales (caniques), us he de dir que cada dia em sorprenen m\u00e9s, no imagineu com fan pinya per unir peces i crear circuits cada cop m\u00e9s grans i elaborats!!<\/span><\/li>\n<\/ul>\n<p><span style=\"font-weight: 400;\">Aquesta setmana durant\u00a0 les estones de mig grup de psicomotricitat hem estat tancant les nostres carpetes de propostes i guardant i recollint totes les nostres coses de la sala de la caseta&#8230; perqu\u00e8 ens estem preparant per anar a primer!! Tamb\u00e9 hem fet una petita visita a la nostra propera sala&#8230; al m\u00f2dul d\u2019inicial i hem pogut visitar la nostra futura classe de primer i tornar a veure als nostres companys del proper curs, que ja ens van acompanyar tamb\u00e9 a infantil&#8230;.<\/span><\/p>\n<p><span style=\"font-weight: 400;\">El dijous vam fer una gran festa de comiat d\u2019aquest curts, fent una s\u00faper gimcana amb tots els nostres companys d\u2019infantil, on vam poder gaudir de dos inflables, jocs d\u2019aigua i moltes m\u00e9s activitats m\u00e9s i per arrodonir la festa, vam menjar gelats!!!<\/span><\/p>\n<p><span style=\"font-weight: 400;\">El divendres hem estat fent un pica pica de germanor per acomiadar aquest gran curs i aquesta bonica etapa, hem gaudit de la companyia de tots els habitants d\u2019infantil i sobretot dels balls i la m\u00fasica!!<\/span><\/p>\n<p><span style=\"font-weight: 400;\">I fins aqu\u00ed la nostra bonica aventura a infantil, ains l&#8217;\u00faltim bloc d&#8217;infantil.. han passat ja tres anys des del primer dia que vau arriba a la Mediterr\u00e0nia&#8230; i ara ja us toca volar ben alt i comen\u00e7ar una nova i emocionat aventura a prim\u00e0ria&#8230; recordeu que sempre ser\u00e8 al vostre costat per qualsevol cosa que necessiteu&#8230; i a vosaltres fam\u00edlies boniques, ha estat un plaer formar part de la gran fam\u00edlia de la caseta de l\u2019arbre!!! Ara toca descansar i carregar piles, que passeu un bonic estiu tots!! Ufff ja us troba a faltar&#8230;. arriba el moment de tancar l&#8217;ordinador, amb pena i alegria&#8230; mil gr\u00e0cies a tots els que heu arribat fins aqu\u00ed&#8230;.\u00a0<\/span><\/p>\n<p><span style=\"font-weight: 400;\">Petonets de broqueta de fruites \u201cfresquita\u201d!!<\/span><\/p>\n<p><span style=\"font-weight: 400;\">Vanessa Almendros.<\/span><\/p>\n<p><b>PD: mil gr\u00e0cies a tots i totes, grans i petits, per aquest mat\u00ed ple d&#8217;emocions i records\u2026 m\u2019heu deixat sense paraules\u2026 sou els meu millors \u201chooligans\u201d i sempre us portar\u00e9 al cor\u2026.<\/b><\/p>\n","protected":false},"excerpt":{"rendered":"<p>Hola, holita habitants de la caseta de l\u2019arbre!<br \/>\nAbans de comen\u00e7ar tornem a felicitar als nostres companys Mohamed, Ohana, Leo, Lilith, Noem\u00ed, \u00c0xel i Nerea que durant aquest estiu faran una nova volta al sol! I que no poden acabar infantil sense la seva targeta molona&hellip;  <a href=\"https:\/\/agora.xtec.cat\/escolamediterrania\/infantil\/la-caseta-de-larbre-infantil\/fins-aviat-pollitos\/\" title=\"Read FINS AVIAT POLLITOS&#8230;.\">Llegeix m\u00e9s\u00bb<\/a><\/p>\n","protected":false},"author":20,"featured_media":0,"comment_status":"open","ping_status":"closed","sticky":false,"template":"","format":"standard","meta":{"_bbp_topic_count":0,"_bbp_reply_count":0,"_bbp_total_topic_count":0,"_bbp_total_reply_count":0,"_bbp_voice_count":0,"_bbp_anonymous_reply_count":0,"_bbp_topic_count_hidden":0,"_bbp_reply_count_hidden":0,"_bbp_forum_subforum_count":0,"footnotes":""},"categories":[9],"tags":[],"class_list":["post-13455","post","type-post","status-publish","format-standard","hentry","category-la-caseta-de-larbre-infantil"],"post_mailing_queue_ids":[],"_links":{"self":[{"href":"https:\/\/agora.xtec.cat\/escolamediterrania\/wp-json\/wp\/v2\/posts\/13455","targetHints":{"allow":["GET"]}}],"collection":[{"href":"https:\/\/agora.xtec.cat\/escolamediterrania\/wp-json\/wp\/v2\/posts"}],"about":[{"href":"https:\/\/agora.xtec.cat\/escolamediterrania\/wp-json\/wp\/v2\/types\/post"}],"author":[{"embeddable":true,"href":"https:\/\/agora.xtec.cat\/escolamediterrania\/wp-json\/wp\/v2\/users\/20"}],"replies":[{"embeddable":true,"href":"https:\/\/agora.xtec.cat\/escolamediterrania\/wp-json\/wp\/v2\/comments?post=13455"}],"version-history":[{"count":1,"href":"https:\/\/agora.xtec.cat\/escolamediterrania\/wp-json\/wp\/v2\/posts\/13455\/revisions"}],"predecessor-version":[{"id":13456,"href":"https:\/\/agora.xtec.cat\/escolamediterrania\/wp-json\/wp\/v2\/posts\/13455\/revisions\/13456"}],"wp:attachment":[{"href":"https:\/\/agora.xtec.cat\/escolamediterrania\/wp-json\/wp\/v2\/media?parent=13455"}],"wp:term":[{"taxonomy":"category","embeddable":true,"href":"https:\/\/agora.xtec.cat\/escolamediterrania\/wp-json\/wp\/v2\/categories?post=13455"},{"taxonomy":"post_tag","embeddable":true,"href":"https:\/\/agora.xtec.cat\/escolamediterrania\/wp-json\/wp\/v2\/tags?post=13455"}],"curies":[{"name":"wp","href":"https:\/\/api.w.org\/{rel}","templated":true}]}}