{"id":13426,"date":"2024-06-14T12:16:36","date_gmt":"2024-06-14T10:16:36","guid":{"rendered":"https:\/\/agora.xtec.cat\/escolamediterrania\/?p=13426"},"modified":"2024-06-14T12:17:18","modified_gmt":"2024-06-14T10:17:18","slug":"ains-comencem-el-compte-enrere","status":"publish","type":"post","link":"https:\/\/agora.xtec.cat\/escolamediterrania\/infantil\/la-caseta-de-larbre-infantil\/ains-comencem-el-compte-enrere\/","title":{"rendered":"AINS&#8230; COMENCEM EL COMPTE ENRERE&#8230;"},"content":{"rendered":"<p>Hola, holita habitants de la caseta de l\u2019arbre!<\/p>\n<p>Ains&#8230;. ja comencem a fer el compte enrere&#8230;. aquests dies tots portem un garbuix d\u2019emocions&#8230;. per\u00f2 estem aprofitant al m\u00e0xim aquests dies que ens queden per estar junts, ballant, parlant, fent-nos abra\u00e7ades i pessigolles o simplement observant com hem crescut tots i ara som part de la fam\u00edlia de la mediterr\u00e0nia&#8230;.<\/p>\n<p>Us expliquem les propostes molones d\u2019aquesta setmana m\u00e0gica;<\/p>\n<ul>\n<li>Taula de lletres: hem estat fent la dita del mes de juny i com que els pollitos son molt r\u00e0pids i &#8220;canyeros&#8221;, tamb\u00e9 hem fet una feineta de l\u2019espai on havien de llegir paraules de l\u2019espai i escriviu-les a sota de cada dibuix.<\/li>\n<li>Taula de nombres: aquesta setmana hem estat jugant a un joc que ens va portar l\u2019Aran, un puzle amb daus, ens ha encantat Aran i de ben segur que el proper curs continuaran jugant amb ells els propers habitants de la caseta.<\/li>\n<li>Taula de l\u2019art: hem jugat a estampar i crear un divertit dibuix amb una capsa plena de tampons de molts temes diferents, lletres, nombres princeses i dracs i fins i tot de l\u2019espai!<\/li>\n<li>Catifa: he reciclat uns tubs de cartr\u00f3 que tenia a casa i ara tenim unes peces de construccions s\u00faper xules amb les que hem estat jugant molt durant tota la setmana fent construccions ben altes!!<\/li>\n<\/ul>\n<p>Aquesta setmana durant\u00a0 les estones de mig grup de psicomotricitat hem acabat la nostra situaci\u00f3 d\u2019aprenentatge sobre l\u2019univers i hem escrit algunes de les coses que hem apr\u00e8s a mida de resum&#8230; us he dir que aquests pollitos ja son uns gran experts en l\u2019univers i, qui sap&#8230; potser d\u2019aqu\u00ed surt algun\/a astronauta jajajajaja<\/p>\n<p>Durant la sessi\u00f3 de pl\u00e0stica hem estat acabant la nostra carpeta de propostes i us he de dir que \u00e9s una carpeta molt saludable i refrescant per aquest estiu&#8230; per\u00f2 vigileu a casa perqu\u00e8 est\u00e0 plena d\u2019uns petits insectes que tenen mooolta gana&#8230; jajajaja<\/p>\n<p>Tamb\u00e9 hem estat preparant totes les targetes molones dels aniversaris dels companys que fan anys durant l\u2019estiu&#8230; i la propera setmana farem una gran festa per poder celebrar al seu costat aquest dia tan especial!!<\/p>\n<p>I fins aqu\u00ed aquesta setmana&#8230;., ara toca descansar i desconnectar, gaudir del sol i carregar les piles!!!<\/p>\n<p>Petonets plens de pessigolles,<\/p>\n<p>Vanessa Almendros.<\/p>\n<p>Pd. les fotos les publicar\u00e9 a l&#8217;arribar a casa&#8230;<\/p>\n","protected":false},"excerpt":{"rendered":"<p>Hola, holita habitants de la caseta de l\u2019arbre!<br \/>\nAins&#8230;. ja comencem a fer el compte enrere&#8230;. aquests dies tots portem un garbuix d\u2019emocions&#8230;. per\u00f2 estem aprofitant al m\u00e0xim aquests dies que ens queden per estar junts, ballant, parlant, fent-nos abra\u00e7ades i pessigolles o simplement observant com&hellip;  <a href=\"https:\/\/agora.xtec.cat\/escolamediterrania\/infantil\/la-caseta-de-larbre-infantil\/ains-comencem-el-compte-enrere\/\" title=\"Read AINS&#8230; COMENCEM EL COMPTE ENRERE&#8230;\">Llegeix m\u00e9s\u00bb<\/a><\/p>\n","protected":false},"author":20,"featured_media":0,"comment_status":"open","ping_status":"closed","sticky":false,"template":"","format":"standard","meta":{"_bbp_topic_count":0,"_bbp_reply_count":0,"_bbp_total_topic_count":0,"_bbp_total_reply_count":0,"_bbp_voice_count":0,"_bbp_anonymous_reply_count":0,"_bbp_topic_count_hidden":0,"_bbp_reply_count_hidden":0,"_bbp_forum_subforum_count":0,"footnotes":""},"categories":[9],"tags":[],"class_list":["post-13426","post","type-post","status-publish","format-standard","hentry","category-la-caseta-de-larbre-infantil"],"post_mailing_queue_ids":[],"_links":{"self":[{"href":"https:\/\/agora.xtec.cat\/escolamediterrania\/wp-json\/wp\/v2\/posts\/13426","targetHints":{"allow":["GET"]}}],"collection":[{"href":"https:\/\/agora.xtec.cat\/escolamediterrania\/wp-json\/wp\/v2\/posts"}],"about":[{"href":"https:\/\/agora.xtec.cat\/escolamediterrania\/wp-json\/wp\/v2\/types\/post"}],"author":[{"embeddable":true,"href":"https:\/\/agora.xtec.cat\/escolamediterrania\/wp-json\/wp\/v2\/users\/20"}],"replies":[{"embeddable":true,"href":"https:\/\/agora.xtec.cat\/escolamediterrania\/wp-json\/wp\/v2\/comments?post=13426"}],"version-history":[{"count":2,"href":"https:\/\/agora.xtec.cat\/escolamediterrania\/wp-json\/wp\/v2\/posts\/13426\/revisions"}],"predecessor-version":[{"id":13428,"href":"https:\/\/agora.xtec.cat\/escolamediterrania\/wp-json\/wp\/v2\/posts\/13426\/revisions\/13428"}],"wp:attachment":[{"href":"https:\/\/agora.xtec.cat\/escolamediterrania\/wp-json\/wp\/v2\/media?parent=13426"}],"wp:term":[{"taxonomy":"category","embeddable":true,"href":"https:\/\/agora.xtec.cat\/escolamediterrania\/wp-json\/wp\/v2\/categories?post=13426"},{"taxonomy":"post_tag","embeddable":true,"href":"https:\/\/agora.xtec.cat\/escolamediterrania\/wp-json\/wp\/v2\/tags?post=13426"}],"curies":[{"name":"wp","href":"https:\/\/api.w.org\/{rel}","templated":true}]}}