{"id":13034,"date":"2024-03-22T12:05:18","date_gmt":"2024-03-22T11:05:18","guid":{"rendered":"https:\/\/agora.xtec.cat\/escolamediterrania\/?p=13034"},"modified":"2024-03-22T12:05:18","modified_gmt":"2024-03-22T11:05:18","slug":"la-mona-rodona","status":"publish","type":"post","link":"https:\/\/agora.xtec.cat\/escolamediterrania\/infantil\/la-caseta-de-larbre-infantil\/la-mona-rodona\/","title":{"rendered":"LA MONA RODONA!!!"},"content":{"rendered":"<p>Hola, holitaaaa habitants de la caseta!!<\/p>\n<p>Quina setmana m\u00e9s divertidaaaa!!<\/p>\n<p>Us expliquem les nostres propostes molones:<\/p>\n<ul>\n<li>Taula de lletres: hem comen\u00e7at a fre descodificaci\u00f3 i lectura de paraules monos\u00edl\u00b7labes, bis\u00edl\u00b7labes i tris\u00edl\u00b7labes! I us he de dir que estic molt contenta amb l\u2019esfor\u00e7 que fan dia a dia i les ganes i motivaci\u00f3 que demostren!<\/li>\n<li>Taula de nombres: hem estat treballant el nostre pensament l\u00f2gic jugant al joc del Logico, \u00e9s un excel\u00b7lent m\u00e8tode d&#8217;aprenentatge autom\u00e0tic. Consta d&#8217;un senzill suport de pl\u00e0stic amb cursors de colors i unes fitxes d&#8217;activitats que s&#8217;insereixen en el suport. La finalitat did\u00e0ctica \u00e9s que els infants resolguin les activitats proposades en les fitxes i que pugui comprovar a l&#8217;instant si les ha resolt correctament.<\/li>\n<li>Taula de l\u2019art: hem estat pintant mandales d\u2019ous de pasqua amb els retoladors i han quedat moooolt bonics!<\/li>\n<li>Taula de transvasaments: continuem amb el nostre eucaliptus, experimentant i olorant&#8230;<\/li>\n<li>Catifa: hem estat jugant amb les peces d\u2019imants petites i us he de dir que aquestes peces sempre son un gran \u00e8xit ja que donen moltes possibilitats per crear i inventar<\/li>\n<\/ul>\n<p>Durant les estones de mig grup de psico continuem ampliant informaci\u00f3 de la nostra situaci\u00f3 d\u2019aprenentatge sobre els coales, que ja us anuncio que estem a punt de tancar, perqu\u00e8 al tornar de les vacances tindrem una nova situaci\u00f3 que ens portar\u00e0 a viatjar mooooolt lluny!!<\/p>\n<p>El conte d\u2019aquesta setmana l\u2019ha portat el nostre Aran, un conte que es diu \u201cEl drac bo i el drac dolent\u201d, sempre s\u00f3n al costat d\u2019en Florian. S\u00f3n els seus amics imaginaris i tots tres es diverteixen molt junts. S\u00f3n inseparables! Per\u00f2 quan la mare de Florian vol anar a la platja, els dos dracs s\u2019hi neguen. La seva excusa \u00e9s: \u00abl\u2019aigua \u00e9s per als peixos i els dracs no neden\u00bb. Qu\u00e8 podria ser que els dos invencibles dracs estiguessin espantats?<\/p>\n<p>I el dimecres va ser un dels nostres dies especials perqu\u00e8 vam anar d\u2019excursi\u00f3 amb MNACTEC de Terrassa i all\u00e0 vam poder aprendre moltes coses sobre la roba fent un taller de \u201cla Laia i el Pau es vesteixen\u201d i teixint les nostres samarretes molones! I despr\u00e9s de dinar vam poder gaudir de l\u2019espai \u201cexplora\u201d on vam poder observar, experimentar i manipular amb mooooltes coses que tenen all\u00e0&#8230;. nom\u00e9s vull saber si va arribar molta sorra a casa (jajajajaja)&#8230;.<\/p>\n<p>Dijous a la\u00a0 tarda vam estar fent de mastercheff i vam fer la nostra mona molona de la caseta, els ingredients, els de sempre per\u00f2 aquesta vegada hem posat un extra de m\u00e0gia i amor! Espero que la gaudiu molt a casa amb la vostra fam\u00edlia!!<\/p>\n<p>I fins aqu\u00ed la nostra setmana! Ara toca descansat i desconnectar mooooolt en fam\u00edlia, gaudir del bon temps i carregar molt les piles!! Ens tornem a veure despr\u00e9s el dimarts 4 d\u2019abril! Comencem la nostra recta final&#8230;. sempre amb un gran somriure!!<\/p>\n<p>Petonets de mona de xocolata<\/p>\n<p>Vanessa Almendros<\/p>\n","protected":false},"excerpt":{"rendered":"<p>Hola, holitaaaa habitants de la caseta!!<br \/>\nQuina setmana m\u00e9s divertidaaaa!!<br \/>\nUs expliquem les nostres propostes molones:<\/p>\n<ul>\n<li>Taula de lletres: hem comen\u00e7at a fre descodificaci\u00f3 i lectura de paraules monos\u00edl\u00b7labes, bis\u00edl\u00b7labes i tris\u00edl\u00b7labes! I us he de dir que estic molt contenta amb l\u2019esfor\u00e7 que fan dia a dia&hellip;  <a href=\"https:\/\/agora.xtec.cat\/escolamediterrania\/infantil\/la-caseta-de-larbre-infantil\/la-mona-rodona\/\" title=\"Read LA MONA RODONA!!!\">Llegeix m\u00e9s\u00bb<\/a><br \/>\n","protected":false},"author":20,"featured_media":0,"comment_status":"open","ping_status":"closed","sticky":false,"template":"","format":"standard","meta":{"_bbp_topic_count":0,"_bbp_reply_count":0,"_bbp_total_topic_count":0,"_bbp_total_reply_count":0,"_bbp_voice_count":0,"_bbp_anonymous_reply_count":0,"_bbp_topic_count_hidden":0,"_bbp_reply_count_hidden":0,"_bbp_forum_subforum_count":0,"footnotes":""},"categories":[9],"tags":[],"class_list":["post-13034","post","type-post","status-publish","format-standard","hentry","category-la-caseta-de-larbre-infantil"],"post_mailing_queue_ids":[],"_links":{"self":[{"href":"https:\/\/agora.xtec.cat\/escolamediterrania\/wp-json\/wp\/v2\/posts\/13034","targetHints":{"allow":["GET"]}}],"collection":[{"href":"https:\/\/agora.xtec.cat\/escolamediterrania\/wp-json\/wp\/v2\/posts"}],"about":[{"href":"https:\/\/agora.xtec.cat\/escolamediterrania\/wp-json\/wp\/v2\/types\/post"}],"author":[{"embeddable":true,"href":"https:\/\/agora.xtec.cat\/escolamediterrania\/wp-json\/wp\/v2\/users\/20"}],"replies":[{"embeddable":true,"href":"https:\/\/agora.xtec.cat\/escolamediterrania\/wp-json\/wp\/v2\/comments?post=13034"}],"version-history":[{"count":1,"href":"https:\/\/agora.xtec.cat\/escolamediterrania\/wp-json\/wp\/v2\/posts\/13034\/revisions"}],"predecessor-version":[{"id":13035,"href":"https:\/\/agora.xtec.cat\/escolamediterrania\/wp-json\/wp\/v2\/posts\/13034\/revisions\/13035"}],"wp:attachment":[{"href":"https:\/\/agora.xtec.cat\/escolamediterrania\/wp-json\/wp\/v2\/media?parent=13034"}],"wp:term":[{"taxonomy":"category","embeddable":true,"href":"https:\/\/agora.xtec.cat\/escolamediterrania\/wp-json\/wp\/v2\/categories?post=13034"},{"taxonomy":"post_tag","embeddable":true,"href":"https:\/\/agora.xtec.cat\/escolamediterrania\/wp-json\/wp\/v2\/tags?post=13034"}],"curies":[{"name":"wp","href":"https:\/\/api.w.org\/{rel}","templated":true}]}}