{"id":11115,"date":"2022-12-05T15:27:39","date_gmt":"2022-12-05T14:27:39","guid":{"rendered":"https:\/\/agora.xtec.cat\/escolamediterrania\/?p=11115"},"modified":"2022-12-05T15:27:39","modified_gmt":"2022-12-05T14:27:39","slug":"setmana-28-de-novembre","status":"publish","type":"post","link":"https:\/\/agora.xtec.cat\/escolamediterrania\/infantil\/p3\/setmana-28-de-novembre\/","title":{"rendered":"Setmana 28 de novembre"},"content":{"rendered":"<p>Hola fam\u00edlies,<\/p>\n<p>La setmana passada els\/les habitants del Petit Tipi vam trobar les seg\u00fcents propostes a la nostra sala: un minim\u00f3n de dinosaures per inventar les nostres hist\u00f2ries, les construccions magn\u00e8tiques amb les quals fem moltes creacions, el el mercat i la cuineta, els pots amb forats per ficar pals i treballar la motricitat fina i els nostres noms en els que hav\u00edem de decorar la primera lletra amb boletes de paper de seda.<\/p>\n<p>A l&#8217;hora de pl\u00e0stica vam comen\u00e7ar a fer la felicitaci\u00f3 per les festes. Vam pintar un full amb pintura verda fent rodar bales, mai hav\u00edem fet aquesta t\u00e8cnica i ens va sorprendre molt!\u00a0 Les felicitacions estan quedant molt boniques, esperem que us agradin quan les portem a casa.<\/p>\n<p>Dijous a la tarda va venir la fam\u00edlia del Luka a explicar el conte &#8220;A qu\u00e9 sabe la luna&#8221;, com sempre vam estar molt atents i atentes escoltant-los i mirant els animalets que havien preparat.<\/p>\n<p>A m\u00e9s va comen\u00e7ar el mes de desembre i amb ell el nostre calendari d&#8217;advent. Cada dia obrim una capseta i llegim el missatge que hi ha a dins, de moment ens ha dit que ens hav\u00edem de fer abra\u00e7ades i dir-nos coses boniques. A veure quins missatges ens esperen els propers dies&#8230;<\/p>\n<p>Aquesta setmana ser\u00e0 curta, us desitgem que passeu un bon pont , gaudiu, descanseu i recarregueu energia per la tornada.<\/p>\n<p>&nbsp;<\/p>\n","protected":false},"excerpt":{"rendered":"<p>Hola fam\u00edlies,<br \/>\nLa setmana passada els\/les habitants del Petit Tipi vam trobar les seg\u00fcents propostes a la nostra sala: un minim\u00f3n de dinosaures per inventar les nostres hist\u00f2ries, les construccions magn\u00e8tiques amb les quals fem moltes creacions, el el mercat i la cuineta, els pots amb&hellip;  <a href=\"https:\/\/agora.xtec.cat\/escolamediterrania\/infantil\/p3\/setmana-28-de-novembre\/\" title=\"Read Setmana 28 de novembre\">Llegeix m\u00e9s\u00bb<\/a><\/p>\n","protected":false},"author":49,"featured_media":0,"comment_status":"open","ping_status":"closed","sticky":false,"template":"","format":"standard","meta":{"_bbp_topic_count":0,"_bbp_reply_count":0,"_bbp_total_topic_count":0,"_bbp_total_reply_count":0,"_bbp_voice_count":0,"_bbp_anonymous_reply_count":0,"_bbp_topic_count_hidden":0,"_bbp_reply_count_hidden":0,"_bbp_forum_subforum_count":0,"footnotes":""},"categories":[3],"tags":[],"class_list":["post-11115","post","type-post","status-publish","format-standard","hentry","category-p3"],"post_mailing_queue_ids":[],"_links":{"self":[{"href":"https:\/\/agora.xtec.cat\/escolamediterrania\/wp-json\/wp\/v2\/posts\/11115","targetHints":{"allow":["GET"]}}],"collection":[{"href":"https:\/\/agora.xtec.cat\/escolamediterrania\/wp-json\/wp\/v2\/posts"}],"about":[{"href":"https:\/\/agora.xtec.cat\/escolamediterrania\/wp-json\/wp\/v2\/types\/post"}],"author":[{"embeddable":true,"href":"https:\/\/agora.xtec.cat\/escolamediterrania\/wp-json\/wp\/v2\/users\/49"}],"replies":[{"embeddable":true,"href":"https:\/\/agora.xtec.cat\/escolamediterrania\/wp-json\/wp\/v2\/comments?post=11115"}],"version-history":[{"count":1,"href":"https:\/\/agora.xtec.cat\/escolamediterrania\/wp-json\/wp\/v2\/posts\/11115\/revisions"}],"predecessor-version":[{"id":11116,"href":"https:\/\/agora.xtec.cat\/escolamediterrania\/wp-json\/wp\/v2\/posts\/11115\/revisions\/11116"}],"wp:attachment":[{"href":"https:\/\/agora.xtec.cat\/escolamediterrania\/wp-json\/wp\/v2\/media?parent=11115"}],"wp:term":[{"taxonomy":"category","embeddable":true,"href":"https:\/\/agora.xtec.cat\/escolamediterrania\/wp-json\/wp\/v2\/categories?post=11115"},{"taxonomy":"post_tag","embeddable":true,"href":"https:\/\/agora.xtec.cat\/escolamediterrania\/wp-json\/wp\/v2\/tags?post=11115"}],"curies":[{"name":"wp","href":"https:\/\/api.w.org\/{rel}","templated":true}]}}