{"id":10815,"date":"2022-10-07T15:33:51","date_gmt":"2022-10-07T13:33:51","guid":{"rendered":"https:\/\/agora.xtec.cat\/escolamediterrania\/?p=10815"},"modified":"2022-10-07T15:33:51","modified_gmt":"2022-10-07T13:33:51","slug":"setmana-3-doctubre-2","status":"publish","type":"post","link":"https:\/\/agora.xtec.cat\/escolamediterrania\/infantil\/p3\/setmana-3-doctubre-2\/","title":{"rendered":"Setmana 3 d&#8217;octubre"},"content":{"rendered":"<p>Hola fam\u00edlies,<\/p>\n<p>Aquesta setmana hem fet moltes coses, ara us les expliquem.<\/p>\n<p>Dilluns vam comen\u00e7ar la circulaci\u00f3 lliure, podem anar a fer propostes a la sala de la Cova, de la Caseta de l&#8217;arbre, de Llum i color o quedar-nos al Petit Tipi. Ens hem adaptat\u00a0 molt b\u00e9, ens agrada anar per les diferents sales i triar all\u00f2 que ens ve m\u00e9s de gust fer.<\/p>\n<p>Dimarts a la tarda vam anar a la Torre Roja a agafar fulles de la tardor, el terra n&#8217;estava ple! Vam omplir una bossa i les vam portar a la classe per fer activitats.<\/p>\n<p>Dimecres vam anar a l&#8217;hort a plantar pastanagues. La Mari Carmen ens va explicar com ho hav\u00edem de fer, les hav\u00edem de posar en un forat a la terra , tapar-les una mica i regar-les. Ara haurem d&#8217;anar veient com creixen i posar-li aigua quan ho necessitin.<\/p>\n<p>Dijous tocava pl\u00e0stica i aquesta setmana vam pintar arr\u00f2s. El vam posar en una bossa, vam posar una mica d&#8217;alcohol, pintura i a remenar b\u00e9. Vam tenyir arr\u00f2s de color vermell, taronja, groc i marr\u00f3 i la setmana vinent el posarem a la taula d&#8217;experimentaci\u00f3.<\/p>\n<p>A m\u00e9s hem comen\u00e7at a jugar amb els noms dels nens i nenes de la classe i a fer s\u00e8ries amb diferents elements.<\/p>\n<p>Ha estat una setmana molt intensa i ara toca descansar una mica.<\/p>\n<p>Ens retrobem dilluns amb les mateixes ganes i energia de sempre.<\/p>\n<p>Bon cap de setmana!<\/p>\n<p>&nbsp;<\/p>\n","protected":false},"excerpt":{"rendered":"<p>Hola fam\u00edlies,<br \/>\nAquesta setmana hem fet moltes coses, ara us les expliquem.<br \/>\nDilluns vam comen\u00e7ar la circulaci\u00f3 lliure, podem anar a fer propostes a la sala de la Cova, de la Caseta de l&#8217;arbre, de Llum i color o quedar-nos al Petit Tipi. Ens hem adaptat\u00a0 molt&hellip;  <a href=\"https:\/\/agora.xtec.cat\/escolamediterrania\/infantil\/p3\/setmana-3-doctubre-2\/\" title=\"Read Setmana 3 d&#8217;octubre\">Llegeix m\u00e9s\u00bb<\/a><\/p>\n","protected":false},"author":49,"featured_media":0,"comment_status":"open","ping_status":"closed","sticky":false,"template":"","format":"standard","meta":{"_bbp_topic_count":0,"_bbp_reply_count":0,"_bbp_total_topic_count":0,"_bbp_total_reply_count":0,"_bbp_voice_count":0,"_bbp_anonymous_reply_count":0,"_bbp_topic_count_hidden":0,"_bbp_reply_count_hidden":0,"_bbp_forum_subforum_count":0,"footnotes":""},"categories":[3],"tags":[],"class_list":["post-10815","post","type-post","status-publish","format-standard","hentry","category-p3"],"post_mailing_queue_ids":[],"_links":{"self":[{"href":"https:\/\/agora.xtec.cat\/escolamediterrania\/wp-json\/wp\/v2\/posts\/10815","targetHints":{"allow":["GET"]}}],"collection":[{"href":"https:\/\/agora.xtec.cat\/escolamediterrania\/wp-json\/wp\/v2\/posts"}],"about":[{"href":"https:\/\/agora.xtec.cat\/escolamediterrania\/wp-json\/wp\/v2\/types\/post"}],"author":[{"embeddable":true,"href":"https:\/\/agora.xtec.cat\/escolamediterrania\/wp-json\/wp\/v2\/users\/49"}],"replies":[{"embeddable":true,"href":"https:\/\/agora.xtec.cat\/escolamediterrania\/wp-json\/wp\/v2\/comments?post=10815"}],"version-history":[{"count":1,"href":"https:\/\/agora.xtec.cat\/escolamediterrania\/wp-json\/wp\/v2\/posts\/10815\/revisions"}],"predecessor-version":[{"id":10816,"href":"https:\/\/agora.xtec.cat\/escolamediterrania\/wp-json\/wp\/v2\/posts\/10815\/revisions\/10816"}],"wp:attachment":[{"href":"https:\/\/agora.xtec.cat\/escolamediterrania\/wp-json\/wp\/v2\/media?parent=10815"}],"wp:term":[{"taxonomy":"category","embeddable":true,"href":"https:\/\/agora.xtec.cat\/escolamediterrania\/wp-json\/wp\/v2\/categories?post=10815"},{"taxonomy":"post_tag","embeddable":true,"href":"https:\/\/agora.xtec.cat\/escolamediterrania\/wp-json\/wp\/v2\/tags?post=10815"}],"curies":[{"name":"wp","href":"https:\/\/api.w.org\/{rel}","templated":true}]}}