{"id":10681,"date":"2022-06-17T10:45:39","date_gmt":"2022-06-17T08:45:39","guid":{"rendered":"https:\/\/agora.xtec.cat\/escolamediterrania\/?p=10681"},"modified":"2022-06-17T10:45:39","modified_gmt":"2022-06-17T08:45:39","slug":"moltes-felicitats-habitants-del-petit-tipi","status":"publish","type":"post","link":"https:\/\/agora.xtec.cat\/escolamediterrania\/infantil\/p3\/moltes-felicitats-habitants-del-petit-tipi\/","title":{"rendered":"MOLTES FELICITATS HABITANTS DEL PETIT TIPI"},"content":{"rendered":"<p>Habitants del Petit Tipi aquesta setmana hem celebrat els aniversaris dels infants que fan anys duran l\u2019estiu!! Moltes felicitats per la vostra propera nova volta al sol: Laia, Ohana, Nerea, Lilth, Leo, \u00c0xel, Noem\u00ed i Mohamed, d\u2019aqu\u00ed poquet ja fareu 4 anys!!<\/p>\n<p>Durant el mat\u00ed hem estat molt ocupats decorant les corones molones amb mil gomets de colors i formes!!<\/p>\n<p>I despr\u00e8s del pati hem estat cantant i ballant, hem fet una mega festa molt i molt divertida plena de m\u00fasica i ritme!!<\/p>\n<p>Els habitants del Petit tipi us volem desitjar un dia ple de sorpreses i coses boniques! Us enviem una forta abra\u00e7ada i un dol\u00e7 pet\u00f3 de cireres!<\/p>\n<p>&nbsp;<\/p>\n<p>PD. A LA TARDA PUJAR\u00c9 M\u00c9S FOTOS (no carreguen b\u00e9 a l&#8217;escola&#8230;)<\/p>\n","protected":false},"excerpt":{"rendered":"<p>Habitants del Petit Tipi aquesta setmana hem celebrat els aniversaris dels infants que fan anys duran l\u2019estiu!! Moltes felicitats per la vostra propera nova volta al sol: Laia, Ohana, Nerea, Lilth, Leo, \u00c0xel, Noem\u00ed i Mohamed, d\u2019aqu\u00ed poquet ja fareu 4 anys!!<br \/>\nDurant el mat\u00ed hem&hellip;  <a href=\"https:\/\/agora.xtec.cat\/escolamediterrania\/infantil\/p3\/moltes-felicitats-habitants-del-petit-tipi\/\" title=\"Read MOLTES FELICITATS HABITANTS DEL PETIT TIPI\">Llegeix m\u00e9s\u00bb<\/a><\/p>\n","protected":false},"author":20,"featured_media":0,"comment_status":"open","ping_status":"closed","sticky":false,"template":"","format":"standard","meta":{"_bbp_topic_count":0,"_bbp_reply_count":0,"_bbp_total_topic_count":0,"_bbp_total_reply_count":0,"_bbp_voice_count":0,"_bbp_anonymous_reply_count":0,"_bbp_topic_count_hidden":0,"_bbp_reply_count_hidden":0,"_bbp_forum_subforum_count":0,"footnotes":""},"categories":[3],"tags":[],"class_list":["post-10681","post","type-post","status-publish","format-standard","hentry","category-p3"],"post_mailing_queue_ids":[],"_links":{"self":[{"href":"https:\/\/agora.xtec.cat\/escolamediterrania\/wp-json\/wp\/v2\/posts\/10681","targetHints":{"allow":["GET"]}}],"collection":[{"href":"https:\/\/agora.xtec.cat\/escolamediterrania\/wp-json\/wp\/v2\/posts"}],"about":[{"href":"https:\/\/agora.xtec.cat\/escolamediterrania\/wp-json\/wp\/v2\/types\/post"}],"author":[{"embeddable":true,"href":"https:\/\/agora.xtec.cat\/escolamediterrania\/wp-json\/wp\/v2\/users\/20"}],"replies":[{"embeddable":true,"href":"https:\/\/agora.xtec.cat\/escolamediterrania\/wp-json\/wp\/v2\/comments?post=10681"}],"version-history":[{"count":1,"href":"https:\/\/agora.xtec.cat\/escolamediterrania\/wp-json\/wp\/v2\/posts\/10681\/revisions"}],"predecessor-version":[{"id":10682,"href":"https:\/\/agora.xtec.cat\/escolamediterrania\/wp-json\/wp\/v2\/posts\/10681\/revisions\/10682"}],"wp:attachment":[{"href":"https:\/\/agora.xtec.cat\/escolamediterrania\/wp-json\/wp\/v2\/media?parent=10681"}],"wp:term":[{"taxonomy":"category","embeddable":true,"href":"https:\/\/agora.xtec.cat\/escolamediterrania\/wp-json\/wp\/v2\/categories?post=10681"},{"taxonomy":"post_tag","embeddable":true,"href":"https:\/\/agora.xtec.cat\/escolamediterrania\/wp-json\/wp\/v2\/tags?post=10681"}],"curies":[{"name":"wp","href":"https:\/\/api.w.org\/{rel}","templated":true}]}}