{"id":700,"date":"2016-11-28T13:12:40","date_gmt":"2016-11-28T12:12:40","guid":{"rendered":"http:\/\/agora.xtec.cat\/escolamatagalls\/?p=700"},"modified":"2016-12-18T22:03:08","modified_gmt":"2016-12-18T21:03:08","slug":"santa-cecilia-2016","status":"publish","type":"post","link":"https:\/\/agora.xtec.cat\/escolamatagalls\/general\/santa-cecilia-2016\/","title":{"rendered":"Santa Cec\u00edlia 2016"},"content":{"rendered":"<p>Com cada any, a l\u2019escola \u00a0el dia 22 de novembre, celebrem la festivitat de Santa Cec\u00edlia, patrona dels m\u00fasics.<\/p>\n<p>Al llarg del mat\u00ed des de l&#8217;escola de m\u00fasica de Santa Maria de Palautordera, en Carles Pedragosa i l&#8217;Est\u00eavao ens han ofert diferents activitats.<\/p>\n<p>A educaci\u00f3 infantil, \u00a0ens han ensenyat la can\u00e7\u00f3 del <strong><em>Pa\u00eds dels Poca-soltes<\/em><\/strong>, dansant amb la <strong><em>Polka d&#8217;Ours<\/em><\/strong>. L&#8217;Est\u00eavao \u00a0tamb\u00e9 els va ensenyar que amb dues culleres es podia fer m\u00fasica.<\/p>\n<p>A cicle inicial , ens han ensenyat <strong><em>la can\u00e7\u00f3 del forner<\/em><\/strong>. Com treballem pulsaci\u00f3 i contratemps amb la coreografia de la can\u00e7\u00f3 que explica la feinada que t\u00e9 un forner a l&#8217;hora de fer pa.<\/p>\n<p>A cicle mitj\u00e0, ens han ensenyat <strong><em>la \u00a0Dansa del got al cap<\/em><\/strong>. L&#8217;equilibri \u00e9s essencial per a entendre i tocar la m\u00fasica. L\u2019Est\u00eavao amb una can\u00e7\u00f3 composada per ell mateix\u00a0 ens va fer aguantar un got a sobre el cap tot movent-nos i despr\u00e9s percutir-lo amb unes culleres de fusta.<\/p>\n<p>A cicle superior, ens han ensenyat \u00a0<strong><em>Gum-Boots<\/em><\/strong> \u00e9s una dansa provinent dels miners de sud\u00e0frica, que van inventar quan havien d&#8217;anar a les fosques per les galeries. Tamb\u00e9 ens van ensenyar la can\u00e7\u00f3 de <strong><em>Freedom is coming<\/em><\/strong>, contra l&#8217;esclavatge.<\/p>\n<p>Cliqueu al damunt i veureu <a href=\"https:\/\/goo.gl\/photos\/VJMgEjpbHS6EG5km8\">unes imatges<\/a><\/p>\n<p>A la tarda hem\u00a0muntat un circuit musical amb la col\u00b7laboraci\u00f3 d\u2019alguns pares de l\u2019escola, en quatre espais diferents:<br \/>\n\u2013 A l\u2019aula de psicomotricitat, en Toni, pare del Ferran i l&#8217;Anna Burgaya ens ha tocat la Gaita.<br \/>\n\u2013 En una de les aules de m\u00fasica en Pau i la Laia Saur\u00ed ens han cantat una can\u00e7\u00f3 acompanyada pel piano.<br \/>\n\u2013 Al gimn\u00e0s \u00a0en David D\u00edaz pare d\u2019en Nil i la Mina, en Javier Lu\u00eds Aylagas pare de l\u2019Aitor i en Bernat\u00a0 ens han fet un concert de rock.<br \/>\n\u2013 En l\u2019altra aula de m\u00fasica el pare del Guiu Pedragosa, en Carles ens ha fet un pas per la hist\u00f2ria del piano a trav\u00e9s de Beethoven, Chopin, Scott Joplin &#8230;<\/p>\n<p><iframe loading=\"lazy\" src=\"\/\/www.youtube.com\/embed\/yy3pwjvzgWI?rel=0\" width=\"560\" height=\"315\" frameborder=\"0\" allowfullscreen=\"allowfullscreen\"><\/iframe><\/p>\n<p>A continuaci\u00f3 teniu un v\u00eddeo amb les imatges de les activitats del mat\u00ed i la tarda.<br \/>\n<iframe loading=\"lazy\" src=\"\/\/www.youtube.com\/embed\/WEcMz7ulZsI?rel=0\" width=\"560\" height=\"315\" frameborder=\"0\" allowfullscreen=\"allowfullscreen\"><\/iframe><\/p>\n","protected":false},"excerpt":{"rendered":"<p>Com cada any, a l\u2019escola \u00a0el dia 22 de novembre, celebrem la festivitat de Santa Cec\u00edlia, patrona dels m\u00fasics. Al [&hellip;]<\/p>\n","protected":false},"author":1,"featured_media":694,"comment_status":"open","ping_status":"open","sticky":false,"template":"","format":"standard","meta":{"_bbp_topic_count":0,"_bbp_reply_count":0,"_bbp_total_topic_count":0,"_bbp_total_reply_count":0,"_bbp_voice_count":0,"_bbp_anonymous_reply_count":0,"_bbp_topic_count_hidden":0,"_bbp_reply_count_hidden":0,"_bbp_forum_subforum_count":0,"site-sidebar-layout":"default","site-content-layout":"","ast-site-content-layout":"","site-content-style":"default","site-sidebar-style":"default","ast-global-header-display":"","ast-banner-title-visibility":"","ast-main-header-display":"","ast-hfb-above-header-display":"","ast-hfb-below-header-display":"","ast-hfb-mobile-header-display":"","site-post-title":"","ast-breadcrumbs-content":"","ast-featured-img":"","footer-sml-layout":"","theme-transparent-header-meta":"","adv-header-id-meta":"","stick-header-meta":"","header-above-stick-meta":"","header-main-stick-meta":"","header-below-stick-meta":"","astra-migrate-meta-layouts":"default","ast-page-background-enabled":"default","ast-page-background-meta":{"desktop":{"background-color":"var(--ast-global-color-4)","background-image":"","background-repeat":"repeat","background-position":"center center","background-size":"auto","background-attachment":"scroll","background-type":"","background-media":"","overlay-type":"","overlay-color":"","overlay-opacity":"","overlay-gradient":""},"tablet":{"background-color":"","background-image":"","background-repeat":"repeat","background-position":"center center","background-size":"auto","background-attachment":"scroll","background-type":"","background-media":"","overlay-type":"","overlay-color":"","overlay-opacity":"","overlay-gradient":""},"mobile":{"background-color":"","background-image":"","background-repeat":"repeat","background-position":"center center","background-size":"auto","background-attachment":"scroll","background-type":"","background-media":"","overlay-type":"","overlay-color":"","overlay-opacity":"","overlay-gradient":""}},"ast-content-background-meta":{"desktop":{"background-color":"var(--ast-global-color-5)","background-image":"","background-repeat":"repeat","background-position":"center center","background-size":"auto","background-attachment":"scroll","background-type":"","background-media":"","overlay-type":"","overlay-color":"","overlay-opacity":"","overlay-gradient":""},"tablet":{"background-color":"var(--ast-global-color-5)","background-image":"","background-repeat":"repeat","background-position":"center center","background-size":"auto","background-attachment":"scroll","background-type":"","background-media":"","overlay-type":"","overlay-color":"","overlay-opacity":"","overlay-gradient":""},"mobile":{"background-color":"var(--ast-global-color-5)","background-image":"","background-repeat":"repeat","background-position":"center center","background-size":"auto","background-attachment":"scroll","background-type":"","background-media":"","overlay-type":"","overlay-color":"","overlay-opacity":"","overlay-gradient":""}},"footnotes":""},"categories":[1,2,4,5],"tags":[61,60],"class_list":["post-700","post","type-post","status-publish","format-standard","has-post-thumbnail","hentry","category-general","category-infantil","category-portada","category-primaria","tag-festes","tag-musica"],"post_mailing_queue_ids":[],"_links":{"self":[{"href":"https:\/\/agora.xtec.cat\/escolamatagalls\/wp-json\/wp\/v2\/posts\/700","targetHints":{"allow":["GET"]}}],"collection":[{"href":"https:\/\/agora.xtec.cat\/escolamatagalls\/wp-json\/wp\/v2\/posts"}],"about":[{"href":"https:\/\/agora.xtec.cat\/escolamatagalls\/wp-json\/wp\/v2\/types\/post"}],"author":[{"embeddable":true,"href":"https:\/\/agora.xtec.cat\/escolamatagalls\/wp-json\/wp\/v2\/users\/1"}],"replies":[{"embeddable":true,"href":"https:\/\/agora.xtec.cat\/escolamatagalls\/wp-json\/wp\/v2\/comments?post=700"}],"version-history":[{"count":4,"href":"https:\/\/agora.xtec.cat\/escolamatagalls\/wp-json\/wp\/v2\/posts\/700\/revisions"}],"predecessor-version":[{"id":724,"href":"https:\/\/agora.xtec.cat\/escolamatagalls\/wp-json\/wp\/v2\/posts\/700\/revisions\/724"}],"wp:featuredmedia":[{"embeddable":true,"href":"https:\/\/agora.xtec.cat\/escolamatagalls\/wp-json\/wp\/v2\/media\/694"}],"wp:attachment":[{"href":"https:\/\/agora.xtec.cat\/escolamatagalls\/wp-json\/wp\/v2\/media?parent=700"}],"wp:term":[{"taxonomy":"category","embeddable":true,"href":"https:\/\/agora.xtec.cat\/escolamatagalls\/wp-json\/wp\/v2\/categories?post=700"},{"taxonomy":"post_tag","embeddable":true,"href":"https:\/\/agora.xtec.cat\/escolamatagalls\/wp-json\/wp\/v2\/tags?post=700"}],"curies":[{"name":"wp","href":"https:\/\/api.w.org\/{rel}","templated":true}]}}