{"id":6128,"date":"2026-04-20T09:33:42","date_gmt":"2026-04-20T07:33:42","guid":{"rendered":"https:\/\/agora.xtec.cat\/escolamatagalls\/?p=6128"},"modified":"2026-04-20T09:33:42","modified_gmt":"2026-04-20T07:33:42","slug":"i3-llunes-el-meu-nom-la-meva-identitat","status":"publish","type":"post","link":"https:\/\/agora.xtec.cat\/escolamatagalls\/general\/i3-llunes-el-meu-nom-la-meva-identitat\/","title":{"rendered":"I3. Llunes: El meu nom, la meva identitat."},"content":{"rendered":"<h2><span style=\"font-weight: 400;\">El grup de les Llunes<\/span> <span style=\"font-weight: 400;\">d\u2019I3<\/span><b>: EL MEU NOM, <\/b><span style=\"font-weight: 400;\">la meva identitat<\/span><\/h2>\n<p><span style=\"font-weight: 400;\">A l\u2019aula d\u2019I3, un dels primers aprenentatges m\u00e9s motivadors \u00e9s <\/span><b>recon\u00e8ixer i identificar el propi nom<\/b><span style=\"font-weight: 400;\">. M\u00e9s enll\u00e0 de ser una eina clau per accedir a la lectura i al llenguatge escrit, el nom \u00e9s el cor de la identitat de cada infant.<\/span><\/p>\n<h3><b>PER QU\u00c8 \u00c9S TAN IMPORTANT EL NOM?<\/b><\/h3>\n<p><span style=\"font-weight: 400;\">El nom t\u00e9 una c\u00e0rrega emocional \u00fanica i ajuda els infants en tres pilars fonamentals:<\/span><\/p>\n<ul>\n<li style=\"font-weight: 400;\" aria-level=\"1\"><b>Construir la identitat:<\/b><span style=\"font-weight: 400;\"> Els ajuda a situar-se al m\u00f3n i a sentir-se part del grup.<\/span><\/li>\n<li style=\"font-weight: 400;\" aria-level=\"1\"><b>Aprendre el llenguatge:<\/b><span style=\"font-weight: 400;\"> \u00c9s el seu primer contacte real amb la forma i el so de les lletres.<\/span><\/li>\n<li style=\"font-weight: 400;\" aria-level=\"1\"><b>Guanyar autonomia:<\/b><span style=\"font-weight: 400;\"> Recon\u00e8ixer el seu nom al penjador, a la roba o a la motxilla els fa sentir segurs i capa\u00e7os.<\/span><\/li>\n<\/ul>\n<h3><b>COM HO APRENEM A L\u2019AULA?<\/b><\/h3>\n<p><span style=\"font-weight: 400;\">Acompanyem aquest proc\u00e9s de manera <\/span><b>progressiva, vivencial i l\u00fadica<\/b><span style=\"font-weight: 400;\">, integrant-lo en les rutines di\u00e0ries. A trav\u00e9s del joc i l\u2019experimentaci\u00f3, els infants descobreixen el seu nom amb activitats com:<\/span><\/p>\n<ol>\n<li style=\"font-weight: 400;\" aria-level=\"1\"><b>Manipulaci\u00f3:<\/b><span style=\"font-weight: 400;\"> Confegim el nom amb lletres de fusta, plastilina o elements naturals.<\/span><\/li>\n<li style=\"font-weight: 400;\" aria-level=\"1\"><b>Exploraci\u00f3 sensorial:<\/b><span style=\"font-weight: 400;\"> Experimentem el tra\u00e7 de les lletres sobre sorra, fang o pintura.<\/span><\/li>\n<li style=\"font-weight: 400;\" aria-level=\"1\"><b>Psicomotricitat:<\/b><span style=\"font-weight: 400;\"> Resseguim les lletres amb diferents eines o, fins i tot, amb el propi cos.<\/span><\/li>\n<li style=\"font-weight: 400;\" aria-level=\"1\"><b>Reconeixement:<\/b><span style=\"font-weight: 400;\"> Juguem a buscar el propi nom entre el dels altres companys.<\/span><\/li>\n<\/ol>\n<p><span style=\"font-weight: 400;\">Aquestes propostes no nom\u00e9s ensenyen lletres, sin\u00f3 que afavoreixen la <\/span><b>consci\u00e8ncia fonol\u00f2gica<\/b><span style=\"font-weight: 400;\">, la <\/span><b>motricitat fina<\/b><span style=\"font-weight: 400;\"> i l&#8217;inter\u00e8s genu\u00ed per l&#8217;escriptura.<\/span><\/p>\n<h3><b>EL VALOR D\u2019ANOMENAR-LOS PEL SEU NOM<\/b><\/h3>\n<p><span style=\"font-weight: 400;\">Tot i que sovint ens surten mots afectuosos, \u00e9s vital anomenar els infants pel seu <\/span><b>nom de pila<\/b><span style=\"font-weight: 400;\">. En fer-ho, els estem dient: <\/span><i><span style=\"font-weight: 400;\">&#8220;Et reconec com a persona \u00fanica&#8221;<\/span><\/i><span style=\"font-weight: 400;\">. Aix\u00f2 els aporta dignitat i refor\u00e7a la seva personalitat. Res sona tan b\u00e9 per a un infant com el seu propi nom pronunciat amb amor i respecte.<\/span><\/p>\n<p><b>Respectem el seu ritme:<\/b><span style=\"font-weight: 400;\"> Cada infant t\u00e9 el seu temps per mostrar inter\u00e8s. \u00c9s realment emocionant veure com celebren, amb alegria i orgull, el moment en qu\u00e8 ja s\u00f3n capa\u00e7os de recon\u00e8ixer el seu nom per ells mateixos!<\/span><\/p>\n<p><b>ACOMPANYEM-LOS EN AQUEST VIATGE PLE DE LLETRES, IL.LUSI\u00d3 I IDENTITAT!<\/b><\/p>\n<p><i><span style=\"font-weight: 400;\">Us mostrem a continuaci\u00f3 algunes imatges de les activitats on podreu veure com aprenen de manera significativa i gaudint de cada pas del proc\u00e9s.<\/span><\/i><\/p>\n<p>&nbsp;<\/p>\n<div id='gallery-1' class='gallery galleryid-6128 gallery-columns-2 gallery-size-full'><figure class='gallery-item'>\n\t\t\t<div class='gallery-icon portrait'>\n\t\t\t\t<a href='https:\/\/agora.xtec.cat\/escolamatagalls\/general\/i3-llunes-el-meu-nom-la-meva-identitat\/attachment\/oppo_34-11\/'><img loading=\"lazy\" decoding=\"async\" width=\"900\" height=\"2000\" src=\"https:\/\/agora.xtec.cat\/escolamatagalls\/wp-content\/uploads\/usu965\/2026\/04\/IMG20251201105514-1.jpg\" class=\"attachment-full size-full\" alt=\"\" srcset=\"https:\/\/agora.xtec.cat\/escolamatagalls\/wp-content\/uploads\/usu965\/2026\/04\/IMG20251201105514-1.jpg 900w, https:\/\/agora.xtec.cat\/escolamatagalls\/wp-content\/uploads\/usu965\/2026\/04\/IMG20251201105514-1-135x300.jpg 135w, https:\/\/agora.xtec.cat\/escolamatagalls\/wp-content\/uploads\/usu965\/2026\/04\/IMG20251201105514-1-461x1024.jpg 461w, https:\/\/agora.xtec.cat\/escolamatagalls\/wp-content\/uploads\/usu965\/2026\/04\/IMG20251201105514-1-768x1707.jpg 768w, https:\/\/agora.xtec.cat\/escolamatagalls\/wp-content\/uploads\/usu965\/2026\/04\/IMG20251201105514-1-691x1536.jpg 691w\" sizes=\"auto, (max-width: 900px) 100vw, 900px\" \/><\/a>\n\t\t\t<\/div><\/figure><figure class='gallery-item'>\n\t\t\t<div class='gallery-icon portrait'>\n\t\t\t\t<a href='https:\/\/agora.xtec.cat\/escolamatagalls\/general\/i3-llunes-el-meu-nom-la-meva-identitat\/attachment\/oppo_34-10\/'><img loading=\"lazy\" decoding=\"async\" width=\"900\" height=\"2000\" src=\"https:\/\/agora.xtec.cat\/escolamatagalls\/wp-content\/uploads\/usu965\/2026\/04\/IMG20251118100351.jpg\" class=\"attachment-full size-full\" alt=\"\" srcset=\"https:\/\/agora.xtec.cat\/escolamatagalls\/wp-content\/uploads\/usu965\/2026\/04\/IMG20251118100351.jpg 900w, https:\/\/agora.xtec.cat\/escolamatagalls\/wp-content\/uploads\/usu965\/2026\/04\/IMG20251118100351-135x300.jpg 135w, https:\/\/agora.xtec.cat\/escolamatagalls\/wp-content\/uploads\/usu965\/2026\/04\/IMG20251118100351-461x1024.jpg 461w, https:\/\/agora.xtec.cat\/escolamatagalls\/wp-content\/uploads\/usu965\/2026\/04\/IMG20251118100351-768x1707.jpg 768w, https:\/\/agora.xtec.cat\/escolamatagalls\/wp-content\/uploads\/usu965\/2026\/04\/IMG20251118100351-691x1536.jpg 691w\" sizes=\"auto, (max-width: 900px) 100vw, 900px\" \/><\/a>\n\t\t\t<\/div><\/figure><figure class='gallery-item'>\n\t\t\t<div class='gallery-icon portrait'>\n\t\t\t\t<a href='https:\/\/agora.xtec.cat\/escolamatagalls\/general\/i3-llunes-el-meu-nom-la-meva-identitat\/attachment\/foto-de-monica-25-1\/'><img loading=\"lazy\" decoding=\"async\" width=\"450\" height=\"800\" src=\"https:\/\/agora.xtec.cat\/escolamatagalls\/wp-content\/uploads\/usu965\/2026\/04\/Foto-de-Monica-25-1.jpg\" class=\"attachment-full size-full\" alt=\"\" srcset=\"https:\/\/agora.xtec.cat\/escolamatagalls\/wp-content\/uploads\/usu965\/2026\/04\/Foto-de-Monica-25-1.jpg 450w, https:\/\/agora.xtec.cat\/escolamatagalls\/wp-content\/uploads\/usu965\/2026\/04\/Foto-de-Monica-25-1-169x300.jpg 169w\" sizes=\"auto, (max-width: 450px) 100vw, 450px\" \/><\/a>\n\t\t\t<\/div><\/figure><figure class='gallery-item'>\n\t\t\t<div class='gallery-icon landscape'>\n\t\t\t\t<a href='https:\/\/agora.xtec.cat\/escolamatagalls\/general\/i3-llunes-el-meu-nom-la-meva-identitat\/attachment\/oplus_0\/'><img loading=\"lazy\" decoding=\"async\" width=\"1330\" height=\"1049\" src=\"https:\/\/agora.xtec.cat\/escolamatagalls\/wp-content\/uploads\/usu965\/2026\/04\/IMG_20260417_095841.jpg\" class=\"attachment-full size-full\" alt=\"\" srcset=\"https:\/\/agora.xtec.cat\/escolamatagalls\/wp-content\/uploads\/usu965\/2026\/04\/IMG_20260417_095841.jpg 1330w, https:\/\/agora.xtec.cat\/escolamatagalls\/wp-content\/uploads\/usu965\/2026\/04\/IMG_20260417_095841-300x237.jpg 300w, https:\/\/agora.xtec.cat\/escolamatagalls\/wp-content\/uploads\/usu965\/2026\/04\/IMG_20260417_095841-1024x808.jpg 1024w, https:\/\/agora.xtec.cat\/escolamatagalls\/wp-content\/uploads\/usu965\/2026\/04\/IMG_20260417_095841-768x606.jpg 768w\" sizes=\"auto, (max-width: 1330px) 100vw, 1330px\" \/><\/a>\n\t\t\t<\/div><\/figure><figure class='gallery-item'>\n\t\t\t<div class='gallery-icon landscape'>\n\t\t\t\t<a href='https:\/\/agora.xtec.cat\/escolamatagalls\/general\/i3-llunes-el-meu-nom-la-meva-identitat\/attachment\/oplus_131106\/'><img loading=\"lazy\" decoding=\"async\" width=\"2000\" height=\"1374\" src=\"https:\/\/agora.xtec.cat\/escolamatagalls\/wp-content\/uploads\/usu965\/2026\/04\/IMG_20260415_211724.jpg\" class=\"attachment-full size-full\" alt=\"\" srcset=\"https:\/\/agora.xtec.cat\/escolamatagalls\/wp-content\/uploads\/usu965\/2026\/04\/IMG_20260415_211724.jpg 2000w, https:\/\/agora.xtec.cat\/escolamatagalls\/wp-content\/uploads\/usu965\/2026\/04\/IMG_20260415_211724-300x206.jpg 300w, https:\/\/agora.xtec.cat\/escolamatagalls\/wp-content\/uploads\/usu965\/2026\/04\/IMG_20260415_211724-1024x703.jpg 1024w, https:\/\/agora.xtec.cat\/escolamatagalls\/wp-content\/uploads\/usu965\/2026\/04\/IMG_20260415_211724-768x528.jpg 768w, https:\/\/agora.xtec.cat\/escolamatagalls\/wp-content\/uploads\/usu965\/2026\/04\/IMG_20260415_211724-1536x1055.jpg 1536w\" sizes=\"auto, (max-width: 2000px) 100vw, 2000px\" \/><\/a>\n\t\t\t<\/div><\/figure><figure class='gallery-item'>\n\t\t\t<div class='gallery-icon landscape'>\n\t\t\t\t<a href='https:\/\/agora.xtec.cat\/escolamatagalls\/general\/i3-llunes-el-meu-nom-la-meva-identitat\/attachment\/oppo_18\/'><img loading=\"lazy\" decoding=\"async\" width=\"2000\" height=\"1500\" src=\"https:\/\/agora.xtec.cat\/escolamatagalls\/wp-content\/uploads\/usu965\/2026\/04\/IMG20260417100953.jpg\" class=\"attachment-full size-full\" alt=\"\" srcset=\"https:\/\/agora.xtec.cat\/escolamatagalls\/wp-content\/uploads\/usu965\/2026\/04\/IMG20260417100953.jpg 2000w, https:\/\/agora.xtec.cat\/escolamatagalls\/wp-content\/uploads\/usu965\/2026\/04\/IMG20260417100953-300x225.jpg 300w, https:\/\/agora.xtec.cat\/escolamatagalls\/wp-content\/uploads\/usu965\/2026\/04\/IMG20260417100953-1024x768.jpg 1024w, https:\/\/agora.xtec.cat\/escolamatagalls\/wp-content\/uploads\/usu965\/2026\/04\/IMG20260417100953-768x576.jpg 768w, https:\/\/agora.xtec.cat\/escolamatagalls\/wp-content\/uploads\/usu965\/2026\/04\/IMG20260417100953-1536x1152.jpg 1536w\" sizes=\"auto, (max-width: 2000px) 100vw, 2000px\" \/><\/a>\n\t\t\t<\/div><\/figure><figure class='gallery-item'>\n\t\t\t<div class='gallery-icon landscape'>\n\t\t\t\t<a href='https:\/\/agora.xtec.cat\/escolamatagalls\/general\/i3-llunes-el-meu-nom-la-meva-identitat\/attachment\/oplus_2-8\/'><img loading=\"lazy\" decoding=\"async\" width=\"2000\" height=\"1278\" src=\"https:\/\/agora.xtec.cat\/escolamatagalls\/wp-content\/uploads\/usu965\/2026\/04\/IMG_20260414_224555-1.jpg\" class=\"attachment-full size-full\" alt=\"\" srcset=\"https:\/\/agora.xtec.cat\/escolamatagalls\/wp-content\/uploads\/usu965\/2026\/04\/IMG_20260414_224555-1.jpg 2000w, https:\/\/agora.xtec.cat\/escolamatagalls\/wp-content\/uploads\/usu965\/2026\/04\/IMG_20260414_224555-1-300x192.jpg 300w, https:\/\/agora.xtec.cat\/escolamatagalls\/wp-content\/uploads\/usu965\/2026\/04\/IMG_20260414_224555-1-1024x654.jpg 1024w, https:\/\/agora.xtec.cat\/escolamatagalls\/wp-content\/uploads\/usu965\/2026\/04\/IMG_20260414_224555-1-768x491.jpg 768w, https:\/\/agora.xtec.cat\/escolamatagalls\/wp-content\/uploads\/usu965\/2026\/04\/IMG_20260414_224555-1-1536x982.jpg 1536w\" sizes=\"auto, (max-width: 2000px) 100vw, 2000px\" \/><\/a>\n\t\t\t<\/div><\/figure><figure class='gallery-item'>\n\t\t\t<div class='gallery-icon landscape'>\n\t\t\t\t<a href='https:\/\/agora.xtec.cat\/escolamatagalls\/general\/i3-llunes-el-meu-nom-la-meva-identitat\/attachment\/oplus_2-9\/'><img loading=\"lazy\" decoding=\"async\" width=\"1168\" height=\"928\" src=\"https:\/\/agora.xtec.cat\/escolamatagalls\/wp-content\/uploads\/usu965\/2026\/04\/IMG_20260414_232934-1.jpg\" class=\"attachment-full size-full\" alt=\"\" srcset=\"https:\/\/agora.xtec.cat\/escolamatagalls\/wp-content\/uploads\/usu965\/2026\/04\/IMG_20260414_232934-1.jpg 1168w, https:\/\/agora.xtec.cat\/escolamatagalls\/wp-content\/uploads\/usu965\/2026\/04\/IMG_20260414_232934-1-300x238.jpg 300w, https:\/\/agora.xtec.cat\/escolamatagalls\/wp-content\/uploads\/usu965\/2026\/04\/IMG_20260414_232934-1-1024x814.jpg 1024w, https:\/\/agora.xtec.cat\/escolamatagalls\/wp-content\/uploads\/usu965\/2026\/04\/IMG_20260414_232934-1-768x610.jpg 768w\" sizes=\"auto, (max-width: 1168px) 100vw, 1168px\" \/><\/a>\n\t\t\t<\/div><\/figure><figure class='gallery-item'>\n\t\t\t<div class='gallery-icon landscape'>\n\t\t\t\t<a href='https:\/\/agora.xtec.cat\/escolamatagalls\/general\/i3-llunes-el-meu-nom-la-meva-identitat\/attachment\/oplus_18\/'><img loading=\"lazy\" decoding=\"async\" width=\"1527\" height=\"1500\" src=\"https:\/\/agora.xtec.cat\/escolamatagalls\/wp-content\/uploads\/usu965\/2026\/04\/IMG_20260417_104918.jpg\" class=\"attachment-full size-full\" alt=\"\" srcset=\"https:\/\/agora.xtec.cat\/escolamatagalls\/wp-content\/uploads\/usu965\/2026\/04\/IMG_20260417_104918.jpg 1527w, https:\/\/agora.xtec.cat\/escolamatagalls\/wp-content\/uploads\/usu965\/2026\/04\/IMG_20260417_104918-300x295.jpg 300w, https:\/\/agora.xtec.cat\/escolamatagalls\/wp-content\/uploads\/usu965\/2026\/04\/IMG_20260417_104918-1024x1006.jpg 1024w, https:\/\/agora.xtec.cat\/escolamatagalls\/wp-content\/uploads\/usu965\/2026\/04\/IMG_20260417_104918-768x754.jpg 768w\" sizes=\"auto, (max-width: 1527px) 100vw, 1527px\" \/><\/a>\n\t\t\t<\/div><\/figure>\n\t\t<\/div>\n\n","protected":false},"excerpt":{"rendered":"<p>El grup de les Llunes d\u2019I3: EL MEU NOM, la meva identitat A l\u2019aula d\u2019I3, un dels primers aprenentatges m\u00e9s [&hellip;]<\/p>\n","protected":false},"author":34,"featured_media":6130,"comment_status":"closed","ping_status":"open","sticky":false,"template":"","format":"standard","meta":{"_bbp_topic_count":0,"_bbp_reply_count":0,"_bbp_total_topic_count":0,"_bbp_total_reply_count":0,"_bbp_voice_count":0,"_bbp_anonymous_reply_count":0,"_bbp_topic_count_hidden":0,"_bbp_reply_count_hidden":0,"_bbp_forum_subforum_count":0,"site-sidebar-layout":"default","site-content-layout":"","ast-site-content-layout":"default","site-content-style":"default","site-sidebar-style":"default","ast-global-header-display":"","ast-banner-title-visibility":"","ast-main-header-display":"","ast-hfb-above-header-display":"","ast-hfb-below-header-display":"","ast-hfb-mobile-header-display":"","site-post-title":"","ast-breadcrumbs-content":"","ast-featured-img":"","footer-sml-layout":"","theme-transparent-header-meta":"default","adv-header-id-meta":"","stick-header-meta":"","header-above-stick-meta":"","header-main-stick-meta":"","header-below-stick-meta":"","astra-migrate-meta-layouts":"set","ast-page-background-enabled":"default","ast-page-background-meta":{"desktop":{"background-color":"var(--ast-global-color-4)","background-image":"","background-repeat":"repeat","background-position":"center center","background-size":"auto","background-attachment":"scroll","background-type":"","background-media":"","overlay-type":"","overlay-color":"","overlay-opacity":"","overlay-gradient":""},"tablet":{"background-color":"","background-image":"","background-repeat":"repeat","background-position":"center center","background-size":"auto","background-attachment":"scroll","background-type":"","background-media":"","overlay-type":"","overlay-color":"","overlay-opacity":"","overlay-gradient":""},"mobile":{"background-color":"","background-image":"","background-repeat":"repeat","background-position":"center center","background-size":"auto","background-attachment":"scroll","background-type":"","background-media":"","overlay-type":"","overlay-color":"","overlay-opacity":"","overlay-gradient":""}},"ast-content-background-meta":{"desktop":{"background-color":"var(--ast-global-color-5)","background-image":"","background-repeat":"repeat","background-position":"center center","background-size":"auto","background-attachment":"scroll","background-type":"","background-media":"","overlay-type":"","overlay-color":"","overlay-opacity":"","overlay-gradient":""},"tablet":{"background-color":"var(--ast-global-color-5)","background-image":"","background-repeat":"repeat","background-position":"center center","background-size":"auto","background-attachment":"scroll","background-type":"","background-media":"","overlay-type":"","overlay-color":"","overlay-opacity":"","overlay-gradient":""},"mobile":{"background-color":"var(--ast-global-color-5)","background-image":"","background-repeat":"repeat","background-position":"center center","background-size":"auto","background-attachment":"scroll","background-type":"","background-media":"","overlay-type":"","overlay-color":"","overlay-opacity":"","overlay-gradient":""}},"footnotes":""},"categories":[1,3,2,4],"tags":[],"class_list":["post-6128","post","type-post","status-publish","format-standard","has-post-thumbnail","hentry","category-general","category-i3","category-infantil","category-portada"],"post_mailing_queue_ids":[],"_links":{"self":[{"href":"https:\/\/agora.xtec.cat\/escolamatagalls\/wp-json\/wp\/v2\/posts\/6128","targetHints":{"allow":["GET"]}}],"collection":[{"href":"https:\/\/agora.xtec.cat\/escolamatagalls\/wp-json\/wp\/v2\/posts"}],"about":[{"href":"https:\/\/agora.xtec.cat\/escolamatagalls\/wp-json\/wp\/v2\/types\/post"}],"author":[{"embeddable":true,"href":"https:\/\/agora.xtec.cat\/escolamatagalls\/wp-json\/wp\/v2\/users\/34"}],"replies":[{"embeddable":true,"href":"https:\/\/agora.xtec.cat\/escolamatagalls\/wp-json\/wp\/v2\/comments?post=6128"}],"version-history":[{"count":1,"href":"https:\/\/agora.xtec.cat\/escolamatagalls\/wp-json\/wp\/v2\/posts\/6128\/revisions"}],"predecessor-version":[{"id":6139,"href":"https:\/\/agora.xtec.cat\/escolamatagalls\/wp-json\/wp\/v2\/posts\/6128\/revisions\/6139"}],"wp:featuredmedia":[{"embeddable":true,"href":"https:\/\/agora.xtec.cat\/escolamatagalls\/wp-json\/wp\/v2\/media\/6130"}],"wp:attachment":[{"href":"https:\/\/agora.xtec.cat\/escolamatagalls\/wp-json\/wp\/v2\/media?parent=6128"}],"wp:term":[{"taxonomy":"category","embeddable":true,"href":"https:\/\/agora.xtec.cat\/escolamatagalls\/wp-json\/wp\/v2\/categories?post=6128"},{"taxonomy":"post_tag","embeddable":true,"href":"https:\/\/agora.xtec.cat\/escolamatagalls\/wp-json\/wp\/v2\/tags?post=6128"}],"curies":[{"name":"wp","href":"https:\/\/api.w.org\/{rel}","templated":true}]}}