{"id":555,"date":"2016-11-18T20:06:10","date_gmt":"2016-11-18T19:06:10","guid":{"rendered":"http:\/\/agora.xtec.cat\/escolamatagalls\/?p=555"},"modified":"2016-11-18T20:09:57","modified_gmt":"2016-11-18T19:09:57","slug":"treballem-el-suport-vital-basic","status":"publish","type":"post","link":"https:\/\/agora.xtec.cat\/escolamatagalls\/general\/treballem-el-suport-vital-basic\/","title":{"rendered":"Treballem el Suport Vital B\u00e0sic"},"content":{"rendered":"<p style=\"text-align: justify;\">La comunitat educativa de l\u2019Escola Matagalls est\u00e0 treballant durant aquestes setmanes el \u00a0programa educatiu de Suport Vital B\u00e0sic escolar amb la col\u00b7laboraci\u00f3\u00a0 i coordinaci\u00f3 del Departament d\u2019Ensenyament i del Consell Catal\u00e0 de Ressuscitaci\u00f3. L\u2019objectiu principal de l\u2019activitat \u00e9s que l&#8217;alumnat aprengui coneixements b\u00e0sics gradualment (te\u00f2rics i pr\u00e0ctics), adaptats a cada edat, relacionats amb <strong>qu\u00e8 \u00e9s, qu\u00e8 cal fer i com podem actuar davant d\u2019una situaci\u00f3 d\u2019emerg\u00e8ncia vital<\/strong>.<\/p>\n<p style=\"text-align: justify;\">La formaci\u00f3 s\u2019inicia a educaci\u00f3 infantil i prim\u00e0ria amb un contingut b\u00e0sic i cada any, de forma progressiva, es van afegint nous continguts i objectius (a trav\u00e9s de diverses activitats adaptades a l\u2019edat del nen\/a) per aconseguir que a cada etapa formativa es realitzi una acci\u00f3 m\u00e9s davant l\u2019aturada cardiorespirat\u00f2ria (ACR), concepte que s\u2019introdueix a cicle mitj\u00e0 i superior.<\/p>\n<p><a href=\"http:\/\/agora.xtec.cat\/escolamatagalls\/wp-content\/uploads\/usu965\/2016\/11\/SBV.jpg\"><img loading=\"lazy\" decoding=\"async\" class=\"alignleft wp-image-556\" src=\"http:\/\/agora.xtec.cat\/escolamatagalls\/wp-content\/uploads\/usu965\/2016\/11\/SBV-150x150.jpg\" alt=\"sbv\" width=\"226\" height=\"226\" \/><\/a><\/p>\n","protected":false},"excerpt":{"rendered":"<p>La comunitat educativa de l\u2019Escola Matagalls est\u00e0 treballant durant aquestes setmanes el \u00a0programa educatiu de Suport Vital B\u00e0sic escolar amb [&hellip;]<\/p>\n","protected":false},"author":1,"featured_media":556,"comment_status":"open","ping_status":"open","sticky":false,"template":"","format":"standard","meta":{"_bbp_topic_count":0,"_bbp_reply_count":0,"_bbp_total_topic_count":0,"_bbp_total_reply_count":0,"_bbp_voice_count":0,"_bbp_anonymous_reply_count":0,"_bbp_topic_count_hidden":0,"_bbp_reply_count_hidden":0,"_bbp_forum_subforum_count":0,"site-sidebar-layout":"default","site-content-layout":"","ast-site-content-layout":"","site-content-style":"default","site-sidebar-style":"default","ast-global-header-display":"","ast-banner-title-visibility":"","ast-main-header-display":"","ast-hfb-above-header-display":"","ast-hfb-below-header-display":"","ast-hfb-mobile-header-display":"","site-post-title":"","ast-breadcrumbs-content":"","ast-featured-img":"","footer-sml-layout":"","theme-transparent-header-meta":"","adv-header-id-meta":"","stick-header-meta":"","header-above-stick-meta":"","header-main-stick-meta":"","header-below-stick-meta":"","astra-migrate-meta-layouts":"default","ast-page-background-enabled":"default","ast-page-background-meta":{"desktop":{"background-color":"var(--ast-global-color-4)","background-image":"","background-repeat":"repeat","background-position":"center center","background-size":"auto","background-attachment":"scroll","background-type":"","background-media":"","overlay-type":"","overlay-color":"","overlay-opacity":"","overlay-gradient":""},"tablet":{"background-color":"","background-image":"","background-repeat":"repeat","background-position":"center center","background-size":"auto","background-attachment":"scroll","background-type":"","background-media":"","overlay-type":"","overlay-color":"","overlay-opacity":"","overlay-gradient":""},"mobile":{"background-color":"","background-image":"","background-repeat":"repeat","background-position":"center center","background-size":"auto","background-attachment":"scroll","background-type":"","background-media":"","overlay-type":"","overlay-color":"","overlay-opacity":"","overlay-gradient":""}},"ast-content-background-meta":{"desktop":{"background-color":"var(--ast-global-color-5)","background-image":"","background-repeat":"repeat","background-position":"center center","background-size":"auto","background-attachment":"scroll","background-type":"","background-media":"","overlay-type":"","overlay-color":"","overlay-opacity":"","overlay-gradient":""},"tablet":{"background-color":"var(--ast-global-color-5)","background-image":"","background-repeat":"repeat","background-position":"center center","background-size":"auto","background-attachment":"scroll","background-type":"","background-media":"","overlay-type":"","overlay-color":"","overlay-opacity":"","overlay-gradient":""},"mobile":{"background-color":"var(--ast-global-color-5)","background-image":"","background-repeat":"repeat","background-position":"center center","background-size":"auto","background-attachment":"scroll","background-type":"","background-media":"","overlay-type":"","overlay-color":"","overlay-opacity":"","overlay-gradient":""}},"footnotes":""},"categories":[1,2,4,5],"tags":[],"class_list":["post-555","post","type-post","status-publish","format-standard","has-post-thumbnail","hentry","category-general","category-infantil","category-portada","category-primaria"],"post_mailing_queue_ids":[],"_links":{"self":[{"href":"https:\/\/agora.xtec.cat\/escolamatagalls\/wp-json\/wp\/v2\/posts\/555","targetHints":{"allow":["GET"]}}],"collection":[{"href":"https:\/\/agora.xtec.cat\/escolamatagalls\/wp-json\/wp\/v2\/posts"}],"about":[{"href":"https:\/\/agora.xtec.cat\/escolamatagalls\/wp-json\/wp\/v2\/types\/post"}],"author":[{"embeddable":true,"href":"https:\/\/agora.xtec.cat\/escolamatagalls\/wp-json\/wp\/v2\/users\/1"}],"replies":[{"embeddable":true,"href":"https:\/\/agora.xtec.cat\/escolamatagalls\/wp-json\/wp\/v2\/comments?post=555"}],"version-history":[{"count":2,"href":"https:\/\/agora.xtec.cat\/escolamatagalls\/wp-json\/wp\/v2\/posts\/555\/revisions"}],"predecessor-version":[{"id":558,"href":"https:\/\/agora.xtec.cat\/escolamatagalls\/wp-json\/wp\/v2\/posts\/555\/revisions\/558"}],"wp:featuredmedia":[{"embeddable":true,"href":"https:\/\/agora.xtec.cat\/escolamatagalls\/wp-json\/wp\/v2\/media\/556"}],"wp:attachment":[{"href":"https:\/\/agora.xtec.cat\/escolamatagalls\/wp-json\/wp\/v2\/media?parent=555"}],"wp:term":[{"taxonomy":"category","embeddable":true,"href":"https:\/\/agora.xtec.cat\/escolamatagalls\/wp-json\/wp\/v2\/categories?post=555"},{"taxonomy":"post_tag","embeddable":true,"href":"https:\/\/agora.xtec.cat\/escolamatagalls\/wp-json\/wp\/v2\/tags?post=555"}],"curies":[{"name":"wp","href":"https:\/\/api.w.org\/{rel}","templated":true}]}}