{"id":4899,"date":"2024-11-27T15:35:27","date_gmt":"2024-11-27T14:35:27","guid":{"rendered":"https:\/\/agora.xtec.cat\/escolamatagalls\/?p=4899"},"modified":"2025-02-28T11:36:55","modified_gmt":"2025-02-28T10:36:55","slug":"contes-de-la-castanyera-que-no-te-castanyes","status":"publish","type":"post","link":"https:\/\/agora.xtec.cat\/escolamatagalls\/general\/contes-de-la-castanyera-que-no-te-castanyes\/","title":{"rendered":"Contes de la Castanyera que no t\u00e9 castanyes"},"content":{"rendered":"<p>Els alumnes de la classe del Gorg Negre estem contents perqu\u00e8 ha arribat la tardor. Aquesta \u00e8poca de l&#8217;any ens porta a la nostra ment fulles que cauen dels arbres, aquells colors que agafen els boscos i una sensaci\u00f3 de fresqueta portada per la pluja. A m\u00e9s tenim un record especial per la castanyera. Pensant en ella hem escrit uns contes especials, ja que en aquest cas aquest personatge de la tardor no t\u00e9 castanyes. No sentiu curiositat per saber qu\u00e8 ens hem imaginat? Si ho voleu descobrir, cliqueu aqu\u00ed mateix. Teniu 11 contes diferents!<\/p>\n<table class=\" aligncenter\" style=\"height: 453px; width: 101.467%; border-collapse: collapse; border-color: #ffffff; background-color: #ebe8da;\">\n<tbody>\n<tr style=\"height: 192px;\">\n<td style=\"width: 16.3793%; height: 192px;\"><img loading=\"lazy\" decoding=\"async\" class=\"alignleft size-full wp-image-4908\" src=\"https:\/\/agora.xtec.cat\/escolamatagalls\/wp-content\/uploads\/usu965\/2024\/11\/La-castanyera-disfressada.jpg\" alt=\"\" width=\"620\" height=\"436\" srcset=\"https:\/\/agora.xtec.cat\/escolamatagalls\/wp-content\/uploads\/usu965\/2024\/11\/La-castanyera-disfressada.jpg 620w, https:\/\/agora.xtec.cat\/escolamatagalls\/wp-content\/uploads\/usu965\/2024\/11\/La-castanyera-disfressada-300x211.jpg 300w\" sizes=\"auto, (max-width: 620px) 100vw, 620px\" \/><\/td>\n<td style=\"width: 16.2932%; height: 192px;\"><img loading=\"lazy\" decoding=\"async\" class=\"alignleft size-full wp-image-4909\" src=\"https:\/\/agora.xtec.cat\/escolamatagalls\/wp-content\/uploads\/usu965\/2024\/11\/La-castanyera-no-te-castanyes.jpg\" alt=\"\" width=\"620\" height=\"436\" srcset=\"https:\/\/agora.xtec.cat\/escolamatagalls\/wp-content\/uploads\/usu965\/2024\/11\/La-castanyera-no-te-castanyes.jpg 620w, https:\/\/agora.xtec.cat\/escolamatagalls\/wp-content\/uploads\/usu965\/2024\/11\/La-castanyera-no-te-castanyes-300x211.jpg 300w\" sizes=\"auto, (max-width: 620px) 100vw, 620px\" \/><\/td>\n<td style=\"width: 16.293%; height: 192px;\"><img loading=\"lazy\" decoding=\"async\" class=\"alignleft size-full wp-image-4914\" src=\"https:\/\/agora.xtec.cat\/escolamatagalls\/wp-content\/uploads\/usu965\/2024\/11\/Les-castanyes-desaparegudes.jpg\" alt=\"\" width=\"620\" height=\"436\" srcset=\"https:\/\/agora.xtec.cat\/escolamatagalls\/wp-content\/uploads\/usu965\/2024\/11\/Les-castanyes-desaparegudes.jpg 620w, https:\/\/agora.xtec.cat\/escolamatagalls\/wp-content\/uploads\/usu965\/2024\/11\/Les-castanyes-desaparegudes-300x211.jpg 300w\" sizes=\"auto, (max-width: 620px) 100vw, 620px\" \/><\/td>\n<td style=\"width: 15.6897%; height: 192px;\"><img loading=\"lazy\" decoding=\"async\" class=\"alignleft size-full wp-image-4913\" src=\"https:\/\/agora.xtec.cat\/escolamatagalls\/wp-content\/uploads\/usu965\/2024\/11\/Les-castanyes-amb-bolets.jpg\" alt=\"\" width=\"620\" height=\"436\" srcset=\"https:\/\/agora.xtec.cat\/escolamatagalls\/wp-content\/uploads\/usu965\/2024\/11\/Les-castanyes-amb-bolets.jpg 620w, https:\/\/agora.xtec.cat\/escolamatagalls\/wp-content\/uploads\/usu965\/2024\/11\/Les-castanyes-amb-bolets-300x211.jpg 300w\" sizes=\"auto, (max-width: 620px) 100vw, 620px\" \/><\/td>\n<td style=\"width: 16.7241%; height: 192px;\"><img loading=\"lazy\" decoding=\"async\" class=\"alignleft size-full wp-image-4912\" src=\"https:\/\/agora.xtec.cat\/escolamatagalls\/wp-content\/uploads\/usu965\/2024\/11\/La-llaminera.jpg\" alt=\"\" width=\"620\" height=\"436\" srcset=\"https:\/\/agora.xtec.cat\/escolamatagalls\/wp-content\/uploads\/usu965\/2024\/11\/La-llaminera.jpg 620w, https:\/\/agora.xtec.cat\/escolamatagalls\/wp-content\/uploads\/usu965\/2024\/11\/La-llaminera-300x211.jpg 300w\" sizes=\"auto, (max-width: 620px) 100vw, 620px\" \/><\/td>\n<td style=\"width: 18.6207%; height: 453px; text-align: justify;\" rowspan=\"4\">\n<h4><\/h4>\n<h4><\/h4>\n<h4 style=\"text-align: center;\"><span style=\"color: #000000;\"><a style=\"color: #000000;\" href=\"https:\/\/drive.google.com\/file\/d\/1JEUwHOk5xvjOfibEZ1uqd7pTIviHsnqd\/view?usp=sharing\">INTRODUCCI\u00d3 ALS CONTES<\/a><\/span><\/h4>\n<p>&nbsp;<\/p>\n<p><img loading=\"lazy\" decoding=\"async\" class=\"alignleft size-full wp-image-4917\" src=\"https:\/\/agora.xtec.cat\/escolamatagalls\/wp-content\/uploads\/usu965\/2024\/11\/photo-output-1.jpg\" alt=\"\" width=\"588\" height=\"588\" srcset=\"https:\/\/agora.xtec.cat\/escolamatagalls\/wp-content\/uploads\/usu965\/2024\/11\/photo-output-1.jpg 588w, https:\/\/agora.xtec.cat\/escolamatagalls\/wp-content\/uploads\/usu965\/2024\/11\/photo-output-1-300x300.jpg 300w, https:\/\/agora.xtec.cat\/escolamatagalls\/wp-content\/uploads\/usu965\/2024\/11\/photo-output-1-150x150.jpg 150w\" sizes=\"auto, (max-width: 588px) 100vw, 588px\" \/><\/p>\n<p>&nbsp;<\/p>\n<p>&nbsp;<\/p>\n<p>&nbsp;<\/p>\n<p>&nbsp;<\/p>\n<h5 style=\"text-align: center;\"><a href=\"https:\/\/drive.google.com\/file\/d\/1BkgmDTG5TiG7B05z81vDZwygKco2dc5c\/view?usp=drive_link\">Les carabasses<\/a><\/h5>\n<\/td>\n<\/tr>\n<tr style=\"height: 52px;\">\n<td style=\"width: 16.3793%; height: 52px; background-color: #ebe8da;\">\n<h5><a href=\"https:\/\/drive.google.com\/file\/d\/1vy_9MZdj5oaCWNH12cw0Toz5lAYJl8Co\/view?usp=drive_link\">La castanyera disfressada<\/a><\/h5>\n<\/td>\n<td style=\"width: 16.2932%; height: 52px; background-color: #ebe8da;\">\n<h5><a href=\"https:\/\/drive.google.com\/file\/d\/1Wti2wb5N-rlVxMi3eRwLSrxtT-c0ptCa\/view?usp=drive_link\">La castanyera no t\u00e9 castanyes<\/a><\/h5>\n<\/td>\n<td style=\"width: 16.293%; height: 52px; background-color: #ebe8da;\">\n<h5><a href=\"https:\/\/drive.google.com\/file\/d\/1cGcKlyI7GOeIXBWKBtPSTHZpURcLCs1X\/view?usp=drive_link\">Les castanyes desaparegudes<\/a><\/h5>\n<\/td>\n<td style=\"width: 15.6897%; height: 52px; background-color: #ebe8da;\">\n<h5><a href=\"https:\/\/drive.google.com\/file\/d\/11FR6gsOn5I0IRz2Z48tSPBF6-qyjIWuR\/view?usp=sharing\">La castanyera amb bolets<\/a><\/h5>\n<\/td>\n<td style=\"width: 16.7241%; height: 52px; background-color: #ebe8da;\">\n<h5><a href=\"https:\/\/drive.google.com\/file\/d\/1qX3sHSyv6y4XpvlnRGrMEd1n6lGSfL8t\/view?usp=drive_link\">La llaminera<\/a><\/h5>\n<\/td>\n<\/tr>\n<tr style=\"height: 177px;\">\n<td style=\"width: 16.3793%; height: 167px;\"><img loading=\"lazy\" decoding=\"async\" class=\"alignleft size-full wp-image-4916\" src=\"https:\/\/agora.xtec.cat\/escolamatagalls\/wp-content\/uploads\/usu965\/2024\/11\/les-castanyes-imaginaries.jpg\" alt=\"\" width=\"620\" height=\"436\" srcset=\"https:\/\/agora.xtec.cat\/escolamatagalls\/wp-content\/uploads\/usu965\/2024\/11\/les-castanyes-imaginaries.jpg 620w, https:\/\/agora.xtec.cat\/escolamatagalls\/wp-content\/uploads\/usu965\/2024\/11\/les-castanyes-imaginaries-300x211.jpg 300w\" sizes=\"auto, (max-width: 620px) 100vw, 620px\" \/><\/td>\n<td style=\"width: 16.2932%; height: 167px;\"><img loading=\"lazy\" decoding=\"async\" class=\"alignleft size-full wp-image-4915\" src=\"https:\/\/agora.xtec.cat\/escolamatagalls\/wp-content\/uploads\/usu965\/2024\/11\/les-castanyes-i-les-sardines.jpg\" alt=\"\" width=\"620\" height=\"436\" srcset=\"https:\/\/agora.xtec.cat\/escolamatagalls\/wp-content\/uploads\/usu965\/2024\/11\/les-castanyes-i-les-sardines.jpg 620w, https:\/\/agora.xtec.cat\/escolamatagalls\/wp-content\/uploads\/usu965\/2024\/11\/les-castanyes-i-les-sardines-300x211.jpg 300w\" sizes=\"auto, (max-width: 620px) 100vw, 620px\" \/><\/td>\n<td style=\"width: 16.293%; height: 167px;\"><img loading=\"lazy\" decoding=\"async\" class=\"alignleft size-full wp-image-4911\" src=\"https:\/\/agora.xtec.cat\/escolamatagalls\/wp-content\/uploads\/usu965\/2024\/11\/La-castanyera-sense-castanyes.jpg\" alt=\"\" width=\"620\" height=\"436\" srcset=\"https:\/\/agora.xtec.cat\/escolamatagalls\/wp-content\/uploads\/usu965\/2024\/11\/La-castanyera-sense-castanyes.jpg 620w, https:\/\/agora.xtec.cat\/escolamatagalls\/wp-content\/uploads\/usu965\/2024\/11\/La-castanyera-sense-castanyes-300x211.jpg 300w\" sizes=\"auto, (max-width: 620px) 100vw, 620px\" \/><\/td>\n<td style=\"width: 15.6897%; height: 167px;\"><img loading=\"lazy\" decoding=\"async\" class=\"alignleft size-full wp-image-4910\" src=\"https:\/\/agora.xtec.cat\/escolamatagalls\/wp-content\/uploads\/usu965\/2024\/11\/La-castanyera-no-te-castanyes1.jpg\" alt=\"\" width=\"620\" height=\"436\" srcset=\"https:\/\/agora.xtec.cat\/escolamatagalls\/wp-content\/uploads\/usu965\/2024\/11\/La-castanyera-no-te-castanyes1.jpg 620w, https:\/\/agora.xtec.cat\/escolamatagalls\/wp-content\/uploads\/usu965\/2024\/11\/La-castanyera-no-te-castanyes1-300x211.jpg 300w\" sizes=\"auto, (max-width: 620px) 100vw, 620px\" \/><\/td>\n<td style=\"width: 16.7241%; height: 167px;\"><img loading=\"lazy\" decoding=\"async\" class=\"alignleft size-full wp-image-4907\" src=\"https:\/\/agora.xtec.cat\/escolamatagalls\/wp-content\/uploads\/usu965\/2024\/11\/la-castanyera-de-les-flors.jpg\" alt=\"\" width=\"620\" height=\"436\" srcset=\"https:\/\/agora.xtec.cat\/escolamatagalls\/wp-content\/uploads\/usu965\/2024\/11\/la-castanyera-de-les-flors.jpg 620w, https:\/\/agora.xtec.cat\/escolamatagalls\/wp-content\/uploads\/usu965\/2024\/11\/la-castanyera-de-les-flors-300x211.jpg 300w\" sizes=\"auto, (max-width: 620px) 100vw, 620px\" \/><\/td>\n<\/tr>\n<tr style=\"height: 48px;\">\n<td style=\"width: 16.3793%; height: 42px; background-color: #ebe8da;\">\n<h5><a href=\"https:\/\/drive.google.com\/file\/d\/1ZVA9IzfEK9ui_H3z4E284JT-FUHktsQi\/view?usp=drive_link\">Castanyes imagin\u00e0ries<\/a><\/h5>\n<\/td>\n<td style=\"width: 16.2932%; height: 42px; background-color: #ebe8da;\">\n<h5><a href=\"https:\/\/drive.google.com\/file\/d\/1Qj92xihceQaX1tvXBxGXkdOKsQKQZ_yj\/view?usp=drive_link\">La castanyera i les sardines<\/a><\/h5>\n<\/td>\n<td style=\"width: 16.293%; height: 42px; background-color: #ebe8da;\">\n<h5><a href=\"https:\/\/drive.google.com\/file\/d\/1rzekxqsPUBojz7DwWvOAi4r58BxqgW06\/view?usp=drive_link\">La castanyera sense castanyes<\/a><\/h5>\n<\/td>\n<td style=\"width: 15.6897%; height: 42px; background-color: #ebe8da;\">\n<h5><a href=\"https:\/\/drive.google.com\/file\/d\/1hM99WvNSYfk6U3Og1KuDcsrpLIwHa7TP\/view?usp=drive_link\">La castanyera no t\u00e9 castanyes<\/a><\/h5>\n<\/td>\n<td style=\"width: 16.7241%; height: 42px; background-color: #ebe8da;\">\n<h5><a href=\"https:\/\/drive.google.com\/file\/d\/1amtAg-tNoW-EXFL8okVorQP_nuM8ujT0\/view?usp=drive_link\">La castanyera de les flors<\/a><\/h5>\n<\/td>\n<\/tr>\n<\/tbody>\n<\/table>\n","protected":false},"excerpt":{"rendered":"<p>Els alumnes de la classe del Gorg Negre estem contents perqu\u00e8 ha arribat la tardor. Aquesta \u00e8poca de l&#8217;any ens [&hellip;]<\/p>\n","protected":false},"author":1,"featured_media":4917,"comment_status":"closed","ping_status":"closed","sticky":false,"template":"","format":"standard","meta":{"_bbp_topic_count":0,"_bbp_reply_count":0,"_bbp_total_topic_count":0,"_bbp_total_reply_count":0,"_bbp_voice_count":0,"_bbp_anonymous_reply_count":0,"_bbp_topic_count_hidden":0,"_bbp_reply_count_hidden":0,"_bbp_forum_subforum_count":0,"site-sidebar-layout":"default","site-content-layout":"","ast-site-content-layout":"","site-content-style":"default","site-sidebar-style":"default","ast-global-header-display":"","ast-banner-title-visibility":"","ast-main-header-display":"","ast-hfb-above-header-display":"","ast-hfb-below-header-display":"","ast-hfb-mobile-header-display":"","site-post-title":"","ast-breadcrumbs-content":"","ast-featured-img":"","footer-sml-layout":"","theme-transparent-header-meta":"","adv-header-id-meta":"","stick-header-meta":"","header-above-stick-meta":"","header-main-stick-meta":"","header-below-stick-meta":"","astra-migrate-meta-layouts":"default","ast-page-background-enabled":"default","ast-page-background-meta":{"desktop":{"background-color":"var(--ast-global-color-4)","background-image":"","background-repeat":"repeat","background-position":"center center","background-size":"auto","background-attachment":"scroll","background-type":"","background-media":"","overlay-type":"","overlay-color":"","overlay-opacity":"","overlay-gradient":""},"tablet":{"background-color":"","background-image":"","background-repeat":"repeat","background-position":"center center","background-size":"auto","background-attachment":"scroll","background-type":"","background-media":"","overlay-type":"","overlay-color":"","overlay-opacity":"","overlay-gradient":""},"mobile":{"background-color":"","background-image":"","background-repeat":"repeat","background-position":"center center","background-size":"auto","background-attachment":"scroll","background-type":"","background-media":"","overlay-type":"","overlay-color":"","overlay-opacity":"","overlay-gradient":""}},"ast-content-background-meta":{"desktop":{"background-color":"var(--ast-global-color-5)","background-image":"","background-repeat":"repeat","background-position":"center center","background-size":"auto","background-attachment":"scroll","background-type":"","background-media":"","overlay-type":"","overlay-color":"","overlay-opacity":"","overlay-gradient":""},"tablet":{"background-color":"var(--ast-global-color-5)","background-image":"","background-repeat":"repeat","background-position":"center center","background-size":"auto","background-attachment":"scroll","background-type":"","background-media":"","overlay-type":"","overlay-color":"","overlay-opacity":"","overlay-gradient":""},"mobile":{"background-color":"var(--ast-global-color-5)","background-image":"","background-repeat":"repeat","background-position":"center center","background-size":"auto","background-attachment":"scroll","background-type":"","background-media":"","overlay-type":"","overlay-color":"","overlay-opacity":"","overlay-gradient":""}},"footnotes":""},"categories":[14,1,4,5,56],"tags":[202,166,132,74,62,81],"class_list":["post-4899","post","type-post","status-publish","format-standard","has-post-thumbnail","hentry","category-5e","category-general","category-portada","category-primaria","category-radio","tag-5e-gorg-negre","tag-educacio-primaria","tag-escola-matagalls","tag-projectes","tag-radio","tag-treball-cooperatiu"],"post_mailing_queue_ids":[],"_links":{"self":[{"href":"https:\/\/agora.xtec.cat\/escolamatagalls\/wp-json\/wp\/v2\/posts\/4899","targetHints":{"allow":["GET"]}}],"collection":[{"href":"https:\/\/agora.xtec.cat\/escolamatagalls\/wp-json\/wp\/v2\/posts"}],"about":[{"href":"https:\/\/agora.xtec.cat\/escolamatagalls\/wp-json\/wp\/v2\/types\/post"}],"author":[{"embeddable":true,"href":"https:\/\/agora.xtec.cat\/escolamatagalls\/wp-json\/wp\/v2\/users\/1"}],"replies":[{"embeddable":true,"href":"https:\/\/agora.xtec.cat\/escolamatagalls\/wp-json\/wp\/v2\/comments?post=4899"}],"version-history":[{"count":6,"href":"https:\/\/agora.xtec.cat\/escolamatagalls\/wp-json\/wp\/v2\/posts\/4899\/revisions"}],"predecessor-version":[{"id":4949,"href":"https:\/\/agora.xtec.cat\/escolamatagalls\/wp-json\/wp\/v2\/posts\/4899\/revisions\/4949"}],"wp:featuredmedia":[{"embeddable":true,"href":"https:\/\/agora.xtec.cat\/escolamatagalls\/wp-json\/wp\/v2\/media\/4917"}],"wp:attachment":[{"href":"https:\/\/agora.xtec.cat\/escolamatagalls\/wp-json\/wp\/v2\/media?parent=4899"}],"wp:term":[{"taxonomy":"category","embeddable":true,"href":"https:\/\/agora.xtec.cat\/escolamatagalls\/wp-json\/wp\/v2\/categories?post=4899"},{"taxonomy":"post_tag","embeddable":true,"href":"https:\/\/agora.xtec.cat\/escolamatagalls\/wp-json\/wp\/v2\/tags?post=4899"}],"curies":[{"name":"wp","href":"https:\/\/api.w.org\/{rel}","templated":true}]}}