{"id":4886,"date":"2024-10-30T16:27:27","date_gmt":"2024-10-30T15:27:27","guid":{"rendered":"https:\/\/agora.xtec.cat\/escolamatagalls\/?p=4886"},"modified":"2025-02-28T11:36:55","modified_gmt":"2025-02-28T10:36:55","slug":"entrega-de-plomes-a-6e","status":"publish","type":"post","link":"https:\/\/agora.xtec.cat\/escolamatagalls\/general\/entrega-de-plomes-a-6e\/","title":{"rendered":"Entrega de plomes a 6\u00e8"},"content":{"rendered":"<p dir=\"ltr\">El 25 de novembre de 2024, va ser un dia molt especial pels nens i nenes de la classe del Sot de l\u2019Infern. A l&#8217;escola s&#8217;ha fet un acte per celebrar l&#8217;esfor\u00e7 i dedicaci\u00f3 dels infants de 6\u00e8 durant tots aquests anys a l\u2019escola amb l&#8217;entrega d&#8217;una ploma, que les nenes i nens dels Esquirols els han donat. La seva tutora els ha dedicat unes paraules molt boniques:<\/p>\n<p dir=\"ltr\">&#8220;Cada paraula escrita, cada dibuix, i cada projecte que heu realitzat \u00e9s un reflex de la vostra passi\u00f3 i creixement. La ploma que avui rebreu simbolitza aquest cam\u00ed recorregut. \u00c9s un instrument que us acompanyar\u00e0 en les vostres noves aventures, recordant-vos que cada lletra que escriviu pot ser bonica, clara i plena de significat. Cuideu-la amb estima, perqu\u00e8 cada tra\u00e7 que fareu \u00e9s una oportunitat per expressar les vostres idees i somnis. Amb aquesta ploma, continueu polint el vostre tra\u00e7, explorant el m\u00f3n de les paraules i deixant la vostra empremta. Estic segura que el vostre futur estar\u00e0 ple d\u2019escrits magn\u00edfics!&#8221;<\/p>\n<p dir=\"ltr\">Felicitats per tot el que heu aconseguit!<\/p>\n<p><a href=\"https:\/\/photos.app.goo.gl\/7iUK2q1Kt9Sb3Amd8\"><img loading=\"lazy\" decoding=\"async\" class=\"size-large wp-image-4902\" src=\"https:\/\/agora.xtec.cat\/escolamatagalls\/wp-content\/uploads\/usu965\/2024\/11\/Entrega-de-plomes-1024x591.jpg\" alt=\"\" width=\"1024\" height=\"591\" srcset=\"https:\/\/agora.xtec.cat\/escolamatagalls\/wp-content\/uploads\/usu965\/2024\/11\/Entrega-de-plomes-1024x591.jpg 1024w, https:\/\/agora.xtec.cat\/escolamatagalls\/wp-content\/uploads\/usu965\/2024\/11\/Entrega-de-plomes-300x173.jpg 300w, https:\/\/agora.xtec.cat\/escolamatagalls\/wp-content\/uploads\/usu965\/2024\/11\/Entrega-de-plomes-768x444.jpg 768w, https:\/\/agora.xtec.cat\/escolamatagalls\/wp-content\/uploads\/usu965\/2024\/11\/Entrega-de-plomes-1536x887.jpg 1536w, https:\/\/agora.xtec.cat\/escolamatagalls\/wp-content\/uploads\/usu965\/2024\/11\/Entrega-de-plomes.jpg 2036w\" sizes=\"auto, (max-width: 1024px) 100vw, 1024px\" \/><\/a><\/p>\n","protected":false},"excerpt":{"rendered":"<p>El 25 de novembre de 2024, va ser un dia molt especial pels nens i nenes de la classe del [&hellip;]<\/p>\n","protected":false},"author":1,"featured_media":4902,"comment_status":"closed","ping_status":"closed","sticky":false,"template":"","format":"standard","meta":{"_bbp_topic_count":0,"_bbp_reply_count":0,"_bbp_total_topic_count":0,"_bbp_total_reply_count":0,"_bbp_voice_count":0,"_bbp_anonymous_reply_count":0,"_bbp_topic_count_hidden":0,"_bbp_reply_count_hidden":0,"_bbp_forum_subforum_count":0,"site-sidebar-layout":"default","site-content-layout":"","ast-site-content-layout":"","site-content-style":"default","site-sidebar-style":"default","ast-global-header-display":"","ast-banner-title-visibility":"","ast-main-header-display":"","ast-hfb-above-header-display":"","ast-hfb-below-header-display":"","ast-hfb-mobile-header-display":"","site-post-title":"","ast-breadcrumbs-content":"","ast-featured-img":"","footer-sml-layout":"","theme-transparent-header-meta":"","adv-header-id-meta":"","stick-header-meta":"","header-above-stick-meta":"","header-main-stick-meta":"","header-below-stick-meta":"","astra-migrate-meta-layouts":"default","ast-page-background-enabled":"default","ast-page-background-meta":{"desktop":{"background-color":"var(--ast-global-color-4)","background-image":"","background-repeat":"repeat","background-position":"center center","background-size":"auto","background-attachment":"scroll","background-type":"","background-media":"","overlay-type":"","overlay-color":"","overlay-opacity":"","overlay-gradient":""},"tablet":{"background-color":"","background-image":"","background-repeat":"repeat","background-position":"center center","background-size":"auto","background-attachment":"scroll","background-type":"","background-media":"","overlay-type":"","overlay-color":"","overlay-opacity":"","overlay-gradient":""},"mobile":{"background-color":"","background-image":"","background-repeat":"repeat","background-position":"center center","background-size":"auto","background-attachment":"scroll","background-type":"","background-media":"","overlay-type":"","overlay-color":"","overlay-opacity":"","overlay-gradient":""}},"ast-content-background-meta":{"desktop":{"background-color":"var(--ast-global-color-5)","background-image":"","background-repeat":"repeat","background-position":"center center","background-size":"auto","background-attachment":"scroll","background-type":"","background-media":"","overlay-type":"","overlay-color":"","overlay-opacity":"","overlay-gradient":""},"tablet":{"background-color":"var(--ast-global-color-5)","background-image":"","background-repeat":"repeat","background-position":"center center","background-size":"auto","background-attachment":"scroll","background-type":"","background-media":"","overlay-type":"","overlay-color":"","overlay-opacity":"","overlay-gradient":""},"mobile":{"background-color":"var(--ast-global-color-5)","background-image":"","background-repeat":"repeat","background-position":"center center","background-size":"auto","background-attachment":"scroll","background-type":"","background-media":"","overlay-type":"","overlay-color":"","overlay-opacity":"","overlay-gradient":""}},"footnotes":""},"categories":[15,1,4,5],"tags":[145,91,166,132,74],"class_list":["post-4886","post","type-post","status-publish","format-standard","has-post-thumbnail","hentry","category-6e","category-general","category-portada","category-primaria","tag-6e","tag-educacio-en-valors","tag-educacio-primaria","tag-escola-matagalls","tag-projectes"],"post_mailing_queue_ids":[],"_links":{"self":[{"href":"https:\/\/agora.xtec.cat\/escolamatagalls\/wp-json\/wp\/v2\/posts\/4886","targetHints":{"allow":["GET"]}}],"collection":[{"href":"https:\/\/agora.xtec.cat\/escolamatagalls\/wp-json\/wp\/v2\/posts"}],"about":[{"href":"https:\/\/agora.xtec.cat\/escolamatagalls\/wp-json\/wp\/v2\/types\/post"}],"author":[{"embeddable":true,"href":"https:\/\/agora.xtec.cat\/escolamatagalls\/wp-json\/wp\/v2\/users\/1"}],"replies":[{"embeddable":true,"href":"https:\/\/agora.xtec.cat\/escolamatagalls\/wp-json\/wp\/v2\/comments?post=4886"}],"version-history":[{"count":5,"href":"https:\/\/agora.xtec.cat\/escolamatagalls\/wp-json\/wp\/v2\/posts\/4886\/revisions"}],"predecessor-version":[{"id":4904,"href":"https:\/\/agora.xtec.cat\/escolamatagalls\/wp-json\/wp\/v2\/posts\/4886\/revisions\/4904"}],"wp:featuredmedia":[{"embeddable":true,"href":"https:\/\/agora.xtec.cat\/escolamatagalls\/wp-json\/wp\/v2\/media\/4902"}],"wp:attachment":[{"href":"https:\/\/agora.xtec.cat\/escolamatagalls\/wp-json\/wp\/v2\/media?parent=4886"}],"wp:term":[{"taxonomy":"category","embeddable":true,"href":"https:\/\/agora.xtec.cat\/escolamatagalls\/wp-json\/wp\/v2\/categories?post=4886"},{"taxonomy":"post_tag","embeddable":true,"href":"https:\/\/agora.xtec.cat\/escolamatagalls\/wp-json\/wp\/v2\/tags?post=4886"}],"curies":[{"name":"wp","href":"https:\/\/api.w.org\/{rel}","templated":true}]}}