{"id":4151,"date":"2022-04-25T12:14:05","date_gmt":"2022-04-25T10:14:05","guid":{"rendered":"https:\/\/agora.xtec.cat\/escolamatagalls\/?p=4151"},"modified":"2022-04-25T12:14:05","modified_gmt":"2022-04-25T10:14:05","slug":"mercat-dintercanvi-tallers-i-berenars-solidaris","status":"publish","type":"post","link":"https:\/\/agora.xtec.cat\/escolamatagalls\/general\/mercat-dintercanvi-tallers-i-berenars-solidaris\/","title":{"rendered":"Mercat d&#8217;intercanvi, Tallers i Berenars Solidaris"},"content":{"rendered":"<p>La celebraci\u00f3 de la Setmana Cultural a l&#8217;escola ha culminat aquest divendres 22 d&#8217;abril amb els Jocs Florals 2022, el mercat d&#8217;intercanvi de llibres, els tallers i el berenar solidari&#8230;<\/p>\n<p>Quina alegria poder fer una festa oberta a totes!!! L&#8217;intercanvi de llibres ha anat genial!!! I les manualitats que ens han preparat les monitores del menjador&#8230; una passada!!! Gr\u00e0cies a l&#8217;AFA, monitores i fam\u00edlies que est\u00e0veu atenent les paradetes!!! La m\u00fasica ens ha acompanyat tota la tarda i ha estat gr\u00e0cies als mestres, als papis i en Mauro de P4!!! Els berenars solidaris han anat s\u00faper b\u00e9! Gr\u00e0cies fam\u00edlies per col\u00b7laborar i als mestres per col\u00b7laborar i a les mestres per fer el primer berenar!!!<\/p>\n<p>Fam\u00edlies, infants, AFA, monitores i mestres&#8230; GR\u00c0CIES!!!<\/p>\n<p>Una tarda inoblidable!!! (cliqueu la imatge per veure m\u00e9s&#8230;)<\/p>\n<p><a href=\"https:\/\/photos.app.goo.gl\/GyiFGWnqdBGwVfJb9\"><img loading=\"lazy\" decoding=\"async\" class=\"size-medium wp-image-4152 alignleft\" src=\"https:\/\/agora.xtec.cat\/escolamatagalls\/wp-content\/uploads\/usu965\/2022\/04\/mercat-300x169.jpg\" alt=\"\" width=\"300\" height=\"169\" srcset=\"https:\/\/agora.xtec.cat\/escolamatagalls\/wp-content\/uploads\/usu965\/2022\/04\/mercat-300x169.jpg 300w, https:\/\/agora.xtec.cat\/escolamatagalls\/wp-content\/uploads\/usu965\/2022\/04\/mercat.jpg 448w\" sizes=\"auto, (max-width: 300px) 100vw, 300px\" \/><\/a><\/p>\n","protected":false},"excerpt":{"rendered":"<p>La celebraci\u00f3 de la Setmana Cultural a l&#8217;escola ha culminat aquest divendres 22 d&#8217;abril amb els Jocs Florals 2022, el [&hellip;]<\/p>\n","protected":false},"author":1,"featured_media":4152,"comment_status":"open","ping_status":"closed","sticky":false,"template":"","format":"standard","meta":{"_bbp_topic_count":0,"_bbp_reply_count":0,"_bbp_total_topic_count":0,"_bbp_total_reply_count":0,"_bbp_voice_count":0,"_bbp_anonymous_reply_count":0,"_bbp_topic_count_hidden":0,"_bbp_reply_count_hidden":0,"_bbp_forum_subforum_count":0,"site-sidebar-layout":"default","site-content-layout":"","ast-site-content-layout":"","site-content-style":"default","site-sidebar-style":"default","ast-global-header-display":"","ast-banner-title-visibility":"","ast-main-header-display":"","ast-hfb-above-header-display":"","ast-hfb-below-header-display":"","ast-hfb-mobile-header-display":"","site-post-title":"","ast-breadcrumbs-content":"","ast-featured-img":"","footer-sml-layout":"","theme-transparent-header-meta":"","adv-header-id-meta":"","stick-header-meta":"","header-above-stick-meta":"","header-main-stick-meta":"","header-below-stick-meta":"","astra-migrate-meta-layouts":"default","ast-page-background-enabled":"default","ast-page-background-meta":{"desktop":{"background-color":"var(--ast-global-color-4)","background-image":"","background-repeat":"repeat","background-position":"center center","background-size":"auto","background-attachment":"scroll","background-type":"","background-media":"","overlay-type":"","overlay-color":"","overlay-opacity":"","overlay-gradient":""},"tablet":{"background-color":"","background-image":"","background-repeat":"repeat","background-position":"center center","background-size":"auto","background-attachment":"scroll","background-type":"","background-media":"","overlay-type":"","overlay-color":"","overlay-opacity":"","overlay-gradient":""},"mobile":{"background-color":"","background-image":"","background-repeat":"repeat","background-position":"center center","background-size":"auto","background-attachment":"scroll","background-type":"","background-media":"","overlay-type":"","overlay-color":"","overlay-opacity":"","overlay-gradient":""}},"ast-content-background-meta":{"desktop":{"background-color":"var(--ast-global-color-5)","background-image":"","background-repeat":"repeat","background-position":"center center","background-size":"auto","background-attachment":"scroll","background-type":"","background-media":"","overlay-type":"","overlay-color":"","overlay-opacity":"","overlay-gradient":""},"tablet":{"background-color":"var(--ast-global-color-5)","background-image":"","background-repeat":"repeat","background-position":"center center","background-size":"auto","background-attachment":"scroll","background-type":"","background-media":"","overlay-type":"","overlay-color":"","overlay-opacity":"","overlay-gradient":""},"mobile":{"background-color":"var(--ast-global-color-5)","background-image":"","background-repeat":"repeat","background-position":"center center","background-size":"auto","background-attachment":"scroll","background-type":"","background-media":"","overlay-type":"","overlay-color":"","overlay-opacity":"","overlay-gradient":""}},"footnotes":""},"categories":[7,1,4],"tags":[147,111,91,166,132,73,61,70,60],"class_list":["post-4151","post","type-post","status-publish","format-standard","has-post-thumbnail","hentry","category-afa","category-general","category-portada","tag-afa","tag-ed-infantil","tag-educacio-en-valors","tag-educacio-primaria","tag-escola-matagalls","tag-families","tag-festes","tag-lectura","tag-musica"],"post_mailing_queue_ids":[],"_links":{"self":[{"href":"https:\/\/agora.xtec.cat\/escolamatagalls\/wp-json\/wp\/v2\/posts\/4151","targetHints":{"allow":["GET"]}}],"collection":[{"href":"https:\/\/agora.xtec.cat\/escolamatagalls\/wp-json\/wp\/v2\/posts"}],"about":[{"href":"https:\/\/agora.xtec.cat\/escolamatagalls\/wp-json\/wp\/v2\/types\/post"}],"author":[{"embeddable":true,"href":"https:\/\/agora.xtec.cat\/escolamatagalls\/wp-json\/wp\/v2\/users\/1"}],"replies":[{"embeddable":true,"href":"https:\/\/agora.xtec.cat\/escolamatagalls\/wp-json\/wp\/v2\/comments?post=4151"}],"version-history":[{"count":1,"href":"https:\/\/agora.xtec.cat\/escolamatagalls\/wp-json\/wp\/v2\/posts\/4151\/revisions"}],"predecessor-version":[{"id":4153,"href":"https:\/\/agora.xtec.cat\/escolamatagalls\/wp-json\/wp\/v2\/posts\/4151\/revisions\/4153"}],"wp:featuredmedia":[{"embeddable":true,"href":"https:\/\/agora.xtec.cat\/escolamatagalls\/wp-json\/wp\/v2\/media\/4152"}],"wp:attachment":[{"href":"https:\/\/agora.xtec.cat\/escolamatagalls\/wp-json\/wp\/v2\/media?parent=4151"}],"wp:term":[{"taxonomy":"category","embeddable":true,"href":"https:\/\/agora.xtec.cat\/escolamatagalls\/wp-json\/wp\/v2\/categories?post=4151"},{"taxonomy":"post_tag","embeddable":true,"href":"https:\/\/agora.xtec.cat\/escolamatagalls\/wp-json\/wp\/v2\/tags?post=4151"}],"curies":[{"name":"wp","href":"https:\/\/api.w.org\/{rel}","templated":true}]}}