{"id":2489,"date":"2019-06-09T13:16:04","date_gmt":"2019-06-09T11:16:04","guid":{"rendered":"http:\/\/agora.xtec.cat\/escolamatagalls\/?p=2489"},"modified":"2019-06-09T13:16:40","modified_gmt":"2019-06-09T11:16:40","slug":"participem-al-la-robotseny-2019","status":"publish","type":"post","link":"https:\/\/agora.xtec.cat\/escolamatagalls\/general\/participem-al-la-robotseny-2019\/","title":{"rendered":"Participem al la Robotseny 2019"},"content":{"rendered":"<p style=\"text-align: justify;\">Els alumnes de 5\u00e8 de l\u2019escola han participat en el projecte Robotseny 2019. Aquest \u00e9s el quart any que la nostra escola\u00a0 hi participa. \u00c9s un projecte a nivell comarcal (Baix Montseny) que desenvolupa les compet\u00e8ncies cient\u00edfiques i creatives dels alumnes tot treballant de forma cooperativa. Tamb\u00e9 t\u00e9 l\u2019objectiu de crear una xarxa de professorat implicat en aquesta tem\u00e0tica per tal de crear lligams i compartir experi\u00e8ncies en aquests \u00e0mbits.<\/p>\n<p style=\"text-align: justify;\">Com a eines per treballar aquests aspectes s\u2019ensenya a programar robots i a dissenyar-los.<\/p>\n<p style=\"text-align: justify;\">El projecte es desenvolupa a l\u2019aula i t\u00e9 una posada en escena en forma de torneig al final del curs.<\/p>\n<p style=\"text-align: justify;\">La participaci\u00f3 dels nostres alumnes va ser en la categoria<a href=\"http:\/\/robotseny.cat\/2017\/robotseny-kids\/\">\u00a0<\/a><strong><a href=\"http:\/\/robotseny.cat\/2019\/\">Robotseny Kids<\/a>,\u00a0<\/strong>destinada a nois\/es de 5\u00e8 a 2n d\u2019ESO<strong>,\u00a0<\/strong>que es va desenvolupar el mat\u00ed del dissabte dia 8 de juny a la pla\u00e7a de la Vila de Sant Celoni.<\/p>\n<p style=\"text-align: justify;\">Enguany, l&#8217;Adam i en Ferran han participat en la competici\u00f3 de RUBIKSENY de la seva categoria.<\/p>\n<p style=\"text-align: justify;\">Per participar a\u00a0la\u00a0<strong>Fira cient\u00edfica,<\/strong> hem treballat en el disseny d&#8217;una maqueta on demostrem de quina manera es pot reaprofitar l&#8217;energia que s&#8217;utilitza per fer proves als SAIs .<\/p>\n<p style=\"text-align: justify;\"><strong>Nom del repte<\/strong>:Els cient\u00edfics Matagallers, repensem l&#8217;energia.<\/p>\n<p style=\"text-align: justify;\"><iframe loading=\"lazy\" src=\"\/\/www.youtube.com\/embed\/FkAN0LehKBk\" width=\"560\" height=\"314\" allowfullscreen=\"allowfullscreen\"><\/iframe><\/p>\n<p><iframe loading=\"lazy\" src=\"\/\/www.youtube.com\/embed\/KThzQT0_174\" width=\"560\" height=\"314\" allowfullscreen=\"allowfullscreen\"><\/iframe><\/p>\n<p style=\"text-align: justify;\"><strong>Hip\u00f2tesis de treball<\/strong>: Podem reaprofitar l&#8217;energia que ja s&#8217;ha utilitzat?<\/p>\n<p style=\"text-align: justify;\"><strong>Proposta per resoldre el repte<\/strong>:Creaci\u00f3 d&#8217;una maqueta per demostrar com reaprofitem l&#8217;energia que s&#8217;utilitza per fer proves als SAIs per escalfar l&#8217;aigua que caldejar\u00e0 l&#8217;ambient de l&#8217;empresa Salicr\u00fa.<\/p>\n<p style=\"text-align: justify;\"><strong>Conclusions : <\/strong>Donem resposta a\u00a0 les inquietuds actuals que t\u00e9 la poblaci\u00f3 sobre la reutilitzaci\u00f3 de l&#8217;energia.<\/p>\n<p style=\"text-align: justify;\"><strong style=\"font-family: inherit; font-size: 1em; text-align: justify;\">Rob\u00f2tica<\/strong><span style=\"font-family: inherit; font-size: 1em; text-align: justify;\">. Aquest any els reptes proposats han girat a l\u2019entorn de<\/span><span style=\"font-family: inherit; font-size: 1em; text-align: justify;\"> l<\/span><span style=\"font-family: inherit; font-size: 1em; text-align: justify;\">a millora en l\u2019efici\u00e8ncia i l\u2019estalvi energ\u00e8tic.Els alumnes han hagut de dissenyar, construir i programar els robots per resoldre les 8 proves proposades, m\u00e9s la que el dia del torneig se\u2019ls proposa insitu.<\/span><\/p>\n<p>Per realitzar una de les proves, ens hem inventat una can\u00e7\u00f3 i en Pau Baul\u00f3 de 4t ens ha acompanyat amb el piano.<\/p>\n<p><iframe loading=\"lazy\" src=\"\/\/www.youtube.com\/embed\/R9IM9IjLP5k\" width=\"560\" height=\"314\" allowfullscreen=\"allowfullscreen\"><\/iframe><\/p>\n<p style=\"text-align: justify;\">Clicant damunt la foto podreu gaudir de fotografies i v\u00eddeos de la jornada.<\/p>\n<p><a href=\"https:\/\/photos.app.goo.gl\/qBmDPLQeVuRnTojV7\"><img loading=\"lazy\" decoding=\"async\" class=\"aligncenter size-medium wp-image-2494\" src=\"https:\/\/agora.xtec.cat\/escolamatagalls\/wp-content\/uploads\/usu965\/2019\/06\/IMG_6021-300x184.jpeg\" alt=\"\" width=\"300\" height=\"184\" srcset=\"https:\/\/agora.xtec.cat\/escolamatagalls\/wp-content\/uploads\/usu965\/2019\/06\/IMG_6021-300x184.jpeg 300w, https:\/\/agora.xtec.cat\/escolamatagalls\/wp-content\/uploads\/usu965\/2019\/06\/IMG_6021.jpeg 448w\" sizes=\"auto, (max-width: 300px) 100vw, 300px\" \/><\/a><\/p>\n","protected":false},"excerpt":{"rendered":"<p>Els alumnes de 5\u00e8 de l\u2019escola han participat en el projecte Robotseny 2019. Aquest \u00e9s el quart any que la [&hellip;]<\/p>\n","protected":false},"author":1,"featured_media":2494,"comment_status":"open","ping_status":"closed","sticky":false,"template":"","format":"standard","meta":{"_bbp_topic_count":0,"_bbp_reply_count":0,"_bbp_total_topic_count":0,"_bbp_total_reply_count":0,"_bbp_voice_count":0,"_bbp_anonymous_reply_count":0,"_bbp_topic_count_hidden":0,"_bbp_reply_count_hidden":0,"_bbp_forum_subforum_count":0,"site-sidebar-layout":"default","site-content-layout":"","ast-site-content-layout":"","site-content-style":"default","site-sidebar-style":"default","ast-global-header-display":"","ast-banner-title-visibility":"","ast-main-header-display":"","ast-hfb-above-header-display":"","ast-hfb-below-header-display":"","ast-hfb-mobile-header-display":"","site-post-title":"","ast-breadcrumbs-content":"","ast-featured-img":"","footer-sml-layout":"","theme-transparent-header-meta":"","adv-header-id-meta":"","stick-header-meta":"","header-above-stick-meta":"","header-main-stick-meta":"","header-below-stick-meta":"","astra-migrate-meta-layouts":"default","ast-page-background-enabled":"default","ast-page-background-meta":{"desktop":{"background-color":"var(--ast-global-color-4)","background-image":"","background-repeat":"repeat","background-position":"center center","background-size":"auto","background-attachment":"scroll","background-type":"","background-media":"","overlay-type":"","overlay-color":"","overlay-opacity":"","overlay-gradient":""},"tablet":{"background-color":"","background-image":"","background-repeat":"repeat","background-position":"center center","background-size":"auto","background-attachment":"scroll","background-type":"","background-media":"","overlay-type":"","overlay-color":"","overlay-opacity":"","overlay-gradient":""},"mobile":{"background-color":"","background-image":"","background-repeat":"repeat","background-position":"center center","background-size":"auto","background-attachment":"scroll","background-type":"","background-media":"","overlay-type":"","overlay-color":"","overlay-opacity":"","overlay-gradient":""}},"ast-content-background-meta":{"desktop":{"background-color":"var(--ast-global-color-5)","background-image":"","background-repeat":"repeat","background-position":"center center","background-size":"auto","background-attachment":"scroll","background-type":"","background-media":"","overlay-type":"","overlay-color":"","overlay-opacity":"","overlay-gradient":""},"tablet":{"background-color":"var(--ast-global-color-5)","background-image":"","background-repeat":"repeat","background-position":"center center","background-size":"auto","background-attachment":"scroll","background-type":"","background-media":"","overlay-type":"","overlay-color":"","overlay-opacity":"","overlay-gradient":""},"mobile":{"background-color":"var(--ast-global-color-5)","background-image":"","background-repeat":"repeat","background-position":"center center","background-size":"auto","background-attachment":"scroll","background-type":"","background-media":"","overlay-type":"","overlay-color":"","overlay-opacity":"","overlay-gradient":""}},"footnotes":""},"categories":[14,1,4,5,80],"tags":[166,132,63,74,59],"class_list":["post-2489","post","type-post","status-publish","format-standard","has-post-thumbnail","hentry","category-5e","category-general","category-portada","category-primaria","category-robotica","tag-educacio-primaria","tag-escola-matagalls","tag-mediambient","tag-projectes","tag-robotica"],"post_mailing_queue_ids":[],"_links":{"self":[{"href":"https:\/\/agora.xtec.cat\/escolamatagalls\/wp-json\/wp\/v2\/posts\/2489","targetHints":{"allow":["GET"]}}],"collection":[{"href":"https:\/\/agora.xtec.cat\/escolamatagalls\/wp-json\/wp\/v2\/posts"}],"about":[{"href":"https:\/\/agora.xtec.cat\/escolamatagalls\/wp-json\/wp\/v2\/types\/post"}],"author":[{"embeddable":true,"href":"https:\/\/agora.xtec.cat\/escolamatagalls\/wp-json\/wp\/v2\/users\/1"}],"replies":[{"embeddable":true,"href":"https:\/\/agora.xtec.cat\/escolamatagalls\/wp-json\/wp\/v2\/comments?post=2489"}],"version-history":[{"count":3,"href":"https:\/\/agora.xtec.cat\/escolamatagalls\/wp-json\/wp\/v2\/posts\/2489\/revisions"}],"predecessor-version":[{"id":2497,"href":"https:\/\/agora.xtec.cat\/escolamatagalls\/wp-json\/wp\/v2\/posts\/2489\/revisions\/2497"}],"wp:featuredmedia":[{"embeddable":true,"href":"https:\/\/agora.xtec.cat\/escolamatagalls\/wp-json\/wp\/v2\/media\/2494"}],"wp:attachment":[{"href":"https:\/\/agora.xtec.cat\/escolamatagalls\/wp-json\/wp\/v2\/media?parent=2489"}],"wp:term":[{"taxonomy":"category","embeddable":true,"href":"https:\/\/agora.xtec.cat\/escolamatagalls\/wp-json\/wp\/v2\/categories?post=2489"},{"taxonomy":"post_tag","embeddable":true,"href":"https:\/\/agora.xtec.cat\/escolamatagalls\/wp-json\/wp\/v2\/tags?post=2489"}],"curies":[{"name":"wp","href":"https:\/\/api.w.org\/{rel}","templated":true}]}}