{"id":1751,"date":"2026-01-25T19:03:17","date_gmt":"2026-01-25T18:03:17","guid":{"rendered":"https:\/\/agora.xtec.cat\/escolamasfalco\/?p=1751"},"modified":"2026-02-02T10:48:13","modified_gmt":"2026-02-02T09:48:13","slug":"cafe-pedagogic-escola-mas-falco","status":"publish","type":"post","link":"https:\/\/agora.xtec.cat\/escolamasfalco\/general\/cafe-pedagogic-escola-mas-falco\/","title":{"rendered":"Caf\u00e8 pedag\u00f2gic \u2013 Portes obertes"},"content":{"rendered":"<p><span style=\"font-weight: 400;\">Convidem les fam\u00edlies a con\u00e8ixer el projecte educatiu de l\u2019Escola Mas Falc\u00f3 en un <\/span><b>caf\u00e8 pedag\u00f2gic<\/b><span style=\"font-weight: 400;\">, que tindr\u00e0 lloc el <\/span><b>24 de febrer a les\u00a0 14:45 h<\/b><span style=\"font-weight: 400;\">.<\/span><span style=\"font-weight: 400;\"><br \/>\n<\/span><span style=\"font-weight: 400;\">Aquest espai de conversa distesa permet resoldre dubtes, fer preguntes i con\u00e8ixer de prop el nostre projecte i l\u2019equip docent. Aquest format substitueix les tradicionals portes obertes.<\/span><\/p>\n<p><span style=\"font-weight: 400;\">Per organitzar la sessi\u00f3, us demanem que respongueu el <\/span><a href=\"https:\/\/forms.gle\/K2QgXzmDYWk9TDSe7\"><b>q\u00fcestionari<\/b><\/a><span style=\"font-weight: 400;\"> amb les vostres dades i preguntes <\/span><b>abans de divendres 13 de febrer<\/b><span style=\"font-weight: 400;\">.<\/span><\/p>\n<p><span style=\"font-weight: 400;\">Gr\u00e0cies per la vostra col\u00b7laboraci\u00f3. Pr\u00f2ximament us informarem dels temes a tractar.<\/span><\/p>\n<p><i><span style=\"font-weight: 400;\">L\u2019Equip Directiu de l\u2019Escola Mas Falc\u00f3<\/span><\/i><\/p>\n","protected":false},"excerpt":{"rendered":"<p>Convidem les fam\u00edlies a con\u00e8ixer el projecte educatiu de l\u2019Escola Mas Falc\u00f3 en un caf\u00e8 pedag\u00f2gic, que tindr\u00e0 lloc el 24 de febrer a les\u00a0 14:45 h.<br \/>\nAquest espai de conversa distesa permet resoldre dubtes, fer preguntes i con\u00e8ixer de prop el nostre projecte i l\u2019equip&hellip;  <a href=\"https:\/\/agora.xtec.cat\/escolamasfalco\/general\/cafe-pedagogic-escola-mas-falco\/\" title=\"Read Caf\u00e8 pedag\u00f2gic \u2013 Portes obertes\">Llegeix m\u00e9s\u00bb<\/a><\/p>\n","protected":false},"author":1,"featured_media":1763,"comment_status":"open","ping_status":"open","sticky":false,"template":"","format":"standard","meta":{"_bbp_topic_count":0,"_bbp_reply_count":0,"_bbp_total_topic_count":0,"_bbp_total_reply_count":0,"_bbp_voice_count":0,"_bbp_anonymous_reply_count":0,"_bbp_topic_count_hidden":0,"_bbp_reply_count_hidden":0,"_bbp_forum_subforum_count":0,"footnotes":""},"categories":[1,4],"tags":[],"class_list":["post-1751","post","type-post","status-publish","format-standard","has-post-thumbnail","hentry","category-general","category-portada"],"post_mailing_queue_ids":[],"_links":{"self":[{"href":"https:\/\/agora.xtec.cat\/escolamasfalco\/wp-json\/wp\/v2\/posts\/1751","targetHints":{"allow":["GET"]}}],"collection":[{"href":"https:\/\/agora.xtec.cat\/escolamasfalco\/wp-json\/wp\/v2\/posts"}],"about":[{"href":"https:\/\/agora.xtec.cat\/escolamasfalco\/wp-json\/wp\/v2\/types\/post"}],"author":[{"embeddable":true,"href":"https:\/\/agora.xtec.cat\/escolamasfalco\/wp-json\/wp\/v2\/users\/1"}],"replies":[{"embeddable":true,"href":"https:\/\/agora.xtec.cat\/escolamasfalco\/wp-json\/wp\/v2\/comments?post=1751"}],"version-history":[{"count":6,"href":"https:\/\/agora.xtec.cat\/escolamasfalco\/wp-json\/wp\/v2\/posts\/1751\/revisions"}],"predecessor-version":[{"id":1766,"href":"https:\/\/agora.xtec.cat\/escolamasfalco\/wp-json\/wp\/v2\/posts\/1751\/revisions\/1766"}],"wp:featuredmedia":[{"embeddable":true,"href":"https:\/\/agora.xtec.cat\/escolamasfalco\/wp-json\/wp\/v2\/media\/1763"}],"wp:attachment":[{"href":"https:\/\/agora.xtec.cat\/escolamasfalco\/wp-json\/wp\/v2\/media?parent=1751"}],"wp:term":[{"taxonomy":"category","embeddable":true,"href":"https:\/\/agora.xtec.cat\/escolamasfalco\/wp-json\/wp\/v2\/categories?post=1751"},{"taxonomy":"post_tag","embeddable":true,"href":"https:\/\/agora.xtec.cat\/escolamasfalco\/wp-json\/wp\/v2\/tags?post=1751"}],"curies":[{"name":"wp","href":"https:\/\/api.w.org\/{rel}","templated":true}]}}