{"id":1531,"date":"2025-03-11T15:16:14","date_gmt":"2025-03-11T14:16:14","guid":{"rendered":"https:\/\/agora.xtec.cat\/escolamasfalco\/?p=1531"},"modified":"2026-01-26T13:46:12","modified_gmt":"2026-01-26T12:46:12","slug":"presentacio-de-lalianca","status":"publish","type":"post","link":"https:\/\/agora.xtec.cat\/escolamasfalco\/general\/presentacio-de-lalianca\/","title":{"rendered":"Presentaci\u00f3 de l&#8217;alian\u00e7a"},"content":{"rendered":"<p>5 de mar\u00e7 del 2025<\/p>\n<p>Aquest centre participa en el programa\u00a0<strong><em>Magnet, aliances per a l\u2019\u00e8xit educatiu<\/em><\/strong>, impulsat pel Departament d\u2019Educaci\u00f3 i Formaci\u00f3 Professional de la Generalitat de Catalunya, la Fundaci\u00f3 Bofill, l\u2019Institut de Ci\u00e8ncies de l\u2019Educaci\u00f3 de la UAB i el Consorci d\u2019Educaci\u00f3 de Barcelona.<\/p>\n<p>L\u2019Escola Poveda ha iniciat aquest curs 2024-25 el projecte d\u2019innovaci\u00f3 educativa en alian\u00e7a amb l\u2019Institut de Diagnosi Ambiental i Estudis de l\u2019Aigua (IDAEA-CSIC).\u00a0<strong>El projecte promour\u00e0 la ci\u00e8ncia i el medi ambient com a eixos d\u2019aprenentatge entre l\u2019alumnat.<\/strong>\u00a0L\u2019escola Poveda forma part del programa \u201cMagnet, aliances per a l\u2019\u00e8xit educatiu\u201d, que aplega 47 centres educatius d\u2019arreu de Catalunya.<\/p>\n<p>L\u2019Escola Poveda ha acollit la presentaci\u00f3 del programa Magnet, que ha comptat amb la participaci\u00f3 de representants de les institucions que l\u2019impulsen, el Consorci d\u2019Educaci\u00f3 de Barcelona, la Fundaci\u00f3 Bofill, l\u2019IDAEA-CSIC i el centre educatiu barcelon\u00ed situat al barri de Vallcarca.<\/p>\n<p>La directora de l\u2019Escola Poveda, Rosa Bonet, ha compartit com<strong>\u00a0\u201cparticipar d\u2019un projecte Magnet \u00e9s una oportunitat per als nostres infants i per poder repensar la ci\u00e8ncia que feiem a l\u2019escola\u201d<\/strong>\u00a0i ha afegit que:\u00a0<strong>\u201cara, acompanyats del partner, IDAEA- CSIC, centre d\u2019excel\u00b7l\u00e8ncia Severo Ochoa (2019-2024), i expert en aquest \u00e0mbit, treballarem plegats per integrar el m\u00e8tode cient\u00edfic com a base del proc\u00e9s d\u2019ensenyament- aprenentatge\u201d.<\/strong>\u00a0Bonet ha afegit que mitjan\u00e7ant l\u2019acompanyament i recolzament que el centre rep del personal cient\u00edfic d\u2019IDAEA-CSIC podran dotar els projectes de m\u00e0xima rigorositat cient\u00edfica com projectes d\u2019indagaci\u00f3 i la incorporaci\u00f3 de noves propostes i projectes sobre microorganismes, les forces i el moviment i la gravetat. A m\u00e9s, la directora de l\u2019escola ha tingut unes paraules de reconeixement per Neus Banqu\u00e9, la formadora que els acompanya en aquest proc\u00e9s de transformaci\u00f3 educativa.<\/p>\n<p><strong>\u201cMagnet \u00e9s un programa motor que ens ajuda a entendre l\u2019educaci\u00f3 per millorar-la\u201d,<\/strong>\u00a0Ismael Palac\u00edn, director de la Fundaci\u00f3 Bofill, i ha afegit que:<strong>\u00a0\u201cMagnet ens d\u00f3na motius per l\u2019optimisme al veure escoles que es repensen i institucions d\u2019excel\u00b7l\u00e8ncia que tamb\u00e9 volen destacar pel seu comprom\u00eds social i educatiu\u201d.<\/strong>\u00a0Palac\u00edn ha posat accent a la implicaci\u00f3 del claustre de l\u2019escola per fer possible que alian\u00e7a magnet ofereixi m\u00e9s i millors oportunitats educatives a l\u2019alumnat de l\u2019Escola Poveda. En aquesta l\u00ednia, la directora d\u2019Educaci\u00f3 i Territori al Consorci d\u2019Educaci\u00f3 de Barcelona, Eul\u00e0lia Esclap\u00e9s, ha compartit el comprom\u00eds del Consorci amb l\u2019escola i ha afirmat que:\u00a0<strong>\u201cla proposta de Magnet suposa un acompanyament intensiu als centres que hi participen\u201d.\u00a0 \u00a0 \u00a0 \u00a0 \u00a0 \u00a0 \u00a0 \u00a0 \u00a0 \u00a0\u00a0<a href=\"https:\/\/agora.xtec.cat\/escolamasfalco\/wp-content\/uploads\/usu1723\/2024\/11\/Logo_Fundacio_Bofill-e1727778288483.png\">\u00a0<\/a><\/strong><\/p>\n<p>&nbsp;<\/p>\n<p><a href=\"https:\/\/agora.xtec.cat\/escolamasfalco\/wp-content\/uploads\/usu1723\/2025\/03\/IMG_8889.jpeg\"><img loading=\"lazy\" decoding=\"async\" class=\" wp-image-1524 aligncenter\" src=\"https:\/\/agora.xtec.cat\/escolamasfalco\/wp-content\/uploads\/usu1723\/2025\/03\/IMG_8889-300x225.jpeg\" sizes=\"auto, (max-width: 516px) 100vw, 516px\" srcset=\"https:\/\/agora.xtec.cat\/escolamasfalco\/wp-content\/uploads\/usu1723\/2025\/03\/IMG_8889-300x225.jpeg 300w, https:\/\/agora.xtec.cat\/escolamasfalco\/wp-content\/uploads\/usu1723\/2025\/03\/IMG_8889-1024x768.jpeg 1024w, https:\/\/agora.xtec.cat\/escolamasfalco\/wp-content\/uploads\/usu1723\/2025\/03\/IMG_8889-768x576.jpeg 768w, https:\/\/agora.xtec.cat\/escolamasfalco\/wp-content\/uploads\/usu1723\/2025\/03\/IMG_8889-1536x1152.jpeg 1536w, https:\/\/agora.xtec.cat\/escolamasfalco\/wp-content\/uploads\/usu1723\/2025\/03\/IMG_8889-200x150.jpeg 200w, https:\/\/agora.xtec.cat\/escolamasfalco\/wp-content\/uploads\/usu1723\/2025\/03\/IMG_8889.jpeg 2048w\" alt=\"\" width=\"516\" height=\"387\" \/><\/a><\/p>\n<div><\/div>\n<div>Impactes a mitjans:<\/div>\n<div>\n<ul>\n<li><a href=\"https:\/\/www.lavanguardia.com\/vida\/20250305\/10448864\/programa-apuesta-nuevas-formas-ensenar-ciencias-escuelas-catalanas-agenciaslv20250305.html\" target=\"_blank\" rel=\"noopener\" data-saferedirecturl=\"https:\/\/www.google.com\/url?q=https:\/\/www.lavanguardia.com\/vida\/20250305\/10448864\/programa-apuesta-nuevas-formas-ensenar-ciencias-escuelas-catalanas-agenciaslv20250305.html&amp;source=gmail&amp;ust=1741704546062000&amp;usg=AOvVaw0hHivnasqhNI9G47LLPLut\">Un programa apuesta por nuevas formas de ense\u00f1ar ciencias en las escuelas catalanas<\/a>\u00a0La Vanguardia (EFE)<\/li>\n<li><a href=\"https:\/\/www.independent.cat\/noticia\/100332\/lescola-poveda-sincorpora-al-programa-magnet-per-aplicar-ciencia-a-laula\" target=\"_blank\" rel=\"noopener\" data-saferedirecturl=\"https:\/\/www.google.com\/url?q=https:\/\/www.independent.cat\/noticia\/100332\/lescola-poveda-sincorpora-al-programa-magnet-per-aplicar-ciencia-a-laula&amp;source=gmail&amp;ust=1741704546062000&amp;usg=AOvVaw1iO-626A3eeGDkQPkYM3Dj\">L\u2019Escola Poveda s\u2019incorpora al programa \u2018Magnet\u2019 per aplicar ci\u00e8ncia a l\u2019aula<\/a>\u00a0L\u2019Independent\u00a0de Gr\u00e0cia<\/li>\n<li><a href=\"https:\/\/www.idaea.csic.es\/ca\/newspost\/el-programa-magnet-transforma-lensenyament-a-lescola-poveda-a-traves-de-lalianca-amb-lidaea-csic\/\" target=\"_blank\" rel=\"noopener\" data-saferedirecturl=\"https:\/\/www.google.com\/url?q=https:\/\/www.idaea.csic.es\/ca\/newspost\/el-programa-magnet-transforma-lensenyament-a-lescola-poveda-a-traves-de-lalianca-amb-lidaea-csic\/&amp;source=gmail&amp;ust=1741704546062000&amp;usg=AOvVaw33cYAbC1NOW2qcjeoXQvv5\">El programa Magnet transforma l\u2019ensenyament a l\u2019Escola Poveda a trav\u00e9s de l\u2019alian\u00e7a amb l\u2019IDAEA-CSIC<\/a>\u00a0<a href=\"http:\/\/idaea.csic.es\/\" target=\"_blank\" rel=\"noopener\" data-saferedirecturl=\"https:\/\/www.google.com\/url?q=http:\/\/idaea.csic.es&amp;source=gmail&amp;ust=1741704546062000&amp;usg=AOvVaw31-ckKPheovkeNwiiE_weW\">idaea.csic.es<\/a><\/li>\n<li>Not\u00edcia al blog Consorci.edu.\u00a0<i>Pendent de publicar<\/i><\/li>\n<\/ul>\n<\/div>\n","protected":false},"excerpt":{"rendered":"<p>5 de mar\u00e7 del 2025<br \/>\nAquest centre participa en el programa\u00a0Magnet, aliances per a l\u2019\u00e8xit educatiu, impulsat pel Departament d\u2019Educaci\u00f3 i Formaci\u00f3 Professional de la Generalitat de Catalunya, la Fundaci\u00f3 Bofill, l\u2019Institut de Ci\u00e8ncies de l\u2019Educaci\u00f3 de la UAB i el Consorci d\u2019Educaci\u00f3 de Barcelona.<br \/>\nL\u2019Escola Poveda&hellip;  <a href=\"https:\/\/agora.xtec.cat\/escolamasfalco\/general\/presentacio-de-lalianca\/\" title=\"Read Presentaci\u00f3 de l&#8217;alian\u00e7a\">Llegeix m\u00e9s\u00bb<\/a><\/p>\n","protected":false},"author":1,"featured_media":1524,"comment_status":"open","ping_status":"closed","sticky":false,"template":"","format":"standard","meta":{"_bbp_topic_count":0,"_bbp_reply_count":0,"_bbp_total_topic_count":0,"_bbp_total_reply_count":0,"_bbp_voice_count":0,"_bbp_anonymous_reply_count":0,"_bbp_topic_count_hidden":0,"_bbp_reply_count_hidden":0,"_bbp_forum_subforum_count":0,"footnotes":""},"categories":[1,4],"tags":[],"class_list":["post-1531","post","type-post","status-publish","format-standard","has-post-thumbnail","hentry","category-general","category-portada"],"post_mailing_queue_ids":[],"_links":{"self":[{"href":"https:\/\/agora.xtec.cat\/escolamasfalco\/wp-json\/wp\/v2\/posts\/1531","targetHints":{"allow":["GET"]}}],"collection":[{"href":"https:\/\/agora.xtec.cat\/escolamasfalco\/wp-json\/wp\/v2\/posts"}],"about":[{"href":"https:\/\/agora.xtec.cat\/escolamasfalco\/wp-json\/wp\/v2\/types\/post"}],"author":[{"embeddable":true,"href":"https:\/\/agora.xtec.cat\/escolamasfalco\/wp-json\/wp\/v2\/users\/1"}],"replies":[{"embeddable":true,"href":"https:\/\/agora.xtec.cat\/escolamasfalco\/wp-json\/wp\/v2\/comments?post=1531"}],"version-history":[{"count":1,"href":"https:\/\/agora.xtec.cat\/escolamasfalco\/wp-json\/wp\/v2\/posts\/1531\/revisions"}],"predecessor-version":[{"id":1532,"href":"https:\/\/agora.xtec.cat\/escolamasfalco\/wp-json\/wp\/v2\/posts\/1531\/revisions\/1532"}],"wp:featuredmedia":[{"embeddable":true,"href":"https:\/\/agora.xtec.cat\/escolamasfalco\/wp-json\/wp\/v2\/media\/1524"}],"wp:attachment":[{"href":"https:\/\/agora.xtec.cat\/escolamasfalco\/wp-json\/wp\/v2\/media?parent=1531"}],"wp:term":[{"taxonomy":"category","embeddable":true,"href":"https:\/\/agora.xtec.cat\/escolamasfalco\/wp-json\/wp\/v2\/categories?post=1531"},{"taxonomy":"post_tag","embeddable":true,"href":"https:\/\/agora.xtec.cat\/escolamasfalco\/wp-json\/wp\/v2\/tags?post=1531"}],"curies":[{"name":"wp","href":"https:\/\/api.w.org\/{rel}","templated":true}]}}