{"id":9105,"date":"2022-05-23T13:14:43","date_gmt":"2022-05-23T11:14:43","guid":{"rendered":"https:\/\/agora.xtec.cat\/escolamartinet\/?p=9105"},"modified":"2022-05-23T13:34:44","modified_gmt":"2022-05-23T11:34:44","slug":"1r-racons-daprenentatge-abril-maig","status":"publish","type":"post","link":"https:\/\/agora.xtec.cat\/escolamartinet\/portada\/1r-racons-daprenentatge-abril-maig\/","title":{"rendered":"1r. Racons d&#8217;aprenentatge maig"},"content":{"rendered":"<p style=\"text-align: justify;\">Hola fam\u00edlies,\u00a0<\/p>\n<p style=\"text-align: justify;\">Aqu\u00ed teniu el recull de fotografies dels \u00faltims racons d\u2019aprenentatge que vam fer les 2 darreres setmanes abans de marxar de col\u00f2nies. Ens han servit per treballar continguts d\u2019aquest 3r trimestre de les \u00e0rees de pl\u00e0stica, medi, catal\u00e0 i matem\u00e0tiques de manera m\u00e9s manipulativa i vivencial. Esperem que gaudiu veient com aprenem!<\/p>\n<ul>\n<li>Ens hem divertit refor\u00e7ant la lectoescriptura mentre jug\u00e0vem a encertar les respostes de diverses endevinalles.<\/li>\n<li>A partir de paraules simples, hem creat paraules compostes i n\u2019hem apr\u00e9s el seu significat.<\/li>\n<li>Llen\u00e7ant daus de diferents colors hem creat frases molt divertides i sense adonar-nos est\u00e0vem treballant diverses tipologies de paraules (articles, noms, verbs, complements&#8230;).<\/li>\n<li>A la nostra pastisseria particular hem refor\u00e7at la lecto tot relacionant els cartellets descriptius amb les imatges dels bombons corresponents i tamb\u00e9 hem hagut de fer els c\u00e0lculs matem\u00e0tics necessaris per a poder vendre\u2019ls.<\/li>\n<li>Hem fet observaci\u00f3 i comptatge d\u2019elements de primavera.<\/li>\n<li>A partir de la seriaci\u00f3 de pastanagues, hem refor\u00e7at part de la numeraci\u00f3 treballada fins al moment.<\/li>\n<li>Fent una de les activitats pl\u00e0stiques pels projectes que donen nom a les nostres classes \u201cJoan Mir\u00f3 i Antoni Gaud\u00ed\u201d hem gaudit d\u2019all\u00f2 m\u00e9s!<\/li>\n<\/ul>\n<p>Seguim aprenent de valent! \u00a0<\/p>\n<p style=\"text-align: center;\"><a href=\"https:\/\/photos.app.goo.gl\/rLySxPmU9eNhjLY2A\" target=\"_blank\" rel=\"noopener\"><img loading=\"lazy\" decoding=\"async\" class=\"wp-image-9106 aligncenter\" src=\"https:\/\/agora.xtec.cat\/escolamartinet\/wp-content\/uploads\/usu369\/2022\/05\/20220427_094848-1024x768.jpg\" alt=\"\" width=\"570\" height=\"428\" srcset=\"https:\/\/agora.xtec.cat\/escolamartinet\/wp-content\/uploads\/usu369\/2022\/05\/20220427_094848-1024x768.jpg 1024w, https:\/\/agora.xtec.cat\/escolamartinet\/wp-content\/uploads\/usu369\/2022\/05\/20220427_094848-300x225.jpg 300w, https:\/\/agora.xtec.cat\/escolamartinet\/wp-content\/uploads\/usu369\/2022\/05\/20220427_094848-768x576.jpg 768w, https:\/\/agora.xtec.cat\/escolamartinet\/wp-content\/uploads\/usu369\/2022\/05\/20220427_094848-200x150.jpg 200w, https:\/\/agora.xtec.cat\/escolamartinet\/wp-content\/uploads\/usu369\/2022\/05\/20220427_094848.jpg 1155w\" sizes=\"auto, (max-width: 570px) 100vw, 570px\" \/><\/a><\/p>\n","protected":false},"excerpt":{"rendered":"<p>Hola fam\u00edlies,\u00a0<\/p>\n<p>Aqu\u00ed teniu el recull de fotografies dels \u00faltims racons d\u2019aprenentatge que vam fer les 2 darreres setmanes abans de marxar de col\u00f2nies. Ens han servit per treballar continguts d\u2019aquest 3r trimestre de les \u00e0rees de pl\u00e0stica, medi, catal\u00e0 i matem\u00e0tiques de manera m\u00e9s manipulativa i vivencial. Esperem que gaudiu veient com aprenem!<\/p>\n","protected":false},"author":69,"featured_media":9106,"comment_status":"open","ping_status":"closed","sticky":false,"template":"","format":"standard","meta":{"_bbp_topic_count":0,"_bbp_reply_count":0,"_bbp_total_topic_count":0,"_bbp_total_reply_count":0,"_bbp_voice_count":0,"_bbp_anonymous_reply_count":0,"_bbp_topic_count_hidden":0,"_bbp_reply_count_hidden":0,"_bbp_forum_subforum_count":0,"site-sidebar-layout":"default","site-content-layout":"","ast-site-content-layout":"","site-content-style":"default","site-sidebar-style":"default","ast-global-header-display":"","ast-banner-title-visibility":"","ast-main-header-display":"","ast-hfb-above-header-display":"","ast-hfb-below-header-display":"","ast-hfb-mobile-header-display":"","site-post-title":"","ast-breadcrumbs-content":"","ast-featured-img":"","footer-sml-layout":"","theme-transparent-header-meta":"","adv-header-id-meta":"","stick-header-meta":"","header-above-stick-meta":"","header-main-stick-meta":"","header-below-stick-meta":"","astra-migrate-meta-layouts":"default","ast-page-background-enabled":"default","ast-page-background-meta":{"desktop":{"background-color":"var(--ast-global-color-4)","background-image":"","background-repeat":"repeat","background-position":"center center","background-size":"auto","background-attachment":"scroll","background-type":"","background-media":"","overlay-type":"","overlay-color":"","overlay-opacity":"","overlay-gradient":""},"tablet":{"background-color":"","background-image":"","background-repeat":"repeat","background-position":"center center","background-size":"auto","background-attachment":"scroll","background-type":"","background-media":"","overlay-type":"","overlay-color":"","overlay-opacity":"","overlay-gradient":""},"mobile":{"background-color":"","background-image":"","background-repeat":"repeat","background-position":"center center","background-size":"auto","background-attachment":"scroll","background-type":"","background-media":"","overlay-type":"","overlay-color":"","overlay-opacity":"","overlay-gradient":""}},"ast-content-background-meta":{"desktop":{"background-color":"var(--ast-global-color-5)","background-image":"","background-repeat":"repeat","background-position":"center center","background-size":"auto","background-attachment":"scroll","background-type":"","background-media":"","overlay-type":"","overlay-color":"","overlay-opacity":"","overlay-gradient":""},"tablet":{"background-color":"var(--ast-global-color-5)","background-image":"","background-repeat":"repeat","background-position":"center center","background-size":"auto","background-attachment":"scroll","background-type":"","background-media":"","overlay-type":"","overlay-color":"","overlay-opacity":"","overlay-gradient":""},"mobile":{"background-color":"var(--ast-global-color-5)","background-image":"","background-repeat":"repeat","background-position":"center center","background-size":"auto","background-attachment":"scroll","background-type":"","background-media":"","overlay-type":"","overlay-color":"","overlay-opacity":"","overlay-gradient":""}},"footnotes":""},"categories":[31,4],"tags":[41,346,140,327,501],"class_list":["post-9105","post","type-post","status-publish","format-standard","has-post-thumbnail","hentry","category-inicial","category-portada","tag-1r","tag-lectoescriptura","tag-matematiques","tag-matematiques-manipulatives","tag-racons-daprenentatge"],"post_mailing_queue_ids":[],"_links":{"self":[{"href":"https:\/\/agora.xtec.cat\/escolamartinet\/wp-json\/wp\/v2\/posts\/9105","targetHints":{"allow":["GET"]}}],"collection":[{"href":"https:\/\/agora.xtec.cat\/escolamartinet\/wp-json\/wp\/v2\/posts"}],"about":[{"href":"https:\/\/agora.xtec.cat\/escolamartinet\/wp-json\/wp\/v2\/types\/post"}],"author":[{"embeddable":true,"href":"https:\/\/agora.xtec.cat\/escolamartinet\/wp-json\/wp\/v2\/users\/69"}],"replies":[{"embeddable":true,"href":"https:\/\/agora.xtec.cat\/escolamartinet\/wp-json\/wp\/v2\/comments?post=9105"}],"version-history":[{"count":2,"href":"https:\/\/agora.xtec.cat\/escolamartinet\/wp-json\/wp\/v2\/posts\/9105\/revisions"}],"predecessor-version":[{"id":9112,"href":"https:\/\/agora.xtec.cat\/escolamartinet\/wp-json\/wp\/v2\/posts\/9105\/revisions\/9112"}],"wp:featuredmedia":[{"embeddable":true,"href":"https:\/\/agora.xtec.cat\/escolamartinet\/wp-json\/wp\/v2\/media\/9106"}],"wp:attachment":[{"href":"https:\/\/agora.xtec.cat\/escolamartinet\/wp-json\/wp\/v2\/media?parent=9105"}],"wp:term":[{"taxonomy":"category","embeddable":true,"href":"https:\/\/agora.xtec.cat\/escolamartinet\/wp-json\/wp\/v2\/categories?post=9105"},{"taxonomy":"post_tag","embeddable":true,"href":"https:\/\/agora.xtec.cat\/escolamartinet\/wp-json\/wp\/v2\/tags?post=9105"}],"curies":[{"name":"wp","href":"https:\/\/api.w.org\/{rel}","templated":true}]}}