{"id":12943,"date":"2026-03-16T09:36:39","date_gmt":"2026-03-16T08:36:39","guid":{"rendered":"https:\/\/agora.xtec.cat\/escolamartinet\/?p=12943"},"modified":"2026-03-16T16:18:19","modified_gmt":"2026-03-16T15:18:19","slug":"3r-edudansa-6","status":"publish","type":"post","link":"https:\/\/agora.xtec.cat\/escolamartinet\/general\/3r-edudansa-6\/","title":{"rendered":"3r. Edudansa"},"content":{"rendered":"<p><!-- \/wp:paragraph -->\r\n<!-- wp:paragraph --><\/p>\r\n<p style=\"text-align: justify;\">Hola fam\u00edlies!<\/p>\r\n<p style=\"text-align: justify;\">El passat divendres els nens i nenes de 3r van assistir a l&#8217;activitat Edudansa que com cada any celebrem junt amb d&#8217;altres escola de Cornell\u00e0 per ballar i gaudir plegats.<\/p>\r\n<p style=\"text-align: justify;\"><!-- \/wp:paragraph -->\r\n<!-- wp:paragraph --><\/p>\r\n<p style=\"text-align: justify;\">Aquest curs, la tem\u00e0tica eren les danses populars. La nostra escola vam ballar una dansa en cercle anomenada Contradansa Pastoril. Ho vam fer molt b\u00e9 i ens ho vam passar genial. Despr\u00e9s ens vam barrejar amb nens i nenes d&#8217;altres escoles per ballar la dansa popular de Cornell\u00e0, la Gallarda del Pou. El diumenge de Festa Major, podeu veure com la balla l&#8217;Esbart de Cornell\u00e0 a la Pla\u00e7a de l&#8217;Ajuntament.<\/p>\r\n<p style=\"text-align: justify;\">Va ser un mat\u00ed diferent, compartit amb tots els companys i companyes, amb d&#8217;altres alumnes i mestres d&#8217;escoles de Cornell\u00e0 i les fam\u00edlies que ens van venir a veure. Moltes gr\u00e0cies a tots i a totes!<\/p>\r\n<p style=\"text-align: justify;\"><!-- \/wp:paragraph -->\r\n<!-- wp:paragraph --><\/p>\r\n<p style=\"text-align: justify;\">Podreu veure les imatges i els v\u00eddeos de l&#8217;acte a la carpeta VERDA del Drive compartit.\u00a0<\/p>\r\n<p><a href=\"https:\/\/photos.app.goo.gl\/LKGbXjrBz3YaapUx6\"><img loading=\"lazy\" decoding=\"async\" class=\"wp-image-12945 aligncenter\" src=\"https:\/\/agora.xtec.cat\/escolamartinet\/wp-content\/uploads\/usu369\/2026\/03\/20260313_104838-1024x768.jpg\" alt=\"\" width=\"701\" height=\"526\" srcset=\"https:\/\/agora.xtec.cat\/escolamartinet\/wp-content\/uploads\/usu369\/2026\/03\/20260313_104838-1024x768.jpg 1024w, https:\/\/agora.xtec.cat\/escolamartinet\/wp-content\/uploads\/usu369\/2026\/03\/20260313_104838-300x225.jpg 300w, https:\/\/agora.xtec.cat\/escolamartinet\/wp-content\/uploads\/usu369\/2026\/03\/20260313_104838-768x576.jpg 768w, https:\/\/agora.xtec.cat\/escolamartinet\/wp-content\/uploads\/usu369\/2026\/03\/20260313_104838-1536x1152.jpg 1536w, https:\/\/agora.xtec.cat\/escolamartinet\/wp-content\/uploads\/usu369\/2026\/03\/20260313_104838-2048x1536.jpg 2048w\" sizes=\"auto, (max-width: 701px) 100vw, 701px\" \/><\/a><\/p>\r\n<p><!-- \/wp:paragraph -->\r\n<!-- wp:paragraph --><\/p>","protected":false},"excerpt":{"rendered":"<p>Hola fam\u00edlies! El passat divendres els nens i nenes de 3r van assistir a l&#8217;activitat Edudansa que com cada any celebrem junt amb d&#8217;altres escola de Cornell\u00e0 per ballar i gaudir plegats. Aquest curs, la tem\u00e0tica eren les danses populars. La nostra escola vam ballar una dansa en cercle anomenada Contradansa Pastoril. Ho vam fer [&hellip;]<\/p>\n","protected":false},"author":86,"featured_media":12945,"comment_status":"open","ping_status":"open","sticky":false,"template":"","format":"standard","meta":{"_bbp_topic_count":0,"_bbp_reply_count":0,"_bbp_total_topic_count":0,"_bbp_total_reply_count":0,"_bbp_voice_count":0,"_bbp_anonymous_reply_count":0,"_bbp_topic_count_hidden":0,"_bbp_reply_count_hidden":0,"_bbp_forum_subforum_count":0,"site-sidebar-layout":"default","site-content-layout":"","ast-site-content-layout":"default","site-content-style":"default","site-sidebar-style":"default","ast-global-header-display":"","ast-banner-title-visibility":"","ast-main-header-display":"","ast-hfb-above-header-display":"","ast-hfb-below-header-display":"","ast-hfb-mobile-header-display":"","site-post-title":"","ast-breadcrumbs-content":"","ast-featured-img":"","footer-sml-layout":"","theme-transparent-header-meta":"default","adv-header-id-meta":"","stick-header-meta":"","header-above-stick-meta":"","header-main-stick-meta":"","header-below-stick-meta":"","astra-migrate-meta-layouts":"set","ast-page-background-enabled":"default","ast-page-background-meta":{"desktop":{"background-color":"var(--ast-global-color-4)","background-image":"","background-repeat":"repeat","background-position":"center center","background-size":"auto","background-attachment":"scroll","background-type":"","background-media":"","overlay-type":"","overlay-color":"","overlay-opacity":"","overlay-gradient":""},"tablet":{"background-color":"","background-image":"","background-repeat":"repeat","background-position":"center center","background-size":"auto","background-attachment":"scroll","background-type":"","background-media":"","overlay-type":"","overlay-color":"","overlay-opacity":"","overlay-gradient":""},"mobile":{"background-color":"","background-image":"","background-repeat":"repeat","background-position":"center center","background-size":"auto","background-attachment":"scroll","background-type":"","background-media":"","overlay-type":"","overlay-color":"","overlay-opacity":"","overlay-gradient":""}},"ast-content-background-meta":{"desktop":{"background-color":"var(--ast-global-color-5)","background-image":"","background-repeat":"repeat","background-position":"center center","background-size":"auto","background-attachment":"scroll","background-type":"","background-media":"","overlay-type":"","overlay-color":"","overlay-opacity":"","overlay-gradient":""},"tablet":{"background-color":"var(--ast-global-color-5)","background-image":"","background-repeat":"repeat","background-position":"center center","background-size":"auto","background-attachment":"scroll","background-type":"","background-media":"","overlay-type":"","overlay-color":"","overlay-opacity":"","overlay-gradient":""},"mobile":{"background-color":"var(--ast-global-color-5)","background-image":"","background-repeat":"repeat","background-position":"center center","background-size":"auto","background-attachment":"scroll","background-type":"","background-media":"","overlay-type":"","overlay-color":"","overlay-opacity":"","overlay-gradient":""}},"footnotes":""},"categories":[1,22,29,4,16],"tags":[46,39,64],"class_list":["post-12943","post","type-post","status-publish","format-standard","has-post-thumbnail","hentry","category-general","category-mitjans","category-musica","category-portada","category-sortides","tag-3r","tag-musica","tag-sortides"],"post_mailing_queue_ids":[],"_links":{"self":[{"href":"https:\/\/agora.xtec.cat\/escolamartinet\/wp-json\/wp\/v2\/posts\/12943","targetHints":{"allow":["GET"]}}],"collection":[{"href":"https:\/\/agora.xtec.cat\/escolamartinet\/wp-json\/wp\/v2\/posts"}],"about":[{"href":"https:\/\/agora.xtec.cat\/escolamartinet\/wp-json\/wp\/v2\/types\/post"}],"author":[{"embeddable":true,"href":"https:\/\/agora.xtec.cat\/escolamartinet\/wp-json\/wp\/v2\/users\/86"}],"replies":[{"embeddable":true,"href":"https:\/\/agora.xtec.cat\/escolamartinet\/wp-json\/wp\/v2\/comments?post=12943"}],"version-history":[{"count":5,"href":"https:\/\/agora.xtec.cat\/escolamartinet\/wp-json\/wp\/v2\/posts\/12943\/revisions"}],"predecessor-version":[{"id":12953,"href":"https:\/\/agora.xtec.cat\/escolamartinet\/wp-json\/wp\/v2\/posts\/12943\/revisions\/12953"}],"wp:featuredmedia":[{"embeddable":true,"href":"https:\/\/agora.xtec.cat\/escolamartinet\/wp-json\/wp\/v2\/media\/12945"}],"wp:attachment":[{"href":"https:\/\/agora.xtec.cat\/escolamartinet\/wp-json\/wp\/v2\/media?parent=12943"}],"wp:term":[{"taxonomy":"category","embeddable":true,"href":"https:\/\/agora.xtec.cat\/escolamartinet\/wp-json\/wp\/v2\/categories?post=12943"},{"taxonomy":"post_tag","embeddable":true,"href":"https:\/\/agora.xtec.cat\/escolamartinet\/wp-json\/wp\/v2\/tags?post=12943"}],"curies":[{"name":"wp","href":"https:\/\/api.w.org\/{rel}","templated":true}]}}