{"id":12922,"date":"2026-03-16T16:18:54","date_gmt":"2026-03-16T15:18:54","guid":{"rendered":"https:\/\/agora.xtec.cat\/escolamartinet\/?p=12922"},"modified":"2026-03-16T16:19:15","modified_gmt":"2026-03-16T15:19:15","slug":"xerrada-per-a-families-com-acompanyar-en-la-sexualitat-durant-la-infancia","status":"publish","type":"post","link":"https:\/\/agora.xtec.cat\/escolamartinet\/general\/xerrada-per-a-families-com-acompanyar-en-la-sexualitat-durant-la-infancia\/","title":{"rendered":"Xerrada per a fam\u00edlies: Dilluns 23 de mar\u00e7. \u201cCOM ACOMPANYAR EN LA SEXUALITAT DURANT LA INF\u00c0NCIA?\u201d."},"content":{"rendered":"<p style=\"text-align: center;\"><strong><br \/>\n<a href=\"https:\/\/docs.google.com\/forms\/d\/e\/1FAIpQLScBXU0wFgXaqkFudnLRYSO6ZQqY_cWQG9t-pApYnoolPalnWA\/viewform\" target=\"_blank\" rel=\"noopener\">FORMULARI INSCRIPCI\u00d3<\/a><\/strong><\/p>\n<p style=\"text-align: left;\">Fam\u00edlies,<\/p>\n<p>La Comissi\u00f3 de Co-educaci\u00f3 de l\u2019Escola Martinet\u00a0presenta la\u00a0<strong>1a xerrada<\/strong>\u00a0del curs, destinada a fam\u00edlies en general, per parlar d&#8217;educaci\u00f3 sexual i afectiva. Tindr\u00e0 lloc el proper\u00a0<strong><u>DILLUNS 23\u00a0 DE MAR\u00c7 DE 2026 de 17 a 19:00 HORES<\/u>.\u00a0<\/strong>La xerrada ser\u00e0:<\/p>\n<p><strong><em>\u201cCOM ACOMPANYAR EN LA SEXUALITAT DURANT LA INF\u00c0NCIA?\u201d<\/em><\/strong><\/p>\n<p><em>Aparentment, la sexualitat en la nostra societat ja no \u00e9s un tema tab\u00fa. No obstant aix\u00f2, qu\u00e8 passa quan una criatura fa una pregunta directa sobre sexualitat? Com ens sentim? Qu\u00e8 responem?<\/em><\/p>\n<p><em>En aquesta formaci\u00f3 posarem el focus en les necessitats d\u2019educaci\u00f3 sexual a la inf\u00e0ncia. Analitzarem la mirada adultoc\u00e8ntrica envers les expressions de la sexualitat infantil i reflexionarem sobre com aquesta mirada pot condicionar les nostres respostes.<\/em><\/p>\n<p><em>Tamb\u00e9 resoldrem dubtes sobre com actuar davant determinades situacions amb claredat, senzillesa i, quan sigui possible, amb un toc d\u2019humor i naturalitat. Parlarem de les diferents etapes del desenvolupament sexual infantil i oferirem eines pr\u00e0ctiques sobre qu\u00e8 podem dir, com podem acompanyar i quines actituds ens poden ajudar a gestionar aquestes situacions de manera respectuosa i coherent.<\/em><\/p>\n<p>Format:<strong>\u00a0PRESENCIAL a la biblioteca de l&#8217;escola<\/strong><\/p>\n<p>Durada:<strong>\u00a02 hores<\/strong><\/p>\n<p><strong>A c\u00e0rrec de Marta Hernando\u00a0<u>Educadora Social i Sexual de l\u2019Equip de l\u2019associaci\u00f3 Sexducacion.<\/u><\/strong><\/p>\n<p><u>Hi haur\u00e0 acollida subvencionada per l\u2019AFI<\/u>\u00a0<\/p>\n<p><strong><a href=\"https:\/\/docs.google.com\/forms\/d\/e\/1FAIpQLScBXU0wFgXaqkFudnLRYSO6ZQqY_cWQG9t-pApYnoolPalnWA\/viewform\" target=\"_blank\" rel=\"noopener\">FORMULARI INSCRIPCI\u00d3<\/a><\/strong><\/p>\n<div>\u00a0<\/div>\n<p><strong><em>SI VOLEU ASSISTIR, SI US PLAU INSCRIVIU-VOS !<\/em><\/strong><\/p>\n<p>Us esperem,\u00a0 no podeu faltar!!!<\/p>\n<p><em>AFI Escola Martinet<\/em><\/p>\n<p><em>Comissi\u00f3 Co-educaci\u00f3<\/em><\/p>\n<p style=\"text-align: center;\"><img loading=\"lazy\" decoding=\"async\" class=\"size-large wp-image-12951 aligncenter\" src=\"https:\/\/agora.xtec.cat\/escolamartinet\/wp-content\/uploads\/usu369\/2026\/03\/WhatsApp-Image-2026-03-16-at-16.14.59-724x1024.jpeg\" alt=\"\" width=\"724\" height=\"1024\" srcset=\"https:\/\/agora.xtec.cat\/escolamartinet\/wp-content\/uploads\/usu369\/2026\/03\/WhatsApp-Image-2026-03-16-at-16.14.59-724x1024.jpeg 724w, https:\/\/agora.xtec.cat\/escolamartinet\/wp-content\/uploads\/usu369\/2026\/03\/WhatsApp-Image-2026-03-16-at-16.14.59-212x300.jpeg 212w, https:\/\/agora.xtec.cat\/escolamartinet\/wp-content\/uploads\/usu369\/2026\/03\/WhatsApp-Image-2026-03-16-at-16.14.59-768x1086.jpeg 768w, https:\/\/agora.xtec.cat\/escolamartinet\/wp-content\/uploads\/usu369\/2026\/03\/WhatsApp-Image-2026-03-16-at-16.14.59-1086x1536.jpeg 1086w, https:\/\/agora.xtec.cat\/escolamartinet\/wp-content\/uploads\/usu369\/2026\/03\/WhatsApp-Image-2026-03-16-at-16.14.59.jpeg 1131w\" sizes=\"auto, (max-width: 724px) 100vw, 724px\" \/><\/p>\n<p style=\"text-align: center;\">\u00a0<\/p>\n","protected":false},"excerpt":{"rendered":"<p>FORMULARI INSCRIPCI\u00d3 Fam\u00edlies, La Comissi\u00f3 de Co-educaci\u00f3 de l\u2019Escola Martinet\u00a0presenta la\u00a01a xerrada\u00a0del curs, destinada a fam\u00edlies en general, per parlar d&#8217;educaci\u00f3 sexual i afectiva. Tindr\u00e0 lloc el proper\u00a0DILLUNS 23\u00a0 DE MAR\u00c7 DE 2026 de 17 a 19:00 HORES.\u00a0La xerrada ser\u00e0: \u201cCOM ACOMPANYAR EN LA SEXUALITAT DURANT LA INF\u00c0NCIA?\u201d Aparentment, la sexualitat en la nostra societat [&hellip;]<\/p>\n","protected":false},"author":1,"featured_media":12951,"comment_status":"open","ping_status":"open","sticky":false,"template":"","format":"standard","meta":{"_bbp_topic_count":0,"_bbp_reply_count":0,"_bbp_total_topic_count":0,"_bbp_total_reply_count":0,"_bbp_voice_count":0,"_bbp_anonymous_reply_count":0,"_bbp_topic_count_hidden":0,"_bbp_reply_count_hidden":0,"_bbp_forum_subforum_count":0,"site-sidebar-layout":"default","site-content-layout":"","ast-site-content-layout":"default","site-content-style":"default","site-sidebar-style":"default","ast-global-header-display":"","ast-banner-title-visibility":"","ast-main-header-display":"","ast-hfb-above-header-display":"","ast-hfb-below-header-display":"","ast-hfb-mobile-header-display":"","site-post-title":"","ast-breadcrumbs-content":"","ast-featured-img":"","footer-sml-layout":"","theme-transparent-header-meta":"default","adv-header-id-meta":"","stick-header-meta":"","header-above-stick-meta":"","header-main-stick-meta":"","header-below-stick-meta":"","astra-migrate-meta-layouts":"set","ast-page-background-enabled":"default","ast-page-background-meta":{"desktop":{"background-color":"var(--ast-global-color-4)","background-image":"","background-repeat":"repeat","background-position":"center center","background-size":"auto","background-attachment":"scroll","background-type":"","background-media":"","overlay-type":"","overlay-color":"","overlay-opacity":"","overlay-gradient":""},"tablet":{"background-color":"","background-image":"","background-repeat":"repeat","background-position":"center center","background-size":"auto","background-attachment":"scroll","background-type":"","background-media":"","overlay-type":"","overlay-color":"","overlay-opacity":"","overlay-gradient":""},"mobile":{"background-color":"","background-image":"","background-repeat":"repeat","background-position":"center center","background-size":"auto","background-attachment":"scroll","background-type":"","background-media":"","overlay-type":"","overlay-color":"","overlay-opacity":"","overlay-gradient":""}},"ast-content-background-meta":{"desktop":{"background-color":"var(--ast-global-color-5)","background-image":"","background-repeat":"repeat","background-position":"center center","background-size":"auto","background-attachment":"scroll","background-type":"","background-media":"","overlay-type":"","overlay-color":"","overlay-opacity":"","overlay-gradient":""},"tablet":{"background-color":"var(--ast-global-color-5)","background-image":"","background-repeat":"repeat","background-position":"center center","background-size":"auto","background-attachment":"scroll","background-type":"","background-media":"","overlay-type":"","overlay-color":"","overlay-opacity":"","overlay-gradient":""},"mobile":{"background-color":"var(--ast-global-color-5)","background-image":"","background-repeat":"repeat","background-position":"center center","background-size":"auto","background-attachment":"scroll","background-type":"","background-media":"","overlay-type":"","overlay-color":"","overlay-opacity":"","overlay-gradient":""}},"footnotes":""},"categories":[7,1,4],"tags":[],"class_list":["post-12922","post","type-post","status-publish","format-standard","has-post-thumbnail","hentry","category-afi","category-general","category-portada"],"post_mailing_queue_ids":[],"_links":{"self":[{"href":"https:\/\/agora.xtec.cat\/escolamartinet\/wp-json\/wp\/v2\/posts\/12922","targetHints":{"allow":["GET"]}}],"collection":[{"href":"https:\/\/agora.xtec.cat\/escolamartinet\/wp-json\/wp\/v2\/posts"}],"about":[{"href":"https:\/\/agora.xtec.cat\/escolamartinet\/wp-json\/wp\/v2\/types\/post"}],"author":[{"embeddable":true,"href":"https:\/\/agora.xtec.cat\/escolamartinet\/wp-json\/wp\/v2\/users\/1"}],"replies":[{"embeddable":true,"href":"https:\/\/agora.xtec.cat\/escolamartinet\/wp-json\/wp\/v2\/comments?post=12922"}],"version-history":[{"count":6,"href":"https:\/\/agora.xtec.cat\/escolamartinet\/wp-json\/wp\/v2\/posts\/12922\/revisions"}],"predecessor-version":[{"id":12952,"href":"https:\/\/agora.xtec.cat\/escolamartinet\/wp-json\/wp\/v2\/posts\/12922\/revisions\/12952"}],"wp:featuredmedia":[{"embeddable":true,"href":"https:\/\/agora.xtec.cat\/escolamartinet\/wp-json\/wp\/v2\/media\/12951"}],"wp:attachment":[{"href":"https:\/\/agora.xtec.cat\/escolamartinet\/wp-json\/wp\/v2\/media?parent=12922"}],"wp:term":[{"taxonomy":"category","embeddable":true,"href":"https:\/\/agora.xtec.cat\/escolamartinet\/wp-json\/wp\/v2\/categories?post=12922"},{"taxonomy":"post_tag","embeddable":true,"href":"https:\/\/agora.xtec.cat\/escolamartinet\/wp-json\/wp\/v2\/tags?post=12922"}],"curies":[{"name":"wp","href":"https:\/\/api.w.org\/{rel}","templated":true}]}}