{"id":37760,"date":"2026-04-28T22:41:18","date_gmt":"2026-04-28T20:41:18","guid":{"rendered":"https:\/\/agora.xtec.cat\/escolamartamata\/?p=37760"},"modified":"2026-04-28T22:42:11","modified_gmt":"2026-04-28T20:42:11","slug":"quina-sort-les-nostres-families","status":"publish","type":"post","link":"https:\/\/agora.xtec.cat\/escolamartamata\/patufets25-26\/quina-sort-les-nostres-families\/","title":{"rendered":"QUINA SORT, LES NOSTRES FAM\u00cdLIES!"},"content":{"rendered":"\n<blockquote class=\"wp-block-quote is-layout-flow wp-block-quote-is-layout-flow\">\n<p class=\"has-text-align-right\">\u201cL\u2019infant apr\u00e8n fent, experimentant i vivint.\u201d<br>Rosa Sensat<\/p>\n<\/blockquote>\n\n\n\n<p>A l\u2019aula dels Patufets estem vivint unes tardes molt especials: les Tardes en fam\u00edlia.<\/p>\n\n\n\n<p>Durant aquest temps, un membre de la fam\u00edlia entra a l\u2019aula i comparteix amb tots els infants una activitat preparada amb il\u00b7lusi\u00f3. N\u2019hem viscut de ben variades: propostes creatives, jocs, contes, tallers\u2026 cadascuna amb un toc personal que la fa \u00fanica.<\/p>\n\n\n\n<p>Aquestes estones tenen un valor molt gran. Els infants veuen com escola i fam\u00edlia es donen la m\u00e0, es reconeixen i construeixen plegades. Compartir temps dins l\u2019aula enriqueix les relacions, dona seguretat als nens i nenes i fa cr\u00e9ixer el sentiment de pertinen\u00e7a al grup.<\/p>\n\n\n\n<p>A m\u00e9s, per als infants \u00e9s molt emocionant veure els seus familiars dins l\u2019escola, en un espai que habitualment \u00e9s seu. I, alhora, descobreixen les fam\u00edlies dels companys i companyes, ampliant la mirada i aprenent a valorar la diversitat.<\/p>\n\n\n\n<p>Estem molt, molt contents perqu\u00e8, en acabar el curs, totes les fam\u00edlies hauran passat per l\u2019aula. \u00c9s un repte compartit que ens omple d\u2019orgull i que dona sentit a aquest projecte.<\/p>\n\n\n\n<p>Des de l\u2019escola, volem fer un agra\u00efment sincer a totes les fam\u00edlies per la seva implicaci\u00f3, el seu temps i les ganes de compartir. Sense vosaltres, aquestes tardes no serien possibles.<\/p>\n\n\n\n<p>Aquestes experi\u00e8ncies contribueixen al desenvolupament de diverses compet\u00e8ncies espec\u00edfiques del curr\u00edculum d\u2019educaci\u00f3 infantil (Decret 21\/2023): Participar en la vida col\u00b7lectiva, establint vincles i respectant la diversitat de les persones.<\/p>\n\n\n\n<p>Seguim construint, junts, una escola oberta, viva i plena de sentit.<\/p>\n\n\n\n<figure class=\"wp-block-embed is-type-video is-provider-youtube wp-block-embed-youtube wp-embed-aspect-4-3 wp-has-aspect-ratio\"><div class=\"wp-block-embed__wrapper\">\n<iframe loading=\"lazy\" title=\"COLLAGE TARDES EN FAM\u00cdLIA\" width=\"500\" height=\"375\" src=\"https:\/\/www.youtube.com\/embed\/0meBLIfEeL0?feature=oembed\" frameborder=\"0\" allow=\"accelerometer; autoplay; clipboard-write; encrypted-media; gyroscope; picture-in-picture; web-share\" referrerpolicy=\"strict-origin-when-cross-origin\" allowfullscreen><\/iframe>\n<\/div><\/figure>\n\n\n\n<figure class=\"wp-block-video\"><\/figure>\n\n\n\n<p><\/p>\n","protected":false},"excerpt":{"rendered":"<p>\u201cL\u2019infant apr\u00e8n fent, experimentant i vivint.\u201dRosa Sensat<\/p>\n<p>A l\u2019aula dels Patufets estem vivint unes tardes molt especials: les Tardes en fam\u00edlia.<\/p>\n<p>Durant aquest temps, un membre de la fam\u00edlia entra a l\u2019aula i comparteix amb tots els infants una activitat preparada amb il\u00b7lusi\u00f3. N\u2019hem viscut de ben&hellip;  <a href=\"https:\/\/agora.xtec.cat\/escolamartamata\/patufets25-26\/quina-sort-les-nostres-families\/\" title=\"Read QUINA SORT, LES NOSTRES FAM\u00cdLIES!\">Llegeix m\u00e9s\u00bb<\/a><\/p>\n","protected":false},"author":145,"featured_media":0,"comment_status":"closed","ping_status":"open","sticky":false,"template":"","format":"standard","meta":{"_bbp_topic_count":0,"_bbp_reply_count":0,"_bbp_total_topic_count":0,"_bbp_total_reply_count":0,"_bbp_voice_count":0,"_bbp_anonymous_reply_count":0,"_bbp_topic_count_hidden":0,"_bbp_reply_count_hidden":0,"_bbp_forum_subforum_count":0,"footnotes":""},"categories":[641,640],"tags":[],"class_list":["post-37760","post","type-post","status-publish","format-standard","hentry","category-25-25vidadaulai3","category-patufets25-26"],"post_mailing_queue_ids":[],"_links":{"self":[{"href":"https:\/\/agora.xtec.cat\/escolamartamata\/wp-json\/wp\/v2\/posts\/37760","targetHints":{"allow":["GET"]}}],"collection":[{"href":"https:\/\/agora.xtec.cat\/escolamartamata\/wp-json\/wp\/v2\/posts"}],"about":[{"href":"https:\/\/agora.xtec.cat\/escolamartamata\/wp-json\/wp\/v2\/types\/post"}],"author":[{"embeddable":true,"href":"https:\/\/agora.xtec.cat\/escolamartamata\/wp-json\/wp\/v2\/users\/145"}],"replies":[{"embeddable":true,"href":"https:\/\/agora.xtec.cat\/escolamartamata\/wp-json\/wp\/v2\/comments?post=37760"}],"version-history":[{"count":2,"href":"https:\/\/agora.xtec.cat\/escolamartamata\/wp-json\/wp\/v2\/posts\/37760\/revisions"}],"predecessor-version":[{"id":37766,"href":"https:\/\/agora.xtec.cat\/escolamartamata\/wp-json\/wp\/v2\/posts\/37760\/revisions\/37766"}],"wp:attachment":[{"href":"https:\/\/agora.xtec.cat\/escolamartamata\/wp-json\/wp\/v2\/media?parent=37760"}],"wp:term":[{"taxonomy":"category","embeddable":true,"href":"https:\/\/agora.xtec.cat\/escolamartamata\/wp-json\/wp\/v2\/categories?post=37760"},{"taxonomy":"post_tag","embeddable":true,"href":"https:\/\/agora.xtec.cat\/escolamartamata\/wp-json\/wp\/v2\/tags?post=37760"}],"curies":[{"name":"wp","href":"https:\/\/api.w.org\/{rel}","templated":true}]}}