{"id":37739,"date":"2026-04-27T22:33:56","date_gmt":"2026-04-27T20:33:56","guid":{"rendered":"https:\/\/agora.xtec.cat\/escolamartamata\/?p=37739"},"modified":"2026-04-27T22:33:57","modified_gmt":"2026-04-27T20:33:57","slug":"celebrem-la-diada-de-sant-jordi-a-lescola","status":"publish","type":"post","link":"https:\/\/agora.xtec.cat\/escolamartamata\/general\/celebrem-la-diada-de-sant-jordi-a-lescola\/","title":{"rendered":"CELEBREM LA DIADA DE SANT JORDI A L&#8217;ESCOLA"},"content":{"rendered":"\n<blockquote class=\"wp-block-quote is-layout-flow wp-block-quote-is-layout-flow\">\n<blockquote class=\"wp-block-quote is-layout-flow wp-block-quote-is-layout-flow\">\n<blockquote class=\"wp-block-quote is-layout-flow wp-block-quote-is-layout-flow\">\n<p class=\"has-text-align-right\">&#8220;La cultura \u00e9s la mesura de la nostra llibertat i el refugi de la nostra sensibilitat.&#8221;<\/p>\n\n\n\n<p class=\"has-text-align-right\">\u2014 <strong>Joan Fuster<\/strong><\/p>\n<\/blockquote>\n<\/blockquote>\n<\/blockquote>\n\n\n\n<p>Dijous 23 d\u2019abril vam celebrar la diada de Sant Jordi amb moltes activitats especials. Va ser un dia ple d\u2019il\u00b7lusi\u00f3, tradicions i moments compartits.<\/p>\n\n\n\n<p>Al mat\u00ed, els infants de les comunitats de petits i mitjans vam anar a passejar per la pla\u00e7a del mercat de Vilanova, on vam poder veure moltes paradetes plenes de roses naturals, de teles i fins i tot de xocolata, algunes decorades amb dracs molt originals. Tamb\u00e9 hi havia una gran varietat de contes i cada grup va rebre un conte de regal. Despr\u00e9s, vam anar al parc Claramunt, on vam esmorzar i vam jugar tots plegats. Ens ho vam passar molt b\u00e9 compartint una estona a l\u2019aire lliure amb els companys i companyes.<\/p>\n\n\n\n<p>Mentrestant, la comunitat de grans va anar a la pla\u00e7a de Cal Font, a Igualada, on van passejar entre roses i llibres. A m\u00e9s, van participar en una gimcana i van fer entrevistes, vivint aix\u00ed una diada molt especial.<\/p>\n\n\n\n<p>A la tarda, l&#8217;alumnat va fer un intercanvi de regals amb motius de Sant Jordi. L&#8217;alumnat de la comunitat de petits va regalar roses als mitjans, l&#8217;alumnat de la comunitat de grans va regalar dracs fets amb plastilina als petits i l&#8217;alumnat de la comunitat de mitjans va regalar un punt de llibre als grans.<\/p>\n\n\n\n<p>Seguidament, vam baixar tots i totes al teatre, on vam gaudir d\u2019una bonica obra de teatre protagonitzada per alguns mestres de l\u2019escola. Vam passar una estona molt divertida i especial tots plegats.<\/p>\n\n\n\n<p>Va ser una jornada molt bonica i especial que recordarem amb alegria.<\/p>\n\n\n<div class=\"wp-block-image\">\n<figure class=\"aligncenter size-large\"><a href=\"https:\/\/agora.xtec.cat\/escolamartamata\/wp-content\/uploads\/usu1957\/2026\/04\/COLLAGES-25-26-1.jpg\"><img loading=\"lazy\" decoding=\"async\" width=\"1024\" height=\"819\" src=\"https:\/\/agora.xtec.cat\/escolamartamata\/wp-content\/uploads\/usu1957\/2026\/04\/COLLAGES-25-26-1-1024x819.jpg\" alt=\"\" class=\"wp-image-37750\" srcset=\"https:\/\/agora.xtec.cat\/escolamartamata\/wp-content\/uploads\/usu1957\/2026\/04\/COLLAGES-25-26-1-1024x819.jpg 1024w, https:\/\/agora.xtec.cat\/escolamartamata\/wp-content\/uploads\/usu1957\/2026\/04\/COLLAGES-25-26-1-300x240.jpg 300w, https:\/\/agora.xtec.cat\/escolamartamata\/wp-content\/uploads\/usu1957\/2026\/04\/COLLAGES-25-26-1-768x614.jpg 768w, https:\/\/agora.xtec.cat\/escolamartamata\/wp-content\/uploads\/usu1957\/2026\/04\/COLLAGES-25-26-1-1536x1229.jpg 1536w, https:\/\/agora.xtec.cat\/escolamartamata\/wp-content\/uploads\/usu1957\/2026\/04\/COLLAGES-25-26-1.jpg 2000w\" sizes=\"auto, (max-width: 1024px) 100vw, 1024px\" \/><\/a><\/figure><\/div>","protected":false},"excerpt":{"rendered":"<p>&#8220;La cultura \u00e9s la mesura de la nostra llibertat i el refugi de la nostra sensibilitat.&#8221;<\/p>\n<p>\u2014 Joan Fuster<\/p>\n<p>Dijous 23 d\u2019abril vam celebrar la diada de Sant Jordi amb moltes activitats especials. Va ser un dia ple d\u2019il\u00b7lusi\u00f3, tradicions i moments compartits.<\/p>\n<p>Al mat\u00ed, els infants de&hellip;  <a href=\"https:\/\/agora.xtec.cat\/escolamartamata\/general\/celebrem-la-diada-de-sant-jordi-a-lescola\/\" title=\"Read CELEBREM LA DIADA DE SANT JORDI A L&#8217;ESCOLA\">Llegeix m\u00e9s\u00bb<\/a><\/p>\n","protected":false},"author":1,"featured_media":0,"comment_status":"closed","ping_status":"open","sticky":false,"template":"","format":"standard","meta":{"_bbp_topic_count":0,"_bbp_reply_count":0,"_bbp_total_topic_count":0,"_bbp_total_reply_count":0,"_bbp_voice_count":0,"_bbp_anonymous_reply_count":0,"_bbp_topic_count_hidden":0,"_bbp_reply_count_hidden":0,"_bbp_forum_subforum_count":0,"footnotes":""},"categories":[1,4],"tags":[],"class_list":["post-37739","post","type-post","status-publish","format-standard","hentry","category-general","category-portada"],"post_mailing_queue_ids":[],"_links":{"self":[{"href":"https:\/\/agora.xtec.cat\/escolamartamata\/wp-json\/wp\/v2\/posts\/37739","targetHints":{"allow":["GET"]}}],"collection":[{"href":"https:\/\/agora.xtec.cat\/escolamartamata\/wp-json\/wp\/v2\/posts"}],"about":[{"href":"https:\/\/agora.xtec.cat\/escolamartamata\/wp-json\/wp\/v2\/types\/post"}],"author":[{"embeddable":true,"href":"https:\/\/agora.xtec.cat\/escolamartamata\/wp-json\/wp\/v2\/users\/1"}],"replies":[{"embeddable":true,"href":"https:\/\/agora.xtec.cat\/escolamartamata\/wp-json\/wp\/v2\/comments?post=37739"}],"version-history":[{"count":5,"href":"https:\/\/agora.xtec.cat\/escolamartamata\/wp-json\/wp\/v2\/posts\/37739\/revisions"}],"predecessor-version":[{"id":37751,"href":"https:\/\/agora.xtec.cat\/escolamartamata\/wp-json\/wp\/v2\/posts\/37739\/revisions\/37751"}],"wp:attachment":[{"href":"https:\/\/agora.xtec.cat\/escolamartamata\/wp-json\/wp\/v2\/media?parent=37739"}],"wp:term":[{"taxonomy":"category","embeddable":true,"href":"https:\/\/agora.xtec.cat\/escolamartamata\/wp-json\/wp\/v2\/categories?post=37739"},{"taxonomy":"post_tag","embeddable":true,"href":"https:\/\/agora.xtec.cat\/escolamartamata\/wp-json\/wp\/v2\/tags?post=37739"}],"curies":[{"name":"wp","href":"https:\/\/api.w.org\/{rel}","templated":true}]}}