{"id":37735,"date":"2026-04-26T22:52:45","date_gmt":"2026-04-26T20:52:45","guid":{"rendered":"https:\/\/agora.xtec.cat\/escolamartamata\/?p=37735"},"modified":"2026-04-26T22:52:45","modified_gmt":"2026-04-26T20:52:45","slug":"veus-en-cami-cap-a-un-nou-repte-la-radio-de-lescola","status":"publish","type":"post","link":"https:\/\/agora.xtec.cat\/escolamartamata\/tanits25-26\/25-26vidadaula3r\/veus-en-cami-cap-a-un-nou-repte-la-radio-de-lescola\/","title":{"rendered":"VEUS EN CAM\u00cd CAP A UN NOU REPTE: LA R\u00c0DIO DE L&#8217;ESCOLA"},"content":{"rendered":"\n<p class=\"has-text-align-right\"><em>\u201cEl p\u00f2dcast \u00e9s una manera de donar veu a tothom, sense filtres ni horaris.\u201d &#8211; Adam Curry<\/em><\/p>\n\n\n\n<p>Les Tanits sabem que el curs vinent serem els encarregats de la r\u00e0dio de l\u2019escola, i aix\u00f2 ens emociona molt!<\/p>\n\n\n\n<p>L\u2019\u00faltima setmana del segon trimestre vam rebre la visita del Mart\u00ed, un professional expert en r\u00e0dio, que ens va oferir una xerrada sobre aquest mitj\u00e0 de comunicaci\u00f3 tan potent. A trav\u00e9s d\u2019una presentaci\u00f3, vam poder con\u00e8ixer els or\u00edgens de la r\u00e0dio, les seves principals caracter\u00edstiques i els elements imprescindibles per fer-la funcionar.<\/p>\n\n\n\n<p>Tamb\u00e9 vam parlar del format de moda: el p\u00f2dcast. Vam descobrir com, gr\u00e0cies a Adam Curry i a una oient dels seus programes, va sorgir la idea de gravar els continguts i penjar-los a internet perqu\u00e8 tothom els pogu\u00e9s escoltar quan li an\u00e9s millor. A la r\u00e0dio de l\u2019escola, aquesta modalitat ens interessa especialment, ja que fer r\u00e0dio en directe \u00e9s m\u00e9s complicat i no tothom podria escoltar-la en aquell moment.<\/p>\n\n\n\n<p>El Mart\u00ed va insistir molt en la import\u00e0ncia de preparar un bon gui\u00f3, on no nom\u00e9s hi hagi el text que s\u2019ha de dir, sin\u00f3 tamb\u00e9 les indicacions per al t\u00e8cnic de so, que s\u2019encarrega d\u2019acompanyar la gravaci\u00f3 amb m\u00fasica i efectes sonors.<\/p>\n\n\n<div class=\"wp-block-image\">\n<figure class=\"alignleft size-medium is-resized\"><a href=\"https:\/\/agora.xtec.cat\/escolamartamata\/wp-content\/uploads\/usu1957\/2026\/04\/2-7.jpg\"><img loading=\"lazy\" decoding=\"async\" width=\"300\" height=\"240\" src=\"https:\/\/agora.xtec.cat\/escolamartamata\/wp-content\/uploads\/usu1957\/2026\/04\/2-7-300x240.jpg\" alt=\"\" class=\"wp-image-37736\" style=\"width:467px;height:auto\" srcset=\"https:\/\/agora.xtec.cat\/escolamartamata\/wp-content\/uploads\/usu1957\/2026\/04\/2-7-300x240.jpg 300w, https:\/\/agora.xtec.cat\/escolamartamata\/wp-content\/uploads\/usu1957\/2026\/04\/2-7-1024x819.jpg 1024w, https:\/\/agora.xtec.cat\/escolamartamata\/wp-content\/uploads\/usu1957\/2026\/04\/2-7-768x614.jpg 768w, https:\/\/agora.xtec.cat\/escolamartamata\/wp-content\/uploads\/usu1957\/2026\/04\/2-7-1536x1229.jpg 1536w, https:\/\/agora.xtec.cat\/escolamartamata\/wp-content\/uploads\/usu1957\/2026\/04\/2-7.jpg 2000w\" sizes=\"auto, (max-width: 300px) 100vw, 300px\" \/><\/a><\/figure><\/div>\n\n\n<p>Aquesta setmana, el Mart\u00ed ens ha tornat a visitar per fer la segona part del taller. Aquesta vegada, per\u00f2, no ens hem quedat a l\u2019aula: per grups, hem pogut baixar a la r\u00e0dio de l\u2019escola per fer proves reals. Ens ha encantat parlar pels micr\u00f2fons i escoltar les nostres veus!<\/p>\n\n\n\n<p>Ara esperem amb moltes ganes la darrera sessi\u00f3 del taller, que ser\u00e0 al maig. Gravarem uns \u00e0udios ben especials per als tancaments amb fam\u00edlies que ens esperen!<\/p>\n","protected":false},"excerpt":{"rendered":"<p>\u201cEl p\u00f2dcast \u00e9s una manera de donar veu a tothom, sense filtres ni horaris.\u201d &#8211; Adam Curry<\/p>\n<p>Les Tanits sabem que el curs vinent serem els encarregats de la r\u00e0dio de l\u2019escola, i aix\u00f2 ens emociona molt!<\/p>\n<p>L\u2019\u00faltima setmana del segon trimestre vam rebre la visita del&hellip;  <a href=\"https:\/\/agora.xtec.cat\/escolamartamata\/tanits25-26\/25-26vidadaula3r\/veus-en-cami-cap-a-un-nou-repte-la-radio-de-lescola\/\" title=\"Read VEUS EN CAM\u00cd CAP A UN NOU REPTE: LA R\u00c0DIO DE L&#8217;ESCOLA\">Llegeix m\u00e9s\u00bb<\/a><\/p>\n","protected":false},"author":5,"featured_media":0,"comment_status":"closed","ping_status":"open","sticky":false,"template":"","format":"standard","meta":{"_bbp_topic_count":0,"_bbp_reply_count":0,"_bbp_total_topic_count":0,"_bbp_total_reply_count":0,"_bbp_voice_count":0,"_bbp_anonymous_reply_count":0,"_bbp_topic_count_hidden":0,"_bbp_reply_count_hidden":0,"_bbp_forum_subforum_count":0,"footnotes":""},"categories":[646],"tags":[],"class_list":["post-37735","post","type-post","status-publish","format-standard","hentry","category-25-26vidadaula3r"],"post_mailing_queue_ids":[],"_links":{"self":[{"href":"https:\/\/agora.xtec.cat\/escolamartamata\/wp-json\/wp\/v2\/posts\/37735","targetHints":{"allow":["GET"]}}],"collection":[{"href":"https:\/\/agora.xtec.cat\/escolamartamata\/wp-json\/wp\/v2\/posts"}],"about":[{"href":"https:\/\/agora.xtec.cat\/escolamartamata\/wp-json\/wp\/v2\/types\/post"}],"author":[{"embeddable":true,"href":"https:\/\/agora.xtec.cat\/escolamartamata\/wp-json\/wp\/v2\/users\/5"}],"replies":[{"embeddable":true,"href":"https:\/\/agora.xtec.cat\/escolamartamata\/wp-json\/wp\/v2\/comments?post=37735"}],"version-history":[{"count":1,"href":"https:\/\/agora.xtec.cat\/escolamartamata\/wp-json\/wp\/v2\/posts\/37735\/revisions"}],"predecessor-version":[{"id":37737,"href":"https:\/\/agora.xtec.cat\/escolamartamata\/wp-json\/wp\/v2\/posts\/37735\/revisions\/37737"}],"wp:attachment":[{"href":"https:\/\/agora.xtec.cat\/escolamartamata\/wp-json\/wp\/v2\/media?parent=37735"}],"wp:term":[{"taxonomy":"category","embeddable":true,"href":"https:\/\/agora.xtec.cat\/escolamartamata\/wp-json\/wp\/v2\/categories?post=37735"},{"taxonomy":"post_tag","embeddable":true,"href":"https:\/\/agora.xtec.cat\/escolamartamata\/wp-json\/wp\/v2\/tags?post=37735"}],"curies":[{"name":"wp","href":"https:\/\/api.w.org\/{rel}","templated":true}]}}