{"id":37728,"date":"2026-04-26T18:36:49","date_gmt":"2026-04-26T16:36:49","guid":{"rendered":"https:\/\/agora.xtec.cat\/escolamartamata\/?p=37728"},"modified":"2026-04-26T18:36:49","modified_gmt":"2026-04-26T16:36:49","slug":"aprendre-a-mirar-les-paraules-comencem-amb-els-dictats-preparats","status":"publish","type":"post","link":"https:\/\/agora.xtec.cat\/escolamartamata\/rovellons2425\/25-26vidadaula1r\/aprendre-a-mirar-les-paraules-comencem-amb-els-dictats-preparats\/","title":{"rendered":"APRENDRE A MIRAR LES PARAULES: comencem amb els dictats preparats"},"content":{"rendered":"\n<blockquote class=\"wp-block-quote is-layout-flow wp-block-quote-is-layout-flow\">\n<p class=\"has-text-align-right\">\u2014 David R. Olson<\/p>\n\n\n\n<p class=\"has-text-align-right\"><em>Aprendre a escriure \u00e9s aprendre a pensar.<\/em><\/p>\n<\/blockquote>\n\n\n\n<p>Aquest tercer trimestre hem iniciat una nova proposta a l\u2019aula dels Rovellons: <strong>els dictats preparats<\/strong>. Per\u00f2\u2026 qu\u00e8 vol dir exactament aix\u00f2?<\/p>\n\n\n\n<p>Un dictat preparat no \u00e9s un dictat qualsevol. No es tracta d\u2019escriure paraules desconegudes o a l\u2019atzar, sin\u00f3 de treballar paraules que ja coneixem, que hem vist, llegit i utilitzat a classe.<\/p>\n\n\n\n<div class=\"wp-block-media-text is-stacked-on-mobile\" style=\"grid-template-columns:29% auto\"><figure class=\"wp-block-media-text__media\"><img loading=\"lazy\" decoding=\"async\" width=\"923\" height=\"1024\" src=\"https:\/\/agora.xtec.cat\/escolamartamata\/wp-content\/uploads\/usu1957\/2026\/04\/2-6-923x1024.jpg\" alt=\"\" class=\"wp-image-37729 size-full\" srcset=\"https:\/\/agora.xtec.cat\/escolamartamata\/wp-content\/uploads\/usu1957\/2026\/04\/2-6-923x1024.jpg 923w, https:\/\/agora.xtec.cat\/escolamartamata\/wp-content\/uploads\/usu1957\/2026\/04\/2-6-270x300.jpg 270w, https:\/\/agora.xtec.cat\/escolamartamata\/wp-content\/uploads\/usu1957\/2026\/04\/2-6-768x852.jpg 768w, https:\/\/agora.xtec.cat\/escolamartamata\/wp-content\/uploads\/usu1957\/2026\/04\/2-6-1384x1536.jpg 1384w, https:\/\/agora.xtec.cat\/escolamartamata\/wp-content\/uploads\/usu1957\/2026\/04\/2-6.jpg 1442w\" sizes=\"auto, (max-width: 923px) 100vw, 923px\" \/><\/figure><div class=\"wp-block-media-text__content\">\n<p>En el nostre cas, s\u00f3n paraules que sorgeixen de la vida a l\u2019aula o dels projectes, com les que cada dilluns escrivim al panell de la planificaci\u00f3 i que ens acompanyen durant tota la setmana.<br><\/p>\n<\/div><\/div>\n\n\n\n<p>Aix\u00f2 ens permet fer una cosa molt important: <strong>aprendre a escriure pensant.<\/strong><\/p>\n\n\n\n<h2 class=\"wp-block-heading\"><strong>Per qu\u00e8 \u00e9s important aquest tipus de dictat?<\/strong><\/h2>\n\n\n\n<p>Aquest treball, tot i semblar senzill (de moment nom\u00e9s dictat de paraules), t\u00e9 un gran valor pedag\u00f2gic:<\/p>\n\n\n\n<ul class=\"wp-block-list\">\n<li><strong>Afavoreix la consci\u00e8ncia fonol\u00f2gica<\/strong><strong><br><\/strong>Els Rovellons han de pensar quins sons t\u00e9 la paraula i com es representen amb lletres.<\/li>\n\n\n\n<li><strong>Ajuda a establir la relaci\u00f3 so\u2013grafia<\/strong><strong><br><\/strong>No nom\u00e9s escolten, sin\u00f3 que <strong>transformen el que senten en llenguatge escrit<\/strong>.<\/li>\n\n\n\n<li><strong>Entrena la mem\u00f2ria visual de les paraules<\/strong><strong><br><\/strong>Les han vist molts dies, i aix\u00f2 els ajuda a recordar com s\u2019escriuen.<\/li>\n\n\n\n<li><strong>Millora l\u2019expressi\u00f3 escrita<\/strong><strong><br><\/strong>Escriure b\u00e9 paraules conegudes \u00e9s la base per poder escriure textos m\u00e9s endavant.<\/li>\n\n\n\n<li><strong>Fomenta l\u2019autonomia i la seguretat<br><\/strong>No escriuen \u201ca cegues\u201d, sin\u00f3 amb eines i estrat\u00e8gies que han anat construint.<\/li>\n<\/ul>\n\n\n\n<h2 class=\"wp-block-heading\"><strong>El paper de les fam\u00edlies: una pe\u00e7a clau<\/strong><\/h2>\n\n\n\n<p>Perqu\u00e8 aquest proc\u00e9s tingui sentit, el treball a casa \u00e9s molt important. Per\u00f2 no es tracta de \u201cfer de mestres\u201d, sin\u00f3 d\u2019acompanyar-los mentre pensen i aprenen. A la documentaci\u00f3 que us hem fet arribar, us proposem una manera molt senzilla de preparar el dictat. El m\u00e9s important no \u00e9s fer molts exercicis, sin\u00f3 com es fan.<\/p>\n\n\n<div class=\"wp-block-image\">\n<figure class=\"aligncenter size-large is-resized\"><a href=\"https:\/\/agora.xtec.cat\/escolamartamata\/wp-content\/uploads\/usu1957\/2026\/04\/3-3.jpg\"><img loading=\"lazy\" decoding=\"async\" width=\"1024\" height=\"819\" src=\"https:\/\/agora.xtec.cat\/escolamartamata\/wp-content\/uploads\/usu1957\/2026\/04\/3-3-1024x819.jpg\" alt=\"\" class=\"wp-image-37730\" style=\"width:695px;height:auto\" srcset=\"https:\/\/agora.xtec.cat\/escolamartamata\/wp-content\/uploads\/usu1957\/2026\/04\/3-3-1024x819.jpg 1024w, https:\/\/agora.xtec.cat\/escolamartamata\/wp-content\/uploads\/usu1957\/2026\/04\/3-3-300x240.jpg 300w, https:\/\/agora.xtec.cat\/escolamartamata\/wp-content\/uploads\/usu1957\/2026\/04\/3-3-768x614.jpg 768w, https:\/\/agora.xtec.cat\/escolamartamata\/wp-content\/uploads\/usu1957\/2026\/04\/3-3-1536x1229.jpg 1536w, https:\/\/agora.xtec.cat\/escolamartamata\/wp-content\/uploads\/usu1957\/2026\/04\/3-3.jpg 2000w\" sizes=\"auto, (max-width: 1024px) 100vw, 1024px\" \/><\/a><\/figure><\/div>\n\n\n<h2 class=\"wp-block-heading\"><strong>\u00a0I a l\u2019aula\u2026 com ho fem?<\/strong><\/h2>\n\n\n\n<p>Ja hem fet <strong>dos dictats<\/strong>, i el proc\u00e9s \u00e9s molt significatiu.<\/p>\n\n\n\n<p>La mestra diu en veu alta les paraules i els infants, amb tot el treball fet a casa, <strong>transcriuen el que escolten<\/strong>. En aquest moment posen en joc tot all\u00f2 que han anat aprenent:<\/p>\n\n\n\n<div class=\"wp-block-media-text has-media-on-the-right is-stacked-on-mobile\"><div class=\"wp-block-media-text__content\">\n<ul class=\"wp-block-list\">\n<li>recorden com era la paraula<\/li>\n<\/ul>\n\n\n\n<ul class=\"wp-block-list\">\n<li>pensen en els sons<\/li>\n<\/ul>\n\n\n\n<ul class=\"wp-block-list\">\n<li>es fixen en les lletres que poden \u201cenganyar\u201d<\/li>\n<\/ul>\n\n\n\n<ul class=\"wp-block-list\">\n<li>i intenten escriure amb el m\u00e0xim rigor possible<\/li>\n<\/ul>\n<\/div><figure class=\"wp-block-media-text__media\"><img loading=\"lazy\" decoding=\"async\" width=\"1600\" height=\"1600\" src=\"https:\/\/agora.xtec.cat\/escolamartamata\/wp-content\/uploads\/usu1957\/2026\/04\/4-1024x1024.jpg\" alt=\"\" class=\"wp-image-37731 size-full\" srcset=\"https:\/\/agora.xtec.cat\/escolamartamata\/wp-content\/uploads\/usu1957\/2026\/04\/4-1024x1024.jpg 1024w, https:\/\/agora.xtec.cat\/escolamartamata\/wp-content\/uploads\/usu1957\/2026\/04\/4-300x300.jpg 300w, https:\/\/agora.xtec.cat\/escolamartamata\/wp-content\/uploads\/usu1957\/2026\/04\/4-150x150.jpg 150w, https:\/\/agora.xtec.cat\/escolamartamata\/wp-content\/uploads\/usu1957\/2026\/04\/4-768x768.jpg 768w, https:\/\/agora.xtec.cat\/escolamartamata\/wp-content\/uploads\/usu1957\/2026\/04\/4-1536x1536.jpg 1536w, https:\/\/agora.xtec.cat\/escolamartamata\/wp-content\/uploads\/usu1957\/2026\/04\/4.jpg 1600w\" sizes=\"auto, (max-width: 1600px) 100vw, 1600px\" \/><\/figure><\/div>\n\n\n\n<p>Per\u00f2 aqu\u00ed no s\u2019acaba la feina.<\/p>\n\n\n\n<div class=\"wp-block-columns is-layout-flex wp-container-core-columns-is-layout-1 wp-block-columns-is-layout-flex\">\n<div class=\"wp-block-column is-layout-flow wp-block-column-is-layout-flow\">\n<figure class=\"wp-block-image size-large\"><a href=\"https:\/\/agora.xtec.cat\/escolamartamata\/wp-content\/uploads\/usu1957\/2026\/04\/5.jpg\"><img loading=\"lazy\" decoding=\"async\" width=\"1024\" height=\"654\" src=\"https:\/\/agora.xtec.cat\/escolamartamata\/wp-content\/uploads\/usu1957\/2026\/04\/5-1024x654.jpg\" alt=\"\" class=\"wp-image-37732\" srcset=\"https:\/\/agora.xtec.cat\/escolamartamata\/wp-content\/uploads\/usu1957\/2026\/04\/5-1024x654.jpg 1024w, https:\/\/agora.xtec.cat\/escolamartamata\/wp-content\/uploads\/usu1957\/2026\/04\/5-300x192.jpg 300w, https:\/\/agora.xtec.cat\/escolamartamata\/wp-content\/uploads\/usu1957\/2026\/04\/5-768x491.jpg 768w, https:\/\/agora.xtec.cat\/escolamartamata\/wp-content\/uploads\/usu1957\/2026\/04\/5-1536x982.jpg 1536w, https:\/\/agora.xtec.cat\/escolamartamata\/wp-content\/uploads\/usu1957\/2026\/04\/5.jpg 2000w\" sizes=\"auto, (max-width: 1024px) 100vw, 1024px\" \/><\/a><figcaption class=\"wp-element-caption\">Despr\u00e9s del dictat, <strong>en parlem<\/strong>:<br><em>&#8211; Com ens ha anat?<br>&#8211; Qu\u00e8 ens ha costat m\u00e9s?<br>&#8211; Quines estrat\u00e8gies ens han ajudat?<\/em><br>Fem, sense adonar-nos-en gaire, <strong>un treball de metacognici\u00f3<\/strong>.<\/figcaption><\/figure>\n<\/div>\n\n\n\n<div class=\"wp-block-column is-layout-flow wp-block-column-is-layout-flow\">\n<figure class=\"wp-block-image size-large\"><a href=\"https:\/\/agora.xtec.cat\/escolamartamata\/wp-content\/uploads\/usu1957\/2026\/04\/6.jpg\"><img loading=\"lazy\" decoding=\"async\" width=\"1024\" height=\"613\" src=\"https:\/\/agora.xtec.cat\/escolamartamata\/wp-content\/uploads\/usu1957\/2026\/04\/6-1024x613.jpg\" alt=\"\" class=\"wp-image-37733\" srcset=\"https:\/\/agora.xtec.cat\/escolamartamata\/wp-content\/uploads\/usu1957\/2026\/04\/6-1024x613.jpg 1024w, https:\/\/agora.xtec.cat\/escolamartamata\/wp-content\/uploads\/usu1957\/2026\/04\/6-300x180.jpg 300w, https:\/\/agora.xtec.cat\/escolamartamata\/wp-content\/uploads\/usu1957\/2026\/04\/6-768x460.jpg 768w, https:\/\/agora.xtec.cat\/escolamartamata\/wp-content\/uploads\/usu1957\/2026\/04\/6-1536x919.jpg 1536w, https:\/\/agora.xtec.cat\/escolamartamata\/wp-content\/uploads\/usu1957\/2026\/04\/6.jpg 2000w\" sizes=\"auto, (max-width: 1024px) 100vw, 1024px\" \/><\/a><figcaption class=\"wp-element-caption\">I quan reben el dictat corregit, poden veure en qu\u00e8 han encertat, detectar qu\u00e8 han de millorar i valorar <strong>com s\u2019han esfor\u00e7at i com se senten amb la feina feta<\/strong><\/figcaption><\/figure>\n<\/div>\n<\/div>\n\n\n\n<h2 class=\"wp-block-heading\"><strong>Per acabar\u2026<\/strong><\/h2>\n\n\n\n<p>Amb aquesta proposta no busquem nom\u00e9s escriure paraules correctament. Busquem que els Rovellons <strong>aprenguin a escoltar, a observar, a pensar i a revisar el que escriuen<\/strong>.<\/p>\n\n\n\n<p>Perqu\u00e8, al cap i a la fi, escriure b\u00e9 no \u00e9s q\u00fcesti\u00f3 de mem\u00f2ria\u2026 sin\u00f3 de mirar les paraules amb atenci\u00f3 i donar-los sentit. I en aquest cam\u00ed, escola i fam\u00edlia, anem plegats.<\/p>\n","protected":false},"excerpt":{"rendered":"<p>\u2014 David R. Olson<\/p>\n<p>Aprendre a escriure \u00e9s aprendre a pensar.<\/p>\n<p>Aquest tercer trimestre hem iniciat una nova proposta a l\u2019aula dels Rovellons: els dictats preparats. Per\u00f2\u2026 qu\u00e8 vol dir exactament aix\u00f2?<\/p>\n<p>Un dictat preparat no \u00e9s un dictat qualsevol. No es tracta d\u2019escriure paraules desconegudes o a&hellip;  <a href=\"https:\/\/agora.xtec.cat\/escolamartamata\/rovellons2425\/25-26vidadaula1r\/aprendre-a-mirar-les-paraules-comencem-amb-els-dictats-preparats\/\" title=\"Read APRENDRE A MIRAR LES PARAULES: comencem amb els dictats preparats\">Llegeix m\u00e9s\u00bb<\/a><\/p>\n","protected":false},"author":103,"featured_media":0,"comment_status":"closed","ping_status":"open","sticky":false,"template":"","format":"standard","meta":{"_bbp_topic_count":0,"_bbp_reply_count":0,"_bbp_total_topic_count":0,"_bbp_total_reply_count":0,"_bbp_voice_count":0,"_bbp_anonymous_reply_count":0,"_bbp_topic_count_hidden":0,"_bbp_reply_count_hidden":0,"_bbp_forum_subforum_count":0,"footnotes":""},"categories":[644],"tags":[],"class_list":["post-37728","post","type-post","status-publish","format-standard","hentry","category-25-26vidadaula1r"],"post_mailing_queue_ids":[],"_links":{"self":[{"href":"https:\/\/agora.xtec.cat\/escolamartamata\/wp-json\/wp\/v2\/posts\/37728","targetHints":{"allow":["GET"]}}],"collection":[{"href":"https:\/\/agora.xtec.cat\/escolamartamata\/wp-json\/wp\/v2\/posts"}],"about":[{"href":"https:\/\/agora.xtec.cat\/escolamartamata\/wp-json\/wp\/v2\/types\/post"}],"author":[{"embeddable":true,"href":"https:\/\/agora.xtec.cat\/escolamartamata\/wp-json\/wp\/v2\/users\/103"}],"replies":[{"embeddable":true,"href":"https:\/\/agora.xtec.cat\/escolamartamata\/wp-json\/wp\/v2\/comments?post=37728"}],"version-history":[{"count":1,"href":"https:\/\/agora.xtec.cat\/escolamartamata\/wp-json\/wp\/v2\/posts\/37728\/revisions"}],"predecessor-version":[{"id":37734,"href":"https:\/\/agora.xtec.cat\/escolamartamata\/wp-json\/wp\/v2\/posts\/37728\/revisions\/37734"}],"wp:attachment":[{"href":"https:\/\/agora.xtec.cat\/escolamartamata\/wp-json\/wp\/v2\/media?parent=37728"}],"wp:term":[{"taxonomy":"category","embeddable":true,"href":"https:\/\/agora.xtec.cat\/escolamartamata\/wp-json\/wp\/v2\/categories?post=37728"},{"taxonomy":"post_tag","embeddable":true,"href":"https:\/\/agora.xtec.cat\/escolamartamata\/wp-json\/wp\/v2\/tags?post=37728"}],"curies":[{"name":"wp","href":"https:\/\/api.w.org\/{rel}","templated":true}]}}