{"id":37718,"date":"2026-04-24T17:05:41","date_gmt":"2026-04-24T15:05:41","guid":{"rendered":"https:\/\/agora.xtec.cat\/escolamartamata\/?p=37718"},"modified":"2026-04-24T17:05:42","modified_gmt":"2026-04-24T15:05:42","slug":"donar-lloc-a-la-sexualitat","status":"publish","type":"post","link":"https:\/\/agora.xtec.cat\/escolamartamata\/petitsprinceps25-26\/25-26vidadaula5e\/donar-lloc-a-la-sexualitat\/","title":{"rendered":"DONAR LLOC A LA SEXUALITAT"},"content":{"rendered":"\n<p>A l&#8217;educaci\u00f3 prim\u00e0ria, quan parlem de sexualitat parlem de la necessitat de con\u00e8ixer el nostre cos, per respectar-lo i cuidar-lo. Tots creiem que vivim en una societat avan\u00e7ada i moderna, per\u00f2 encara ara als infants se&#8217;ls fa dif\u00edcil buscar espais segurs on parlar d&#8217;aquesta part m\u00e9s \u00edntima del seu cos, tamb\u00e9 necess\u00e0ria i imprescindible per cr\u00e9ixer sabent i amb responsabilitat.<\/p>\n\n\n\n<p>Encetem el tema partint d&#8217;una pregunta innocent i l\u00f2gica que fan els infants a les col\u00f2nies: &#8211;<em>Per qu\u00e8 no podem fer habitacions barrejant-nos nois i noies? Si tots som amics&#8230;<\/em>-, i tenen certa part de ra\u00f3!. Ens cal parlar d&#8217;aquesta etapa que iniciem, al voltant dels 10-11 anys, de preadolesc\u00e8ncia, en qu\u00e8 hi ha canvis f\u00edsics i evidents del cos mascul\u00ed i femen\u00ed. \u00c9s en aquest moment on cal preveure una privacitat i respecte pel nostre cos. <\/p>\n\n\n\n<p>Despr\u00e9s d&#8217;aquesta introducci\u00f3, escrivim qu\u00e8 en sabem de l&#8217;aparell reproductor femen\u00ed i mascul\u00ed, cadasc\u00fa des del seu coneixement. Observem un important desconeixement dels temes principals que ens ocupen. Molts infants no saben posar nom als genitals masculins i femenins, o utilitzen expressions vulgars, noms &#8220;<em>de carrer<\/em>&#8220;. Hem de poder anomenar les parts del cos pel seu nom: penis i vulva, sense vergonyes ni infantilismes. <\/p>\n\n\n\n<p>A partir d&#8217;aqu\u00ed anem identificant d&#8217;altres elements importants, els posem nom, fins a arribar a la gran pregunta: com es fan els beb\u00e8s? Aqu\u00ed per sort ja en tenim una mica m\u00e9s de coneixement, per\u00f2 tamb\u00e9 apareix alguna resposta sorpresa que cal situar! En parlem cada vegada amb m\u00e9s naturalitat perqu\u00e8 \u00e9s important poder-ho fer, havent deixat ja els primers dies de vergonyes i riures, per ser m\u00e9s rigorosos i respectuosos amb el tema. <\/p>\n\n\n\n<p>Visionem un parell de v\u00eddeos claus sobre el tema: &#8220;<em>Sentir que s\u00ed, sentir que no<\/em>&#8221; i &#8220;<em>Respecte a les persones<\/em>&#8220;. El primer un clam al preservar el teu espai personal, demanar perm\u00eds per apropar-se i\/o tocar a alg\u00fa, saber qu\u00e8 sentim en determinades situacions i aclarir, sobretot que ning\u00fa pot envair el nostre espai personal, si no ho volem!. Sobre el <em>Respecte a les persones<\/em>, recordar-nos que som diverses, \u00faniques, especials i diferents. Totes les persones mereixem ser respectades, siguem com siguem.<\/p>\n\n\n\n<p>El missatge \u00e9s clar\u00edssim i hi estem tots i totes molt d&#8217;acord. Amb tota aquesta primera part treballada rebem la visita de la Cristina, psic\u00f2loga i experta en educaci\u00f3 sexual a les escoles i instituts. Ens porta maquetes del penis i la vulva per entendre qu\u00e8 tenim encara m\u00e9s clarament. Tamb\u00e9 ens presenta clarament la difer\u00e8ncia de termes espec\u00edfics que tenen a veure amb la sexualitat: sexe biol\u00f2gic, identitat de g\u00e8nere, expressi\u00f3 de g\u00e8nere i orientaci\u00f3 sexual. Cal ser precisos amb tota la informaci\u00f3 i posar el nom amb tota la intenci\u00f3, ara que ja en coneixem les difer\u00e8ncies. Normalitzem amb la Cristina, encara m\u00e9s, les sensacions i emocions del cos. Com diu ella, <em>-quina sort ser viu per sentir-les i gaudir-ne<\/em>!.<\/p>\n\n\n\n<p>La Cristina ens proposa visitar-nos el proper curs. Cal que ens animem a omplir la caixa de preguntes que ara \u00e9s buida. Segur que tots tenim encara molts dubtes. I sobretot, recordem que \u00e9s normal, sa i natural parlar-ne i resoldre dubtes, tant a casa com a l&#8217;escola<\/p>\n\n\n<div class=\"wp-block-image\">\n<figure class=\"aligncenter size-large is-resized\"><a href=\"https:\/\/agora.xtec.cat\/escolamartamata\/wp-content\/uploads\/usu1957\/2026\/04\/VIDA-AULA-14.jpg\"><img loading=\"lazy\" decoding=\"async\" width=\"1024\" height=\"576\" src=\"https:\/\/agora.xtec.cat\/escolamartamata\/wp-content\/uploads\/usu1957\/2026\/04\/VIDA-AULA-14-1024x576.jpg\" alt=\"\" class=\"wp-image-37722\" style=\"width:606px;height:auto\" srcset=\"https:\/\/agora.xtec.cat\/escolamartamata\/wp-content\/uploads\/usu1957\/2026\/04\/VIDA-AULA-14-1024x576.jpg 1024w, https:\/\/agora.xtec.cat\/escolamartamata\/wp-content\/uploads\/usu1957\/2026\/04\/VIDA-AULA-14-300x169.jpg 300w, https:\/\/agora.xtec.cat\/escolamartamata\/wp-content\/uploads\/usu1957\/2026\/04\/VIDA-AULA-14-768x432.jpg 768w, https:\/\/agora.xtec.cat\/escolamartamata\/wp-content\/uploads\/usu1957\/2026\/04\/VIDA-AULA-14-1536x864.jpg 1536w, https:\/\/agora.xtec.cat\/escolamartamata\/wp-content\/uploads\/usu1957\/2026\/04\/VIDA-AULA-14.jpg 1920w\" sizes=\"auto, (max-width: 1024px) 100vw, 1024px\" \/><\/a><\/figure><\/div>\n\n<div class=\"wp-block-image\">\n<figure class=\"aligncenter size-large is-resized\"><a href=\"https:\/\/agora.xtec.cat\/escolamartamata\/wp-content\/uploads\/usu1957\/2026\/04\/VIDA-AULA-13.jpg\"><img loading=\"lazy\" decoding=\"async\" width=\"1024\" height=\"576\" src=\"https:\/\/agora.xtec.cat\/escolamartamata\/wp-content\/uploads\/usu1957\/2026\/04\/VIDA-AULA-13-1024x576.jpg\" alt=\"\" class=\"wp-image-37723\" style=\"width:672px;height:auto\" srcset=\"https:\/\/agora.xtec.cat\/escolamartamata\/wp-content\/uploads\/usu1957\/2026\/04\/VIDA-AULA-13-1024x576.jpg 1024w, https:\/\/agora.xtec.cat\/escolamartamata\/wp-content\/uploads\/usu1957\/2026\/04\/VIDA-AULA-13-300x169.jpg 300w, https:\/\/agora.xtec.cat\/escolamartamata\/wp-content\/uploads\/usu1957\/2026\/04\/VIDA-AULA-13-768x432.jpg 768w, https:\/\/agora.xtec.cat\/escolamartamata\/wp-content\/uploads\/usu1957\/2026\/04\/VIDA-AULA-13-1536x864.jpg 1536w, https:\/\/agora.xtec.cat\/escolamartamata\/wp-content\/uploads\/usu1957\/2026\/04\/VIDA-AULA-13.jpg 1920w\" sizes=\"auto, (max-width: 1024px) 100vw, 1024px\" \/><\/a><\/figure><\/div>\n\n\n<p>Per \u00faltim fam\u00edlies, us fem recomanaci\u00f3 dels seg\u00fcents llibres per seguir educant i compartint el tema amb els vostres infants:<\/p>\n\n\n<div class=\"wp-block-image\">\n<figure class=\"aligncenter size-large is-resized\"><a href=\"https:\/\/agora.xtec.cat\/escolamartamata\/wp-content\/uploads\/usu1957\/2026\/04\/VIDA-AULA-12.jpg\"><img loading=\"lazy\" decoding=\"async\" width=\"1024\" height=\"576\" src=\"https:\/\/agora.xtec.cat\/escolamartamata\/wp-content\/uploads\/usu1957\/2026\/04\/VIDA-AULA-12-1024x576.jpg\" alt=\"\" class=\"wp-image-37724\" style=\"width:542px;height:auto\" srcset=\"https:\/\/agora.xtec.cat\/escolamartamata\/wp-content\/uploads\/usu1957\/2026\/04\/VIDA-AULA-12-1024x576.jpg 1024w, https:\/\/agora.xtec.cat\/escolamartamata\/wp-content\/uploads\/usu1957\/2026\/04\/VIDA-AULA-12-300x169.jpg 300w, https:\/\/agora.xtec.cat\/escolamartamata\/wp-content\/uploads\/usu1957\/2026\/04\/VIDA-AULA-12-768x432.jpg 768w, https:\/\/agora.xtec.cat\/escolamartamata\/wp-content\/uploads\/usu1957\/2026\/04\/VIDA-AULA-12-1536x864.jpg 1536w, https:\/\/agora.xtec.cat\/escolamartamata\/wp-content\/uploads\/usu1957\/2026\/04\/VIDA-AULA-12.jpg 1920w\" sizes=\"auto, (max-width: 1024px) 100vw, 1024px\" \/><\/a><\/figure><\/div>\n\n\n<p><strong><em>\u201cQuan eduquem en sexualitat, no avancem continguts: obrim espais de confian\u00e7a perqu\u00e8 els infants es coneguin, es respectin i aprenguin a cuidar-se amb naturalitat i responsabilitat.\u201d<\/em><\/strong><\/p>\n","protected":false},"excerpt":{"rendered":"<p>A l&#8217;educaci\u00f3 prim\u00e0ria, quan parlem de sexualitat parlem de la necessitat de con\u00e8ixer el nostre cos, per respectar-lo i cuidar-lo. Tots creiem que vivim en una societat avan\u00e7ada i moderna, per\u00f2 encara ara als infants se&#8217;ls fa dif\u00edcil buscar espais segurs on parlar d&#8217;aquesta part&hellip;  <a href=\"https:\/\/agora.xtec.cat\/escolamartamata\/petitsprinceps25-26\/25-26vidadaula5e\/donar-lloc-a-la-sexualitat\/\" title=\"Read DONAR LLOC A LA SEXUALITAT\">Llegeix m\u00e9s\u00bb<\/a><\/p>\n","protected":false},"author":4,"featured_media":0,"comment_status":"closed","ping_status":"open","sticky":false,"template":"","format":"standard","meta":{"_bbp_topic_count":0,"_bbp_reply_count":0,"_bbp_total_topic_count":0,"_bbp_total_reply_count":0,"_bbp_voice_count":0,"_bbp_anonymous_reply_count":0,"_bbp_topic_count_hidden":0,"_bbp_reply_count_hidden":0,"_bbp_forum_subforum_count":0,"footnotes":""},"categories":[648],"tags":[],"class_list":["post-37718","post","type-post","status-publish","format-standard","hentry","category-25-26vidadaula5e"],"post_mailing_queue_ids":[],"_links":{"self":[{"href":"https:\/\/agora.xtec.cat\/escolamartamata\/wp-json\/wp\/v2\/posts\/37718","targetHints":{"allow":["GET"]}}],"collection":[{"href":"https:\/\/agora.xtec.cat\/escolamartamata\/wp-json\/wp\/v2\/posts"}],"about":[{"href":"https:\/\/agora.xtec.cat\/escolamartamata\/wp-json\/wp\/v2\/types\/post"}],"author":[{"embeddable":true,"href":"https:\/\/agora.xtec.cat\/escolamartamata\/wp-json\/wp\/v2\/users\/4"}],"replies":[{"embeddable":true,"href":"https:\/\/agora.xtec.cat\/escolamartamata\/wp-json\/wp\/v2\/comments?post=37718"}],"version-history":[{"count":6,"href":"https:\/\/agora.xtec.cat\/escolamartamata\/wp-json\/wp\/v2\/posts\/37718\/revisions"}],"predecessor-version":[{"id":37727,"href":"https:\/\/agora.xtec.cat\/escolamartamata\/wp-json\/wp\/v2\/posts\/37718\/revisions\/37727"}],"wp:attachment":[{"href":"https:\/\/agora.xtec.cat\/escolamartamata\/wp-json\/wp\/v2\/media?parent=37718"}],"wp:term":[{"taxonomy":"category","embeddable":true,"href":"https:\/\/agora.xtec.cat\/escolamartamata\/wp-json\/wp\/v2\/categories?post=37718"},{"taxonomy":"post_tag","embeddable":true,"href":"https:\/\/agora.xtec.cat\/escolamartamata\/wp-json\/wp\/v2\/tags?post=37718"}],"curies":[{"name":"wp","href":"https:\/\/api.w.org\/{rel}","templated":true}]}}