{"id":37611,"date":"2026-04-19T23:29:27","date_gmt":"2026-04-19T21:29:27","guid":{"rendered":"https:\/\/agora.xtec.cat\/escolamartamata\/?p=37611"},"modified":"2026-04-19T23:29:27","modified_gmt":"2026-04-19T21:29:27","slug":"conte-col%c2%b7laboratiu-ens-arriba-el-relleu","status":"publish","type":"post","link":"https:\/\/agora.xtec.cat\/escolamartamata\/tanits25-26\/25-26vidadaula3r\/conte-col%c2%b7laboratiu-ens-arriba-el-relleu\/","title":{"rendered":"CONTE COL\u00b7LABORATIU: ENS ARRIBA EL RELLEU"},"content":{"rendered":"\n<p class=\"has-text-align-right\"><em>\u201cLa fantasia \u00e9s un ingredient necessari per viure.\u201d<\/em><br>\u2014 Dr. Seuss<\/p>\n\n\n\n<p>A finals del segon trimestre, uns representants de les aules de 3r del Pompeu Fabra van venir a la nostra classe per fer-nos arribar el conte col\u00b7laboratiu. Venien preparats per llegir-nos la introducci\u00f3 i el nus, realitzats pel Joan Maragall i el Pompeu Fabra, respectivament, i ho van fer amb entonaci\u00f3 i emoci\u00f3.<\/p>\n\n\n\n<p>Nosaltres vam estar ben atents i atentes per descobrir el tema central, quins eren els personatges, on passava la hist\u00f2ria i quin era l\u2019argument del conte. A mesura que anaven llegint, ens an\u00e0vem emocionant amb ells i elles: ens agradava el que escolt\u00e0vem!<\/p>\n\n\n\n<p><\/p>\n\n\n<div class=\"wp-block-image\">\n<figure class=\"alignleft size-medium is-resized\"><a href=\"https:\/\/agora.xtec.cat\/escolamartamata\/wp-content\/uploads\/usu1957\/2026\/04\/1-3.jpg\"><img loading=\"lazy\" decoding=\"async\" width=\"300\" height=\"212\" src=\"https:\/\/agora.xtec.cat\/escolamartamata\/wp-content\/uploads\/usu1957\/2026\/04\/1-3-300x212.jpg\" alt=\"\" class=\"wp-image-37612\" style=\"width:416px;height:auto\" srcset=\"https:\/\/agora.xtec.cat\/escolamartamata\/wp-content\/uploads\/usu1957\/2026\/04\/1-3-300x212.jpg 300w, https:\/\/agora.xtec.cat\/escolamartamata\/wp-content\/uploads\/usu1957\/2026\/04\/1-3-1024x724.jpg 1024w, https:\/\/agora.xtec.cat\/escolamartamata\/wp-content\/uploads\/usu1957\/2026\/04\/1-3-768x543.jpg 768w, https:\/\/agora.xtec.cat\/escolamartamata\/wp-content\/uploads\/usu1957\/2026\/04\/1-3-1536x1086.jpg 1536w, https:\/\/agora.xtec.cat\/escolamartamata\/wp-content\/uploads\/usu1957\/2026\/04\/1-3.jpg 2000w\" sizes=\"auto, (max-width: 300px) 100vw, 300px\" \/><\/a><\/figure><\/div>\n\n\n<p>Van llegir fins que, de cop, la hist\u00f2ria quedava a mitges. \u201cAra us toca a vosaltres!\u201d, ens va dir el Joan, mestre del Pompeu. Alguns de nosaltres ja barrin\u00e0vem possibilitats i idees&#8230;<\/p>\n\n\n\n<p>Abans de marxar, tamb\u00e9 ens van ensenyar els elements creats per fer les il\u00b7lustracions. Ens van presentar els personatges principals, aix\u00ed com l\u2019escenari: el circ Mafam\u00e0! En acabar la seva exposici\u00f3, ens vam fer una foto plegats i es van acomiadar despr\u00e9s de passar-nos el relleu.<\/p>\n\n\n\n<p>Ja al tercer trimestre, les Tanits hem recuperat la primera part del conte per comen\u00e7ar a pensar com volem continuar-la i acabar-la, ja que ens ha tocat aquesta responsabilitat. Ens anem escoltant, per\u00f2 necessitem temps per pensar, aix\u00ed que decidim proposar-ho com una tasca per fer a casa.<\/p>\n\n\n\n<p>Dies despr\u00e9s, hem compartit les idees m\u00e9s elaborades i hem anat anotant a la pissarra aquelles que m\u00e9s ens han agradat. Sense adonar-nos-en, hem anat perfilant el final!<\/p>\n\n\n<div class=\"wp-block-image\">\n<figure class=\"alignright size-medium is-resized\"><a href=\"https:\/\/agora.xtec.cat\/escolamartamata\/wp-content\/uploads\/usu1957\/2026\/04\/2-4.jpg\"><img loading=\"lazy\" decoding=\"async\" width=\"300\" height=\"212\" src=\"https:\/\/agora.xtec.cat\/escolamartamata\/wp-content\/uploads\/usu1957\/2026\/04\/2-4-300x212.jpg\" alt=\"\" class=\"wp-image-37613\" style=\"width:413px;height:auto\" srcset=\"https:\/\/agora.xtec.cat\/escolamartamata\/wp-content\/uploads\/usu1957\/2026\/04\/2-4-300x212.jpg 300w, https:\/\/agora.xtec.cat\/escolamartamata\/wp-content\/uploads\/usu1957\/2026\/04\/2-4-1024x724.jpg 1024w, https:\/\/agora.xtec.cat\/escolamartamata\/wp-content\/uploads\/usu1957\/2026\/04\/2-4-768x543.jpg 768w, https:\/\/agora.xtec.cat\/escolamartamata\/wp-content\/uploads\/usu1957\/2026\/04\/2-4-1536x1086.jpg 1536w, https:\/\/agora.xtec.cat\/escolamartamata\/wp-content\/uploads\/usu1957\/2026\/04\/2-4.jpg 2000w\" sizes=\"auto, (max-width: 300px) 100vw, 300px\" \/><\/a><\/figure><\/div>\n\n\n<p>En aquest final hem fet apar\u00e8ixer dos personatges nous: el senyor Morera i el Baldufot. Com que encara no els tenim creats pl\u00e0sticament, proposem un concurs: cada Tanit proposar\u00e0, a trav\u00e9s del dibuix, com podrien ser aquests personatges. Quan els tinguem tots acabats, votarem quins s\u00f3n els que m\u00e9s ens agraden.<\/p>\n\n\n\n<p>Paral\u00b7lelament a aquest treball, hem comen\u00e7at a redactar amb els Chromebooks la continuaci\u00f3 del conte seguint les idees que hav\u00edem acordat. Se\u2019ns gira feina i no \u00e9s f\u00e0cil&#8230;<\/p>\n\n\n\n<p><\/p>\n","protected":false},"excerpt":{"rendered":"<p>\u201cLa fantasia \u00e9s un ingredient necessari per viure.\u201d\u2014 Dr. Seuss<\/p>\n<p>A finals del segon trimestre, uns representants de les aules de 3r del Pompeu Fabra van venir a la nostra classe per fer-nos arribar el conte col\u00b7laboratiu. Venien preparats per llegir-nos la introducci\u00f3 i el nus,&hellip;  <a href=\"https:\/\/agora.xtec.cat\/escolamartamata\/tanits25-26\/25-26vidadaula3r\/conte-col%c2%b7laboratiu-ens-arriba-el-relleu\/\" title=\"Read CONTE COL\u00b7LABORATIU: ENS ARRIBA EL RELLEU\">Llegeix m\u00e9s\u00bb<\/a><\/p>\n","protected":false},"author":5,"featured_media":0,"comment_status":"closed","ping_status":"open","sticky":false,"template":"","format":"standard","meta":{"_bbp_topic_count":0,"_bbp_reply_count":0,"_bbp_total_topic_count":0,"_bbp_total_reply_count":0,"_bbp_voice_count":0,"_bbp_anonymous_reply_count":0,"_bbp_topic_count_hidden":0,"_bbp_reply_count_hidden":0,"_bbp_forum_subforum_count":0,"footnotes":""},"categories":[646],"tags":[],"class_list":["post-37611","post","type-post","status-publish","format-standard","hentry","category-25-26vidadaula3r"],"post_mailing_queue_ids":[],"_links":{"self":[{"href":"https:\/\/agora.xtec.cat\/escolamartamata\/wp-json\/wp\/v2\/posts\/37611","targetHints":{"allow":["GET"]}}],"collection":[{"href":"https:\/\/agora.xtec.cat\/escolamartamata\/wp-json\/wp\/v2\/posts"}],"about":[{"href":"https:\/\/agora.xtec.cat\/escolamartamata\/wp-json\/wp\/v2\/types\/post"}],"author":[{"embeddable":true,"href":"https:\/\/agora.xtec.cat\/escolamartamata\/wp-json\/wp\/v2\/users\/5"}],"replies":[{"embeddable":true,"href":"https:\/\/agora.xtec.cat\/escolamartamata\/wp-json\/wp\/v2\/comments?post=37611"}],"version-history":[{"count":1,"href":"https:\/\/agora.xtec.cat\/escolamartamata\/wp-json\/wp\/v2\/posts\/37611\/revisions"}],"predecessor-version":[{"id":37614,"href":"https:\/\/agora.xtec.cat\/escolamartamata\/wp-json\/wp\/v2\/posts\/37611\/revisions\/37614"}],"wp:attachment":[{"href":"https:\/\/agora.xtec.cat\/escolamartamata\/wp-json\/wp\/v2\/media?parent=37611"}],"wp:term":[{"taxonomy":"category","embeddable":true,"href":"https:\/\/agora.xtec.cat\/escolamartamata\/wp-json\/wp\/v2\/categories?post=37611"},{"taxonomy":"post_tag","embeddable":true,"href":"https:\/\/agora.xtec.cat\/escolamartamata\/wp-json\/wp\/v2\/tags?post=37611"}],"curies":[{"name":"wp","href":"https:\/\/api.w.org\/{rel}","templated":true}]}}