{"id":37582,"date":"2026-04-15T13:58:40","date_gmt":"2026-04-15T11:58:40","guid":{"rendered":"https:\/\/agora.xtec.cat\/escolamartamata\/?p=37582"},"modified":"2026-04-15T13:58:40","modified_gmt":"2026-04-15T11:58:40","slug":"entre-animals-i-natura-a-can-pere","status":"publish","type":"post","link":"https:\/\/agora.xtec.cat\/escolamartamata\/patufets25-26\/25-25vidadaulai3\/entre-animals-i-natura-a-can-pere\/","title":{"rendered":"ENTRE ANIMALS I NATURA A CAN PERE!"},"content":{"rendered":"\n<p>La Comunitat de Petits hem viscut uns dies molt especials de col\u00f2nies a Can Pere, plens d\u2019emocions, descobertes i moments que recordarem durant molt de temps.<\/p>\n\n\n\n<p>Nom\u00e9s arribar, amb les motxilles plenes d\u2019il\u00b7lusi\u00f3, vam comen\u00e7ar l\u2019aventura de la millor manera possible: celebrant l\u2019aniversari del Julen, de la classe dels Pinotxos. Va ser un moment molt especial, ple de somriures, can\u00e7ons i complicitat, que ens va ajudar a comen\u00e7ar les col\u00f2nies amb molta alegria i energia positiva.<\/p>\n\n\n\n<p>Tot seguit, vam participar en diferents jocs de descoberta de l\u2019entorn, que ens van permetre explorar la natura que envolta la casa. A trav\u00e9s del joc, vam observar, investigar i connectar amb l\u2019espai natural, despertant la nostra curiositat i les ganes d\u2019aprendre.<\/p>\n\n\n\n<p>Despr\u00e9s d\u2019un bon dinar per recuperar forces, vam iniciar un seguit d\u2019activitats centrades en els cinc sentits. Va ser una experi\u00e8ncia molt enriquidora: vam con\u00e8ixer plantes silvestres, vam experimentar amb el gust a trav\u00e9s de tastos diversos i vam posar a prova el sentit del tacte amb el joc del \u201ctoca, toca&#8230;\u201d. Per acabar aquesta proposta, vam elaborar un taller molt especial: la caixa dels cinc sentits, on cadascun de nosaltres va poder recollir i representar les seves experi\u00e8ncies sensorials.<\/p>\n\n\n\n<p>Tamb\u00e9 vam disposar d\u2019una estona de temps lliure per gaudir dels espais de la casa, compartir jocs espontanis i refor\u00e7ar vincles en un ambient relaxat i dist\u00e8s.<\/p>\n\n\n\n<p>Al vespre, despr\u00e9s de sopar, vam viure un dels moments m\u00e9s m\u00e0gics de les col\u00f2nies: un joc de nit amb ombres xineses. L\u2019activitat va despertar la nostra imaginaci\u00f3 i va crear una atmosfera especial, plena de misteri i diversi\u00f3. Despr\u00e9s d\u2019un dia tan intens, la nit va ser molt tranquil\u00b7la i vam dormir pl\u00e0cidament.<\/p>\n\n\n\n<p>L\u2019endem\u00e0 al mat\u00ed, despr\u00e9s d\u2019esmorzar, vam gaudir d\u2019una visita als animals de la granja. Va ser una experi\u00e8ncia molt especial, que ens va permetre observar-los de prop, con\u00e8ixer-los millor i interactuar-hi amb respecte i curiositat.<\/p>\n\n\n\n<p>Cal destacar que totes les activitats van ser dinamitzades amb molta dedicaci\u00f3 i entusiasme pel Pinxo i la iaia Trini, que ens van acompanyar en tot moment i van fer que l\u2019experi\u00e8ncia fos encara m\u00e9s especial.<\/p>\n\n\n\n<p>Han estat uns dies plens d\u2019aprenentatges, conviv\u00e8ncia, descobertes i, sobretot, molta diversi\u00f3. Tornem a casa amb la motxilla carregada de records i amb moltes ganes de repetir l\u2019experi\u00e8ncia.<\/p>\n\n\n\n<p>Ja esperem amb molta il\u00b7lusi\u00f3 l\u2019arribada de les properes col\u00f2nies!<\/p>\n\n\n\n<p class=\"has-text-align-right\"><em>&#8220;La natura \u00e9s un llibre obert: nom\u00e9s cal aprendre a llegir-lo&#8221;. Ramon Margalef<\/em><\/p>\n\n\n<div class=\"wp-block-image\">\n<figure class=\"aligncenter size-large is-resized\"><a href=\"https:\/\/agora.xtec.cat\/escolamartamata\/wp-content\/uploads\/usu1957\/2026\/04\/COLONIES-25-26.jpg\"><img loading=\"lazy\" decoding=\"async\" width=\"1024\" height=\"819\" src=\"https:\/\/agora.xtec.cat\/escolamartamata\/wp-content\/uploads\/usu1957\/2026\/04\/COLONIES-25-26-1024x819.jpg\" alt=\"\" class=\"wp-image-37585\" style=\"width:484px;height:auto\" srcset=\"https:\/\/agora.xtec.cat\/escolamartamata\/wp-content\/uploads\/usu1957\/2026\/04\/COLONIES-25-26-1024x819.jpg 1024w, https:\/\/agora.xtec.cat\/escolamartamata\/wp-content\/uploads\/usu1957\/2026\/04\/COLONIES-25-26-300x240.jpg 300w, https:\/\/agora.xtec.cat\/escolamartamata\/wp-content\/uploads\/usu1957\/2026\/04\/COLONIES-25-26-768x614.jpg 768w, https:\/\/agora.xtec.cat\/escolamartamata\/wp-content\/uploads\/usu1957\/2026\/04\/COLONIES-25-26-1536x1229.jpg 1536w, https:\/\/agora.xtec.cat\/escolamartamata\/wp-content\/uploads\/usu1957\/2026\/04\/COLONIES-25-26.jpg 2000w\" sizes=\"auto, (max-width: 1024px) 100vw, 1024px\" \/><\/a><\/figure><\/div>","protected":false},"excerpt":{"rendered":"<p>La Comunitat de Petits hem viscut uns dies molt especials de col\u00f2nies a Can Pere, plens d\u2019emocions, descobertes i moments que recordarem durant molt de temps.<\/p>\n<p>Nom\u00e9s arribar, amb les motxilles plenes d\u2019il\u00b7lusi\u00f3, vam comen\u00e7ar l\u2019aventura de la millor manera possible: celebrant l\u2019aniversari del Julen, de&hellip;  <a href=\"https:\/\/agora.xtec.cat\/escolamartamata\/patufets25-26\/25-25vidadaulai3\/entre-animals-i-natura-a-can-pere\/\" title=\"Read ENTRE ANIMALS I NATURA A CAN PERE!\">Llegeix m\u00e9s\u00bb<\/a><\/p>\n","protected":false},"author":8,"featured_media":0,"comment_status":"closed","ping_status":"open","sticky":false,"template":"","format":"standard","meta":{"_bbp_topic_count":0,"_bbp_reply_count":0,"_bbp_total_topic_count":0,"_bbp_total_reply_count":0,"_bbp_voice_count":0,"_bbp_anonymous_reply_count":0,"_bbp_topic_count_hidden":0,"_bbp_reply_count_hidden":0,"_bbp_forum_subforum_count":0,"footnotes":""},"categories":[641,642,643],"tags":[],"class_list":["post-37582","post","type-post","status-publish","format-standard","hentry","category-25-25vidadaulai3","category-25-26vidadaulai4","category-25-26vidadaulai5"],"post_mailing_queue_ids":[],"_links":{"self":[{"href":"https:\/\/agora.xtec.cat\/escolamartamata\/wp-json\/wp\/v2\/posts\/37582","targetHints":{"allow":["GET"]}}],"collection":[{"href":"https:\/\/agora.xtec.cat\/escolamartamata\/wp-json\/wp\/v2\/posts"}],"about":[{"href":"https:\/\/agora.xtec.cat\/escolamartamata\/wp-json\/wp\/v2\/types\/post"}],"author":[{"embeddable":true,"href":"https:\/\/agora.xtec.cat\/escolamartamata\/wp-json\/wp\/v2\/users\/8"}],"replies":[{"embeddable":true,"href":"https:\/\/agora.xtec.cat\/escolamartamata\/wp-json\/wp\/v2\/comments?post=37582"}],"version-history":[{"count":3,"href":"https:\/\/agora.xtec.cat\/escolamartamata\/wp-json\/wp\/v2\/posts\/37582\/revisions"}],"predecessor-version":[{"id":37586,"href":"https:\/\/agora.xtec.cat\/escolamartamata\/wp-json\/wp\/v2\/posts\/37582\/revisions\/37586"}],"wp:attachment":[{"href":"https:\/\/agora.xtec.cat\/escolamartamata\/wp-json\/wp\/v2\/media?parent=37582"}],"wp:term":[{"taxonomy":"category","embeddable":true,"href":"https:\/\/agora.xtec.cat\/escolamartamata\/wp-json\/wp\/v2\/categories?post=37582"},{"taxonomy":"post_tag","embeddable":true,"href":"https:\/\/agora.xtec.cat\/escolamartamata\/wp-json\/wp\/v2\/tags?post=37582"}],"curies":[{"name":"wp","href":"https:\/\/api.w.org\/{rel}","templated":true}]}}