{"id":37489,"date":"2026-03-04T13:16:00","date_gmt":"2026-03-04T12:16:00","guid":{"rendered":"https:\/\/agora.xtec.cat\/escolamartamata\/?p=37489"},"modified":"2026-03-24T12:25:49","modified_gmt":"2026-03-24T11:25:49","slug":"del-mon-a-laula-descobrim-els-ods-i-el-nostre-paper","status":"publish","type":"post","link":"https:\/\/agora.xtec.cat\/escolamartamata\/blog_comunitats\/grans\/25-26-l-de-lapo\/del-mon-a-laula-descobrim-els-ods-i-el-nostre-paper\/","title":{"rendered":"Del m\u00f3n a l\u2019aula: descobrim els ODS i el nostre paper"},"content":{"rendered":"\n<p class=\"has-text-align-right\">\u201cPensa globalment, actua localment.\u201d\u00a0 Patrick Geddes<\/p>\n\n\n\n<p>Al grup L de Lap\u00f3 hem descobert els Objectius de Desenvolupament Sostenible (ODS) a partir d\u2019una presentaci\u00f3 que ens ha ajudat a entendre qu\u00e8 s\u00f3n i per a qu\u00e8 serveixen. Hem vist que s\u00f3n grans objectius plantejats pels governs per millorar el m\u00f3n, per\u00f2 sobretot hem intentat fer un pas m\u00e9s: entendre qu\u00e8 signifiquen per a nosaltres.<\/p>\n\n\n\n<p>A partir dels exemples que apareixien a la presentaci\u00f3 , hem anat reflexionant i pensant noves accions que podem fer en el nostre dia a dia. Aquest treball ens ha perm\u00e8s veure que, tot i que els ODS s\u00f3n globals, tamb\u00e9 tenen molt a veure amb les petites decisions que prenem cada dia.<\/p>\n\n\n\n<p>Un dels vincles m\u00e9s clars que hem trobat ha estat amb el concurs Apilo XII. Recollint piles usades, hem ent\u00e8s que estem contribuint a un \u00fas m\u00e9s responsable de l\u2019energia i, per tant, estem treballant directament en l\u2019ODS 7.<\/p>\n\n\n\n<p>Tamb\u00e9 hem parlat de la import\u00e0ncia de les accions individuals. Cadascun de nosaltres pot fer petites aportacions, per\u00f2 quan les sumem, el seu impacte creix molt. Aquesta idea ens ha ajudat a prendre consci\u00e8ncia que tots podem formar part del canvi.<\/p>\n\n\n\n<p>Aquest treball ens ha fet veure que els ODS no s\u00f3n nom\u00e9s objectius llunyans, sin\u00f3 que tamb\u00e9 s\u00f3n una oportunitat per actuar des del nostre entorn m\u00e9s proper i comen\u00e7ar a construir, entre tots, un m\u00f3n millor.<\/p>\n\n\n\n<figure class=\"wp-block-image size-large\"><a href=\"https:\/\/agora.xtec.cat\/escolamartamata\/wp-content\/uploads\/usu1957\/2026\/03\/1-7.jpg\"><img loading=\"lazy\" decoding=\"async\" width=\"1024\" height=\"723\" src=\"https:\/\/agora.xtec.cat\/escolamartamata\/wp-content\/uploads\/usu1957\/2026\/03\/1-7-1024x723.jpg\" alt=\"\" class=\"wp-image-37490\" srcset=\"https:\/\/agora.xtec.cat\/escolamartamata\/wp-content\/uploads\/usu1957\/2026\/03\/1-7-1024x723.jpg 1024w, https:\/\/agora.xtec.cat\/escolamartamata\/wp-content\/uploads\/usu1957\/2026\/03\/1-7-300x212.jpg 300w, https:\/\/agora.xtec.cat\/escolamartamata\/wp-content\/uploads\/usu1957\/2026\/03\/1-7-768x543.jpg 768w, https:\/\/agora.xtec.cat\/escolamartamata\/wp-content\/uploads\/usu1957\/2026\/03\/1-7.jpg 1400w\" sizes=\"auto, (max-width: 1024px) 100vw, 1024px\" \/><\/a><\/figure>\n","protected":false},"excerpt":{"rendered":"<p>\u201cPensa globalment, actua localment.\u201d\u00a0 Patrick Geddes<\/p>\n<p>Al grup L de Lap\u00f3 hem descobert els Objectius de Desenvolupament Sostenible (ODS) a partir d\u2019una presentaci\u00f3 que ens ha ajudat a entendre qu\u00e8 s\u00f3n i per a qu\u00e8 serveixen. Hem vist que s\u00f3n grans objectius plantejats pels governs per&hellip;  <a href=\"https:\/\/agora.xtec.cat\/escolamartamata\/blog_comunitats\/grans\/25-26-l-de-lapo\/del-mon-a-laula-descobrim-els-ods-i-el-nostre-paper\/\" title=\"Read Del m\u00f3n a l\u2019aula: descobrim els ODS i el nostre paper\">Llegeix m\u00e9s\u00bb<\/a><\/p>\n","protected":false},"author":9,"featured_media":0,"comment_status":"closed","ping_status":"open","sticky":false,"template":"","format":"standard","meta":{"_bbp_topic_count":0,"_bbp_reply_count":0,"_bbp_total_topic_count":0,"_bbp_total_reply_count":0,"_bbp_voice_count":0,"_bbp_anonymous_reply_count":0,"_bbp_topic_count_hidden":0,"_bbp_reply_count_hidden":0,"_bbp_forum_subforum_count":0,"footnotes":""},"categories":[707],"tags":[],"class_list":["post-37489","post","type-post","status-publish","format-standard","hentry","category-25-26-l-de-lapo"],"post_mailing_queue_ids":[],"_links":{"self":[{"href":"https:\/\/agora.xtec.cat\/escolamartamata\/wp-json\/wp\/v2\/posts\/37489","targetHints":{"allow":["GET"]}}],"collection":[{"href":"https:\/\/agora.xtec.cat\/escolamartamata\/wp-json\/wp\/v2\/posts"}],"about":[{"href":"https:\/\/agora.xtec.cat\/escolamartamata\/wp-json\/wp\/v2\/types\/post"}],"author":[{"embeddable":true,"href":"https:\/\/agora.xtec.cat\/escolamartamata\/wp-json\/wp\/v2\/users\/9"}],"replies":[{"embeddable":true,"href":"https:\/\/agora.xtec.cat\/escolamartamata\/wp-json\/wp\/v2\/comments?post=37489"}],"version-history":[{"count":1,"href":"https:\/\/agora.xtec.cat\/escolamartamata\/wp-json\/wp\/v2\/posts\/37489\/revisions"}],"predecessor-version":[{"id":37491,"href":"https:\/\/agora.xtec.cat\/escolamartamata\/wp-json\/wp\/v2\/posts\/37489\/revisions\/37491"}],"wp:attachment":[{"href":"https:\/\/agora.xtec.cat\/escolamartamata\/wp-json\/wp\/v2\/media?parent=37489"}],"wp:term":[{"taxonomy":"category","embeddable":true,"href":"https:\/\/agora.xtec.cat\/escolamartamata\/wp-json\/wp\/v2\/categories?post=37489"},{"taxonomy":"post_tag","embeddable":true,"href":"https:\/\/agora.xtec.cat\/escolamartamata\/wp-json\/wp\/v2\/tags?post=37489"}],"curies":[{"name":"wp","href":"https:\/\/api.w.org\/{rel}","templated":true}]}}