{"id":37486,"date":"2026-03-05T12:09:36","date_gmt":"2026-03-05T11:09:36","guid":{"rendered":"https:\/\/agora.xtec.cat\/escolamartamata\/?p=37486"},"modified":"2026-03-24T12:14:43","modified_gmt":"2026-03-24T11:14:43","slug":"pesem-comparem-i-estimem-descobrim-la-massa-amb-les-piles","status":"publish","type":"post","link":"https:\/\/agora.xtec.cat\/escolamartamata\/blog_comunitats\/grans\/25-26-l-de-lapo\/pesem-comparem-i-estimem-descobrim-la-massa-amb-les-piles\/","title":{"rendered":"PESEM, COMPAREM I ESTIMEM: DESCOBRIM LA MASSA AMB LES PILES"},"content":{"rendered":"\n<p class=\"has-text-align-right\">\u201cEl coneixement es construeix a partir de l\u2019acci\u00f3.\u201d <\/p>\n\n\n\n<p class=\"has-text-align-right\">Jean Piaget<\/p>\n\n\n\n<p>Al grup L de Lap\u00f3 hem estat treballant les unitats de mesura, de la massa i el pes, a partir d\u2019una fitxa que ens ha ajudat a entendre b\u00e9 aquests conceptes . Hem descobert que, tot i que sovint diem \u201cpesar\u201d, en realitat moltes vegades estem parlant de la massa, i que no \u00e9s exactament el mateix.<\/p>\n\n\n\n<p>A trav\u00e9s de la fitxa, hem apr\u00e8s qu\u00e8 \u00e9s la massa, com es mesura i quines unitats utilitzem segons el que volem pesar. Tamb\u00e9 hem vist la difer\u00e8ncia amb el pes i com aquest dep\u00e8n de la gravetat. A m\u00e9s, hem practicat amb canvis d\u2019unitats i hem pensat quines s\u00f3n les m\u00e9s adequades en cada cas.<\/p>\n\n\n\n<p>Per\u00f2 no ens hem quedat nom\u00e9s amb el paper. Despr\u00e9s, hem portat aquest aprenentatge a la pr\u00e0ctica utilitzant les piles que tenim a l\u2019escola. Amb balances, tant digitals com manuals, hem pogut pesar diferents quantitats i fer aproximacions del seu pes.<\/p>\n\n\n\n<p>Hem jugat a estimar quant podien pesar abans de mesurar-les i despr\u00e9s ho hem comprovat. Aix\u00f2 ens ha ajudat a millorar la nostra capacitat d\u2019aproximaci\u00f3 i a entendre millor les unitats de mesura. Tamb\u00e9 hem comparat resultats i hem vist com petites difer\u00e8ncies poden ser importants segons l\u2019instrument que utilitzem.<\/p>\n\n\n\n<p>Aquest treball ens ha perm\u00e8s aprendre d\u2019una manera m\u00e9s vivencial i significativa, connectant la teoria amb situacions reals. A poc a poc, anem construint una millor comprensi\u00f3 de les matem\u00e0tiques a partir de l\u2019experimentaci\u00f3 i el joc.<\/p>\n\n\n\n<figure class=\"wp-block-image size-large\"><a href=\"https:\/\/agora.xtec.cat\/escolamartamata\/wp-content\/uploads\/usu1957\/2026\/03\/unnamed-file.jpg\"><img loading=\"lazy\" decoding=\"async\" width=\"1024\" height=\"723\" src=\"https:\/\/agora.xtec.cat\/escolamartamata\/wp-content\/uploads\/usu1957\/2026\/03\/unnamed-file-1024x723.jpg\" alt=\"\" class=\"wp-image-37487\" srcset=\"https:\/\/agora.xtec.cat\/escolamartamata\/wp-content\/uploads\/usu1957\/2026\/03\/unnamed-file-1024x723.jpg 1024w, https:\/\/agora.xtec.cat\/escolamartamata\/wp-content\/uploads\/usu1957\/2026\/03\/unnamed-file-300x212.jpg 300w, https:\/\/agora.xtec.cat\/escolamartamata\/wp-content\/uploads\/usu1957\/2026\/03\/unnamed-file-768x543.jpg 768w, https:\/\/agora.xtec.cat\/escolamartamata\/wp-content\/uploads\/usu1957\/2026\/03\/unnamed-file.jpg 1400w\" sizes=\"auto, (max-width: 1024px) 100vw, 1024px\" \/><\/a><\/figure>\n","protected":false},"excerpt":{"rendered":"<p>\u201cEl coneixement es construeix a partir de l\u2019acci\u00f3.\u201d <\/p>\n<p>Jean Piaget<\/p>\n<p>Al grup L de Lap\u00f3 hem estat treballant les unitats de mesura, de la massa i el pes, a partir d\u2019una fitxa que ens ha ajudat a entendre b\u00e9 aquests conceptes . Hem descobert que, tot&hellip;  <a href=\"https:\/\/agora.xtec.cat\/escolamartamata\/blog_comunitats\/grans\/25-26-l-de-lapo\/pesem-comparem-i-estimem-descobrim-la-massa-amb-les-piles\/\" title=\"Read PESEM, COMPAREM I ESTIMEM: DESCOBRIM LA MASSA AMB LES PILES\">Llegeix m\u00e9s\u00bb<\/a><\/p>\n","protected":false},"author":9,"featured_media":0,"comment_status":"closed","ping_status":"open","sticky":false,"template":"","format":"standard","meta":{"_bbp_topic_count":0,"_bbp_reply_count":0,"_bbp_total_topic_count":0,"_bbp_total_reply_count":0,"_bbp_voice_count":0,"_bbp_anonymous_reply_count":0,"_bbp_topic_count_hidden":0,"_bbp_reply_count_hidden":0,"_bbp_forum_subforum_count":0,"footnotes":""},"categories":[707],"tags":[],"class_list":["post-37486","post","type-post","status-publish","format-standard","hentry","category-25-26-l-de-lapo"],"post_mailing_queue_ids":[],"_links":{"self":[{"href":"https:\/\/agora.xtec.cat\/escolamartamata\/wp-json\/wp\/v2\/posts\/37486","targetHints":{"allow":["GET"]}}],"collection":[{"href":"https:\/\/agora.xtec.cat\/escolamartamata\/wp-json\/wp\/v2\/posts"}],"about":[{"href":"https:\/\/agora.xtec.cat\/escolamartamata\/wp-json\/wp\/v2\/types\/post"}],"author":[{"embeddable":true,"href":"https:\/\/agora.xtec.cat\/escolamartamata\/wp-json\/wp\/v2\/users\/9"}],"replies":[{"embeddable":true,"href":"https:\/\/agora.xtec.cat\/escolamartamata\/wp-json\/wp\/v2\/comments?post=37486"}],"version-history":[{"count":1,"href":"https:\/\/agora.xtec.cat\/escolamartamata\/wp-json\/wp\/v2\/posts\/37486\/revisions"}],"predecessor-version":[{"id":37488,"href":"https:\/\/agora.xtec.cat\/escolamartamata\/wp-json\/wp\/v2\/posts\/37486\/revisions\/37488"}],"wp:attachment":[{"href":"https:\/\/agora.xtec.cat\/escolamartamata\/wp-json\/wp\/v2\/media?parent=37486"}],"wp:term":[{"taxonomy":"category","embeddable":true,"href":"https:\/\/agora.xtec.cat\/escolamartamata\/wp-json\/wp\/v2\/categories?post=37486"},{"taxonomy":"post_tag","embeddable":true,"href":"https:\/\/agora.xtec.cat\/escolamartamata\/wp-json\/wp\/v2\/tags?post=37486"}],"curies":[{"name":"wp","href":"https:\/\/api.w.org\/{rel}","templated":true}]}}