{"id":37220,"date":"2026-03-04T07:07:15","date_gmt":"2026-03-04T06:07:15","guid":{"rendered":"https:\/\/agora.xtec.cat\/escolamartamata\/?p=37220"},"modified":"2026-03-04T07:07:15","modified_gmt":"2026-03-04T06:07:15","slug":"del-carrer-a-lescola-el-batec-dels-gegants","status":"publish","type":"post","link":"https:\/\/agora.xtec.cat\/escolamartamata\/general\/del-carrer-a-lescola-el-batec-dels-gegants\/","title":{"rendered":"DEL CARRER A L\u2019ESCOLA: EL BATEC DELS GEGANTS"},"content":{"rendered":"\n<blockquote class=\"wp-block-quote is-layout-flow wp-block-quote-is-layout-flow\">\n<p class=\"has-text-align-right\"><strong>\u201cTot all\u00f2 que es transmet amb estima perdura.\u201d<\/strong><\/p>\n\n\n\n<p class=\"has-text-align-right\">Carme Junyent (ling\u00fcista anoienca)<\/p>\n<\/blockquote>\n\n\n\n<p>Recentment hem viscut una experi\u00e8ncia molt especial: els gegants de Vilanova del Cam\u00ed han vingut al gimn\u00e0s de Marta Mata.<\/p>\n\n\n\n<p>Hem pogut con\u00e8ixer de prop l\u2019Od\u00edn, la Fultiva, el Paquillo i el Quimet, i tamb\u00e9 les persones que els donen vida: en Llu\u00eds, en Joan Carles, l&#8217;\u00cdngrid i la Roser, els seus portadors.<\/p>\n\n\n\n<p>Primer els hem vist arribar pe\u00e7a a pe\u00e7a, descobrint com es munten i com es preparen abans de sortir a ballar. Ha estat sorprenent veure que darrere d\u2019aquelles figures tan altes i imponents hi ha estructura, equilibri, esfor\u00e7 i molta estima per la tradici\u00f3.<\/p>\n\n\n\n<p>Veure\u2019ls tan a prop, tocar els vestits, observar els caps i entendre com es mouen ens ha ajudat a sentir que la cultura popular no \u00e9s nom\u00e9s una festa que mirem des de fora, sin\u00f3 una tradici\u00f3 viva que forma part del nostre poble.<\/p>\n\n\n\n<p>Els Patufets hav\u00edem preparat preguntes. Amb molta paci\u00e8ncia i entusiasme, ens han anat responent totes les q\u00fcestions i ens han explicat an\u00e8cdotes, curiositats i detalls que no sab\u00edem. Ara ja entenem millor qu\u00e8 significa portar un gegant i tota la feina que hi ha darrere de cada cercavila. Tamb\u00e9 els hem explicat el nostre projecte de fer uns gegantets nous, comptem amb la seva ajuda.<\/p>\n\n\n\n<p>Ha estat una trobada plena d\u2019emoci\u00f3, respecte i orgull pel nostre patrimoni.<\/p>\n\n\n\n<p>Gr\u00e0cies, Od\u00edn, Fultiva, Paquillo i Quimet.<br>Gr\u00e0cies, Llu\u00eds, Joan Carles, \u00cdngrid i Roser, per compartir amb nosaltres el vostre temps i la vostra passi\u00f3.<\/p>\n\n\n\n<p>Seguim aprenent i estimant la cultura del nostre entorn.<\/p>\n\n\n\n<p>A partir d\u2019aquesta activitat els Patufets investiguen una <strong>tradici\u00f3 cultural del seu entorn<\/strong> (els gegants), fan preguntes i construeixen coneixement a partir de l\u2019experi\u00e8ncia directa.<\/p>\n\n\n<div class=\"wp-block-image\">\n<figure class=\"aligncenter size-large\"><a href=\"https:\/\/agora.xtec.cat\/escolamartamata\/wp-content\/uploads\/usu1957\/2026\/03\/BENVINGUTS-PATUFETS-4.jpg\"><img loading=\"lazy\" decoding=\"async\" width=\"1024\" height=\"819\" src=\"https:\/\/agora.xtec.cat\/escolamartamata\/wp-content\/uploads\/usu1957\/2026\/03\/BENVINGUTS-PATUFETS-4-1024x819.jpg\" alt=\"\" class=\"wp-image-37221\" srcset=\"https:\/\/agora.xtec.cat\/escolamartamata\/wp-content\/uploads\/usu1957\/2026\/03\/BENVINGUTS-PATUFETS-4-1024x819.jpg 1024w, https:\/\/agora.xtec.cat\/escolamartamata\/wp-content\/uploads\/usu1957\/2026\/03\/BENVINGUTS-PATUFETS-4-300x240.jpg 300w, https:\/\/agora.xtec.cat\/escolamartamata\/wp-content\/uploads\/usu1957\/2026\/03\/BENVINGUTS-PATUFETS-4-768x614.jpg 768w, https:\/\/agora.xtec.cat\/escolamartamata\/wp-content\/uploads\/usu1957\/2026\/03\/BENVINGUTS-PATUFETS-4-1536x1229.jpg 1536w, https:\/\/agora.xtec.cat\/escolamartamata\/wp-content\/uploads\/usu1957\/2026\/03\/BENVINGUTS-PATUFETS-4.jpg 2000w\" sizes=\"auto, (max-width: 1024px) 100vw, 1024px\" \/><\/a><\/figure><\/div>","protected":false},"excerpt":{"rendered":"<p>\u201cTot all\u00f2 que es transmet amb estima perdura.\u201d<\/p>\n<p>Carme Junyent (ling\u00fcista anoienca)<\/p>\n<p>Recentment hem viscut una experi\u00e8ncia molt especial: els gegants de Vilanova del Cam\u00ed han vingut al gimn\u00e0s de Marta Mata.<\/p>\n<p>Hem pogut con\u00e8ixer de prop l\u2019Od\u00edn, la Fultiva, el Paquillo i el Quimet, i tamb\u00e9 les&hellip;  <a href=\"https:\/\/agora.xtec.cat\/escolamartamata\/general\/del-carrer-a-lescola-el-batec-dels-gegants\/\" title=\"Read DEL CARRER A L\u2019ESCOLA: EL BATEC DELS GEGANTS\">Llegeix m\u00e9s\u00bb<\/a><\/p>\n","protected":false},"author":145,"featured_media":0,"comment_status":"closed","ping_status":"open","sticky":false,"template":"","format":"standard","meta":{"_bbp_topic_count":0,"_bbp_reply_count":0,"_bbp_total_topic_count":0,"_bbp_total_reply_count":0,"_bbp_voice_count":0,"_bbp_anonymous_reply_count":0,"_bbp_topic_count_hidden":0,"_bbp_reply_count_hidden":0,"_bbp_forum_subforum_count":0,"footnotes":""},"categories":[724,1,640],"tags":[],"class_list":["post-37220","post","type-post","status-publish","format-standard","hentry","category-25-26-un-vestit-nou-pels-gegantets","category-general","category-patufets25-26"],"post_mailing_queue_ids":[],"_links":{"self":[{"href":"https:\/\/agora.xtec.cat\/escolamartamata\/wp-json\/wp\/v2\/posts\/37220","targetHints":{"allow":["GET"]}}],"collection":[{"href":"https:\/\/agora.xtec.cat\/escolamartamata\/wp-json\/wp\/v2\/posts"}],"about":[{"href":"https:\/\/agora.xtec.cat\/escolamartamata\/wp-json\/wp\/v2\/types\/post"}],"author":[{"embeddable":true,"href":"https:\/\/agora.xtec.cat\/escolamartamata\/wp-json\/wp\/v2\/users\/145"}],"replies":[{"embeddable":true,"href":"https:\/\/agora.xtec.cat\/escolamartamata\/wp-json\/wp\/v2\/comments?post=37220"}],"version-history":[{"count":2,"href":"https:\/\/agora.xtec.cat\/escolamartamata\/wp-json\/wp\/v2\/posts\/37220\/revisions"}],"predecessor-version":[{"id":37223,"href":"https:\/\/agora.xtec.cat\/escolamartamata\/wp-json\/wp\/v2\/posts\/37220\/revisions\/37223"}],"wp:attachment":[{"href":"https:\/\/agora.xtec.cat\/escolamartamata\/wp-json\/wp\/v2\/media?parent=37220"}],"wp:term":[{"taxonomy":"category","embeddable":true,"href":"https:\/\/agora.xtec.cat\/escolamartamata\/wp-json\/wp\/v2\/categories?post=37220"},{"taxonomy":"post_tag","embeddable":true,"href":"https:\/\/agora.xtec.cat\/escolamartamata\/wp-json\/wp\/v2\/tags?post=37220"}],"curies":[{"name":"wp","href":"https:\/\/api.w.org\/{rel}","templated":true}]}}