{"id":36973,"date":"2026-02-10T10:38:17","date_gmt":"2026-02-10T09:38:17","guid":{"rendered":"https:\/\/agora.xtec.cat\/escolamartamata\/?p=36973"},"modified":"2026-02-10T10:38:17","modified_gmt":"2026-02-10T09:38:17","slug":"un-vestit-nou-pels-gegantets","status":"publish","type":"post","link":"https:\/\/agora.xtec.cat\/escolamartamata\/patufets25-26\/un-vestit-nou-pels-gegantets\/","title":{"rendered":"UN VESTIT NOU PELS GEGANTETS"},"content":{"rendered":"\n<blockquote class=\"wp-block-quote is-layout-flow wp-block-quote-is-layout-flow\">\n<h3 class=\"wp-block-heading has-text-align-right\"><em>Joan Amades (folklorista catal\u00e0)<\/em><\/h3>\n\n\n\n<p class=\"has-text-align-right\"><em>\u201cLes tradicions s\u00f3n la mem\u00f2ria viva d\u2019un poble.\u201d<\/em><\/p>\n<\/blockquote>\n\n\n\n<p>El dia de la Festa Major de l\u2019escola, en honor a Sant Hilari, vam gaudir molt especialment la cercavila pels carrers del voltant de l\u2019escola. Ens van agradar molt els gegantets i capgrossos, la batucada que els acompanyava i poder participar-ne amb els nostres sonalls, cants i balls.<\/p>\n\n\n\n<p>A la tornada a l\u2019escola ens vam fixar que els vestits estan vellets, i mirat amb deteniment, m\u00e9s del que aparentaven.<\/p>\n\n\n\n<p>Va ser llavors quan ens vam formular la proposta de canviar els vestits dels gegantets com a projecte d\u2019aula. Tots els Patufets hi van accedir amb molta il\u00b7lusi\u00f3, i fins i tot es va sentir que pod\u00edem restaurar el cap que tamb\u00e9 est\u00e0 vellet.<\/p>\n\n\n\n<p>D\u2019aquesta manera comen\u00e7a el projecte \u201cUn vestit nou pels gegantets\u201d que ja us anirem explicant.<\/p>\n\n\n\n<p>De moment hem averiguat qui els va fer i tenim concertada una entrevista amb ells perqu\u00e8 ens ho expliquin. Tamb\u00e9 vam trucar el Llu\u00eds, el cap de colla dels gegants de Vilanova per poder visitar-los i aprendre molt d\u2019ells.<\/p>\n\n\n\n<p>I ja podeu imaginar que el que m\u00e9s ens agrada \u00e9s posar-nos sota les seves faldilles i fer-lo ballar.<\/p>\n\n\n\n<p>En aquest projecte ens proposem aprendre entre molts altres sabers que aniran sortint:<\/p>\n\n\n\n<p>&#8211; Participar en manifestacions culturals i socials del seu entorn, mostrant inter\u00e8s, respecte i valoraci\u00f3 per les tradicions i formes de vida de la comunitat.<\/p>\n\n\n\n<p>-Prendre petites iniciatives, proposar idees i participar en la presa de decisions en situacions de la vida quotidiana i de l\u2019aula.<\/p>\n\n\n\n<p><\/p>\n\n\n\n<figure class=\"wp-block-gallery has-nested-images columns-default is-cropped wp-block-gallery-1 is-layout-flex wp-block-gallery-is-layout-flex\">\n<figure class=\"wp-block-image size-large\"><a href=\"https:\/\/agora.xtec.cat\/escolamartamata\/wp-content\/uploads\/usu1957\/2026\/02\/BENVINGUTS-PATUFETS-1.jpg\"><img loading=\"lazy\" decoding=\"async\" width=\"1024\" height=\"819\" data-id=\"36974\" src=\"https:\/\/agora.xtec.cat\/escolamartamata\/wp-content\/uploads\/usu1957\/2026\/02\/BENVINGUTS-PATUFETS-1-1024x819.jpg\" alt=\"\" class=\"wp-image-36974\" srcset=\"https:\/\/agora.xtec.cat\/escolamartamata\/wp-content\/uploads\/usu1957\/2026\/02\/BENVINGUTS-PATUFETS-1-1024x819.jpg 1024w, https:\/\/agora.xtec.cat\/escolamartamata\/wp-content\/uploads\/usu1957\/2026\/02\/BENVINGUTS-PATUFETS-1-300x240.jpg 300w, https:\/\/agora.xtec.cat\/escolamartamata\/wp-content\/uploads\/usu1957\/2026\/02\/BENVINGUTS-PATUFETS-1-768x614.jpg 768w, https:\/\/agora.xtec.cat\/escolamartamata\/wp-content\/uploads\/usu1957\/2026\/02\/BENVINGUTS-PATUFETS-1-1536x1229.jpg 1536w, https:\/\/agora.xtec.cat\/escolamartamata\/wp-content\/uploads\/usu1957\/2026\/02\/BENVINGUTS-PATUFETS-1.jpg 2000w\" sizes=\"auto, (max-width: 1024px) 100vw, 1024px\" \/><\/a><\/figure>\n<\/figure>\n","protected":false},"excerpt":{"rendered":"<p>Joan Amades (folklorista catal\u00e0) \u201cLes tradicions s\u00f3n la mem\u00f2ria viva d\u2019un poble.\u201d El dia de la Festa Major de l\u2019escola, en honor a Sant Hilari, vam gaudir molt especialment la cercavila pels carrers del voltant de l\u2019escola. Ens van agradar molt els gegantets i capgrossos, la batucada que els acompanyava i poder participar-ne amb els [&hellip;]<\/p>\n","protected":false},"author":145,"featured_media":0,"comment_status":"closed","ping_status":"open","sticky":false,"template":"","format":"standard","meta":{"_bbp_topic_count":0,"_bbp_reply_count":0,"_bbp_total_topic_count":0,"_bbp_total_reply_count":0,"_bbp_voice_count":0,"_bbp_anonymous_reply_count":0,"_bbp_topic_count_hidden":0,"_bbp_reply_count_hidden":0,"_bbp_forum_subforum_count":0,"site-sidebar-layout":"default","site-content-layout":"","ast-site-content-layout":"","site-content-style":"default","site-sidebar-style":"default","ast-global-header-display":"","ast-banner-title-visibility":"","ast-main-header-display":"","ast-hfb-above-header-display":"","ast-hfb-below-header-display":"","ast-hfb-mobile-header-display":"","site-post-title":"","ast-breadcrumbs-content":"","ast-featured-img":"","footer-sml-layout":"","theme-transparent-header-meta":"","adv-header-id-meta":"","stick-header-meta":"","header-above-stick-meta":"","header-main-stick-meta":"","header-below-stick-meta":"","astra-migrate-meta-layouts":"default","ast-page-background-enabled":"default","ast-page-background-meta":{"desktop":{"background-color":"var(--ast-global-color-4)","background-image":"","background-repeat":"repeat","background-position":"center center","background-size":"auto","background-attachment":"scroll","background-type":"","background-media":"","overlay-type":"","overlay-color":"","overlay-opacity":"","overlay-gradient":""},"tablet":{"background-color":"","background-image":"","background-repeat":"repeat","background-position":"center center","background-size":"auto","background-attachment":"scroll","background-type":"","background-media":"","overlay-type":"","overlay-color":"","overlay-opacity":"","overlay-gradient":""},"mobile":{"background-color":"","background-image":"","background-repeat":"repeat","background-position":"center center","background-size":"auto","background-attachment":"scroll","background-type":"","background-media":"","overlay-type":"","overlay-color":"","overlay-opacity":"","overlay-gradient":""}},"ast-content-background-meta":{"desktop":{"background-color":"var(--ast-global-color-5)","background-image":"","background-repeat":"repeat","background-position":"center center","background-size":"auto","background-attachment":"scroll","background-type":"","background-media":"","overlay-type":"","overlay-color":"","overlay-opacity":"","overlay-gradient":""},"tablet":{"background-color":"var(--ast-global-color-5)","background-image":"","background-repeat":"repeat","background-position":"center center","background-size":"auto","background-attachment":"scroll","background-type":"","background-media":"","overlay-type":"","overlay-color":"","overlay-opacity":"","overlay-gradient":""},"mobile":{"background-color":"var(--ast-global-color-5)","background-image":"","background-repeat":"repeat","background-position":"center center","background-size":"auto","background-attachment":"scroll","background-type":"","background-media":"","overlay-type":"","overlay-color":"","overlay-opacity":"","overlay-gradient":""}},"footnotes":""},"categories":[641,640],"tags":[],"class_list":["post-36973","post","type-post","status-publish","format-standard","hentry","category-25-25vidadaulai3","category-patufets25-26"],"post_mailing_queue_ids":[],"_links":{"self":[{"href":"https:\/\/agora.xtec.cat\/escolamartamata\/wp-json\/wp\/v2\/posts\/36973","targetHints":{"allow":["GET"]}}],"collection":[{"href":"https:\/\/agora.xtec.cat\/escolamartamata\/wp-json\/wp\/v2\/posts"}],"about":[{"href":"https:\/\/agora.xtec.cat\/escolamartamata\/wp-json\/wp\/v2\/types\/post"}],"author":[{"embeddable":true,"href":"https:\/\/agora.xtec.cat\/escolamartamata\/wp-json\/wp\/v2\/users\/145"}],"replies":[{"embeddable":true,"href":"https:\/\/agora.xtec.cat\/escolamartamata\/wp-json\/wp\/v2\/comments?post=36973"}],"version-history":[{"count":1,"href":"https:\/\/agora.xtec.cat\/escolamartamata\/wp-json\/wp\/v2\/posts\/36973\/revisions"}],"predecessor-version":[{"id":36975,"href":"https:\/\/agora.xtec.cat\/escolamartamata\/wp-json\/wp\/v2\/posts\/36973\/revisions\/36975"}],"wp:attachment":[{"href":"https:\/\/agora.xtec.cat\/escolamartamata\/wp-json\/wp\/v2\/media?parent=36973"}],"wp:term":[{"taxonomy":"category","embeddable":true,"href":"https:\/\/agora.xtec.cat\/escolamartamata\/wp-json\/wp\/v2\/categories?post=36973"},{"taxonomy":"post_tag","embeddable":true,"href":"https:\/\/agora.xtec.cat\/escolamartamata\/wp-json\/wp\/v2\/tags?post=36973"}],"curies":[{"name":"wp","href":"https:\/\/api.w.org\/{rel}","templated":true}]}}