{"id":36365,"date":"2025-12-08T08:57:02","date_gmt":"2025-12-08T07:57:02","guid":{"rendered":"https:\/\/agora.xtec.cat\/escolamartamata\/?p=36365"},"modified":"2025-12-08T11:33:00","modified_gmt":"2025-12-08T10:33:00","slug":"marta-que-hi-ha-avui-per-dinar","status":"publish","type":"post","link":"https:\/\/agora.xtec.cat\/escolamartamata\/rovellons2425\/25-26vidadaula1r\/marta-que-hi-ha-avui-per-dinar\/","title":{"rendered":"MARTA, QU\u00c8 HI HA AVUI PER DINAR?\u00a0"},"content":{"rendered":"\n<figure class=\"wp-block-pullquote has-text-align-right has-small-font-size\"><blockquote><p>Jerome Bruner<\/p><cite><em>All\u00f2 que fem ha de tenir sentit per a nosaltres.<\/em><\/cite><\/blockquote><\/figure>\n\n\n\n<p>A la classe dels Rovellons ha aparegut una espurna que ha posat en marxa el nostre projecte d\u2019aula!<\/p>\n\n\n\n<p>Tot va comen\u00e7ar fa uns dies, quan la Marta, la directora, va venir a visitar-nos a la classe i ens va explicar un petit problema que est\u00e0 passant a l\u2019escola: molts nens i nenes volen saber cada dia qu\u00e8 hi ha per dinar. Alguns necessiten anticipar-se per sentir-se tranquils, d\u2019altres simplement tenen curiositat\u2026 per\u00f2 tothom vol saber-ho!<\/p>\n\n\n\n<div class=\"wp-block-media-text is-stacked-on-mobile\" style=\"grid-template-columns:58% auto\"><figure class=\"wp-block-media-text__media\"><img loading=\"lazy\" decoding=\"async\" width=\"1024\" height=\"708\" src=\"https:\/\/agora.xtec.cat\/escolamartamata\/wp-content\/uploads\/usu1957\/2025\/12\/Blog-Projecte-dAula-25-26-1024x708.jpg\" alt=\"\" class=\"wp-image-36366 size-full\" srcset=\"https:\/\/agora.xtec.cat\/escolamartamata\/wp-content\/uploads\/usu1957\/2025\/12\/Blog-Projecte-dAula-25-26-1024x708.jpg 1024w, https:\/\/agora.xtec.cat\/escolamartamata\/wp-content\/uploads\/usu1957\/2025\/12\/Blog-Projecte-dAula-25-26-300x207.jpg 300w, https:\/\/agora.xtec.cat\/escolamartamata\/wp-content\/uploads\/usu1957\/2025\/12\/Blog-Projecte-dAula-25-26-768x531.jpg 768w, https:\/\/agora.xtec.cat\/escolamartamata\/wp-content\/uploads\/usu1957\/2025\/12\/Blog-Projecte-dAula-25-26-1536x1062.jpg 1536w, https:\/\/agora.xtec.cat\/escolamartamata\/wp-content\/uploads\/usu1957\/2025\/12\/Blog-Projecte-dAula-25-26.jpg 2000w\" sizes=\"auto, (max-width: 1024px) 100vw, 1024px\" \/><\/figure><div class=\"wp-block-media-text__content\">\n<p>La Marta ens va demanar ajuda:<\/p>\n\n\n\n<p><em>\u201cRovellons, em podeu ajudar a trobar una manera d\u2019explicar a tota l\u2019escola qu\u00e8 hi ha per dinar?\u201d<\/em><\/p>\n<\/div><\/div>\n\n\n\n<p>A partir d\u2019aqu\u00ed, a la Rotllana vam comen\u00e7ar una conversa plena d\u2019idees, preguntes i propostes, compartint pensaments com:&nbsp;<\/p>\n\n\n\n<ul class=\"wp-block-list\">\n<li>\u201cAl m\u00f2bil de la meva mare surt el que hi ha per dinar.\u201d<br><\/li>\n\n\n\n<li>\u201cPodr\u00edem preguntar-ho a la S\u00edlvia, la cuinera.\u201d<br><\/li>\n\n\n\n<li>\u201cA casa tinc un calendari i aix\u00ed s\u00e9 qu\u00e8 hi ha per dinar.\u201d<br><\/li>\n\n\n\n<li>\u201cPodr\u00edem posar un calendari o un cartell a l\u2019escala.\u201d<br><\/li>\n\n\n\n<li>\u201cHo podem escriure a la porta del menjador, o a cada classe!\u201d<br><\/li>\n\n\n\n<li>\u201cCada dia ho podria escriure un Rovell\u00f3 diferent!\u201d<br><\/li>\n<\/ul>\n\n\n\n<p>Entre totes aquestes aportacions, va comen\u00e7ar a apar\u00e8ixer una idea que es repetia i que tots i totes veiem clara:<\/p>\n\n\n\n<p class=\"has-text-align-center has-luminous-vivid-orange-color has-text-color has-link-color has-medium-font-size wp-elements-753cdcf14a341f50aef251536b3416ec\"><strong>Cal fer un cartell per explicar qu\u00e8 hi ha per dinar.<\/strong><\/p>\n\n\n\n<p>Un cartell que tothom pugui veure, que sigui f\u00e0cil d\u2019entendre i que ajudi els nens i nenes del menjador a sentir-se m\u00e9s tranquils i informats.<\/p>\n\n\n\n<p>Aix\u00ed \u00e9s com ha comen\u00e7at el nostre projecte d\u2019aula <strong>\u201cMarta, qu\u00e8 hi ha avui per dinar?\u201d<\/strong>: amb una necessitat real de l\u2019escola i amb la mirada curiosa i creativa dels Rovellons.<\/p>\n\n\n\n<p>A partir d\u2019ara, haurem de decidir com ser\u00e0 aquest cartell, on el posarem, qu\u00e8 hi escriurem i qui s\u2019encarregar\u00e0 d\u2019actualitzar-lo.<\/p>\n\n\n\n<p>Tenim moltes preguntes per investigar, molta feina i ganes de continuar!<\/p>\n\n\n\n<p>Us anirem explicant tots els passos d\u2019aquest nou projecte tan engrescador.&nbsp;<\/p>\n\n\n\n<p><\/p>\n","protected":false},"excerpt":{"rendered":"<p>Jerome BrunerAll\u00f2 que fem ha de tenir sentit per a nosaltres.<\/p>\n<p>A la classe dels Rovellons ha aparegut una espurna que ha posat en marxa el nostre projecte d\u2019aula!<\/p>\n<p>Tot va comen\u00e7ar fa uns dies, quan la Marta, la directora, va venir a visitar-nos a la classe&hellip;  <a href=\"https:\/\/agora.xtec.cat\/escolamartamata\/rovellons2425\/25-26vidadaula1r\/marta-que-hi-ha-avui-per-dinar\/\" title=\"Read MARTA, QU\u00c8 HI HA AVUI PER DINAR?\u00a0\">Llegeix m\u00e9s\u00bb<\/a><\/p>\n","protected":false},"author":103,"featured_media":0,"comment_status":"closed","ping_status":"open","sticky":false,"template":"","format":"standard","meta":{"_bbp_topic_count":0,"_bbp_reply_count":0,"_bbp_total_topic_count":0,"_bbp_total_reply_count":0,"_bbp_voice_count":0,"_bbp_anonymous_reply_count":0,"_bbp_topic_count_hidden":0,"_bbp_reply_count_hidden":0,"_bbp_forum_subforum_count":0,"footnotes":""},"categories":[719,644],"tags":[],"class_list":["post-36365","post","type-post","status-publish","format-standard","hentry","category-25-26-marta-que-hi-ha-avui-per-dinar","category-25-26vidadaula1r"],"post_mailing_queue_ids":[],"_links":{"self":[{"href":"https:\/\/agora.xtec.cat\/escolamartamata\/wp-json\/wp\/v2\/posts\/36365","targetHints":{"allow":["GET"]}}],"collection":[{"href":"https:\/\/agora.xtec.cat\/escolamartamata\/wp-json\/wp\/v2\/posts"}],"about":[{"href":"https:\/\/agora.xtec.cat\/escolamartamata\/wp-json\/wp\/v2\/types\/post"}],"author":[{"embeddable":true,"href":"https:\/\/agora.xtec.cat\/escolamartamata\/wp-json\/wp\/v2\/users\/103"}],"replies":[{"embeddable":true,"href":"https:\/\/agora.xtec.cat\/escolamartamata\/wp-json\/wp\/v2\/comments?post=36365"}],"version-history":[{"count":2,"href":"https:\/\/agora.xtec.cat\/escolamartamata\/wp-json\/wp\/v2\/posts\/36365\/revisions"}],"predecessor-version":[{"id":36368,"href":"https:\/\/agora.xtec.cat\/escolamartamata\/wp-json\/wp\/v2\/posts\/36365\/revisions\/36368"}],"wp:attachment":[{"href":"https:\/\/agora.xtec.cat\/escolamartamata\/wp-json\/wp\/v2\/media?parent=36365"}],"wp:term":[{"taxonomy":"category","embeddable":true,"href":"https:\/\/agora.xtec.cat\/escolamartamata\/wp-json\/wp\/v2\/categories?post=36365"},{"taxonomy":"post_tag","embeddable":true,"href":"https:\/\/agora.xtec.cat\/escolamartamata\/wp-json\/wp\/v2\/tags?post=36365"}],"curies":[{"name":"wp","href":"https:\/\/api.w.org\/{rel}","templated":true}]}}