{"id":36238,"date":"2025-11-30T19:24:07","date_gmt":"2025-11-30T18:24:07","guid":{"rendered":"https:\/\/agora.xtec.cat\/escolamartamata\/?p=36238"},"modified":"2025-11-30T19:24:08","modified_gmt":"2025-11-30T18:24:08","slug":"el-bou-i-la-samarra-del-patufet","status":"publish","type":"post","link":"https:\/\/agora.xtec.cat\/escolamartamata\/patufets25-26\/el-bou-i-la-samarra-del-patufet\/","title":{"rendered":"EL BOU I LA SAMARRA DEL PATUFET"},"content":{"rendered":"\n<p class=\"has-text-align-right\"><em>\u201cConversar amb els infants \u00e9s acompanyar-los en la construcci\u00f3 del llenguatge i del pensament.\u201d<\/em><\/p>\n\n\n\n<p class=\"has-text-align-right\"><em>Montserrat Fons<\/em><\/p>\n\n\n\n<p>-Quan fa fred el Patufet es posa la samarra.&nbsp;<\/p>\n\n\n\n<p>I el bou? Que porta samarra? Que porta jaqueta el bou quan fa fred?<\/p>\n\n\n\n<p>-Nooo<\/p>\n\n\n\n<p>-Per qu\u00e8 no necessita jaqueta?<\/p>\n\n\n\n<p>-Sabeu com es fa la samarra?<\/p>\n\n\n\n<p>El Patufet era fill d\u2019un pastor d\u2019ovelles. A les ovelles els creix molt el seu p\u00e8l, i els pastors el tallen quan ve l\u2019estiu i en fan una jaqueta.<\/p>\n\n\n\n<p>El Patufet porta una jaqueta que \u00e9s pell i els cabells d\u2019un be.<\/p>\n\n\n\n<p>-Sabeu com \u00e9s la pell i els cabells del be?<\/p>\n\n\n\n<p>-Els bous s\u00f3n peluts com un be?<\/p>\n\n\n\n<p>-Moooooo<\/p>\n\n\n\n<p>-Com s\u2019escalfen els bous?<\/p>\n\n\n\n<p>-Amb la pell<\/p>\n\n\n\n<p>-Els bous tenen una pell com els bens?<\/p>\n\n\n\n<p>-S\u00ed<\/p>\n\n\n\n<p>-Tu est\u00e0s d\u2019acord?<\/p>\n\n\n\n<p>-No<\/p>\n\n\n\n<p>-Tu qu\u00e8 penses, doncs?<\/p>\n\n\n\n<p>Aquesta \u00e9s una de tantes converses espont\u00e0nies que fem a l\u2019aula per exercitar l\u2019escolta activa, la parla, la comprensi\u00f3 i la formulaci\u00f3 de preguntes (encara que semblin absurdes) perqu\u00e8 tot t\u00e9 el seu perqu\u00e8.<\/p>\n\n\n\n<p>El nostre objectiu en aquesta activitat \u00e9s fomentar una conversa rica: Expressar idees, viv\u00e8ncies i emocions, utilitzant progressivament llenguatge verbal\u2026 en interaccions amb altres<\/p>\n\n\n<div class=\"wp-block-image\">\n<figure class=\"aligncenter size-full\"><a href=\"https:\/\/agora.xtec.cat\/escolamartamata\/wp-content\/uploads\/usu1957\/2025\/11\/patufet-i-bou.jpg\"><img loading=\"lazy\" decoding=\"async\" width=\"274\" height=\"233\" src=\"https:\/\/agora.xtec.cat\/escolamartamata\/wp-content\/uploads\/usu1957\/2025\/11\/patufet-i-bou.jpg\" alt=\"\" class=\"wp-image-36239\"\/><\/a><\/figure><\/div>","protected":false},"excerpt":{"rendered":"<p>\u201cConversar amb els infants \u00e9s acompanyar-los en la construcci\u00f3 del llenguatge i del pensament.\u201d<\/p>\n<p>Montserrat Fons<\/p>\n<p>-Quan fa fred el Patufet es posa la samarra.&nbsp;<\/p>\n<p>I el bou? Que porta samarra? Que porta jaqueta el bou quan fa fred?<\/p>\n<p>-Nooo<\/p>\n<p>-Per qu\u00e8 no necessita jaqueta?<\/p>\n<p>-Sabeu com es fa la samarra?<\/p>\n<p>El&hellip;  <a href=\"https:\/\/agora.xtec.cat\/escolamartamata\/patufets25-26\/el-bou-i-la-samarra-del-patufet\/\" title=\"Read EL BOU I LA SAMARRA DEL PATUFET\">Llegeix m\u00e9s\u00bb<\/a><\/p>\n","protected":false},"author":145,"featured_media":0,"comment_status":"closed","ping_status":"open","sticky":false,"template":"","format":"standard","meta":{"_bbp_topic_count":0,"_bbp_reply_count":0,"_bbp_total_topic_count":0,"_bbp_total_reply_count":0,"_bbp_voice_count":0,"_bbp_anonymous_reply_count":0,"_bbp_topic_count_hidden":0,"_bbp_reply_count_hidden":0,"_bbp_forum_subforum_count":0,"footnotes":""},"categories":[641,640],"tags":[],"class_list":["post-36238","post","type-post","status-publish","format-standard","hentry","category-25-25vidadaulai3","category-patufets25-26"],"post_mailing_queue_ids":[],"_links":{"self":[{"href":"https:\/\/agora.xtec.cat\/escolamartamata\/wp-json\/wp\/v2\/posts\/36238","targetHints":{"allow":["GET"]}}],"collection":[{"href":"https:\/\/agora.xtec.cat\/escolamartamata\/wp-json\/wp\/v2\/posts"}],"about":[{"href":"https:\/\/agora.xtec.cat\/escolamartamata\/wp-json\/wp\/v2\/types\/post"}],"author":[{"embeddable":true,"href":"https:\/\/agora.xtec.cat\/escolamartamata\/wp-json\/wp\/v2\/users\/145"}],"replies":[{"embeddable":true,"href":"https:\/\/agora.xtec.cat\/escolamartamata\/wp-json\/wp\/v2\/comments?post=36238"}],"version-history":[{"count":1,"href":"https:\/\/agora.xtec.cat\/escolamartamata\/wp-json\/wp\/v2\/posts\/36238\/revisions"}],"predecessor-version":[{"id":36240,"href":"https:\/\/agora.xtec.cat\/escolamartamata\/wp-json\/wp\/v2\/posts\/36238\/revisions\/36240"}],"wp:attachment":[{"href":"https:\/\/agora.xtec.cat\/escolamartamata\/wp-json\/wp\/v2\/media?parent=36238"}],"wp:term":[{"taxonomy":"category","embeddable":true,"href":"https:\/\/agora.xtec.cat\/escolamartamata\/wp-json\/wp\/v2\/categories?post=36238"},{"taxonomy":"post_tag","embeddable":true,"href":"https:\/\/agora.xtec.cat\/escolamartamata\/wp-json\/wp\/v2\/tags?post=36238"}],"curies":[{"name":"wp","href":"https:\/\/api.w.org\/{rel}","templated":true}]}}