{"id":33030,"date":"2025-02-22T14:41:34","date_gmt":"2025-02-22T13:41:34","guid":{"rendered":"https:\/\/agora.xtec.cat\/escolamartamata\/?p=33030"},"modified":"2025-02-22T14:41:34","modified_gmt":"2025-02-22T13:41:34","slug":"tot-saprofita-tot-esta-relacionat","status":"publish","type":"post","link":"https:\/\/agora.xtec.cat\/escolamartamata\/general\/tot-saprofita-tot-esta-relacionat\/","title":{"rendered":"TOT S\u2019APROFITA, TOT EST\u00c0 RELACIONAT!"},"content":{"rendered":"\n<p>La frase que expressa un dels nens del grup al finalitzar la nostra xarxa d\u2019idees \u00e9s clara: <\/p>\n\n\n\n<p class=\"has-text-align-center\">&#8220;Tot s\u2019aprofita, tot est\u00e0 relacionat!&#8221; <\/p>\n\n\n\n<p>Aquesta reflexi\u00f3 no ha sorgit de manera casual, sin\u00f3 que \u00e9s el resultat d\u2019un proc\u00e9s que vam iniciar abans de la nostra estada al camp d\u2019aprenentatge de Juneda.<\/p>\n\n\n\n<p>Per comen\u00e7ar, ens hem dedicat a activar els coneixements previs dels alumnes, situant-nos en diversos aspectes i expressant dubtes i inquietuds. El primer pas va ser localitzar Juneda i Vilanova del Cam\u00ed en un mapa. Vam agafar els atles de l\u2019aula i vam dedicar temps a fullejar les p\u00e0gines, explorant el seu contingut i observant els mapes. Cada alumne va poder fixar-se en all\u00f2 que m\u00e9s li cridava l\u2019atenci\u00f3, i per facilitar la tasca, vam col\u00b7laborar entre nosaltres per trobar la p\u00e0gina adequada.<\/p>\n\n\n\n<p><\/p>\n\n\n\n<div class=\"wp-block-getwid-section alignfull alignfull getwid-section-content-custom-width\"><div class=\"wp-block-getwid-section__wrapper getwid-padding-left-medium getwid-padding-right-medium\"><div class=\"wp-block-getwid-section__inner-wrapper\" style=\"max-width:1140px\"><div class=\"wp-block-getwid-section__background-holder\"><div class=\"wp-block-getwid-section__background\"><\/div><div class=\"wp-block-getwid-section__foreground\"><\/div><\/div><div class=\"wp-block-getwid-section__content\"><div class=\"wp-block-getwid-section__inner-content\">\n<div class=\"wp-block-columns has-2-columns are-vertically-aligned-center is-layout-flex wp-container-core-columns-is-layout-1 wp-block-columns-is-layout-flex\">\n<div class=\"wp-block-column is-vertically-aligned-center is-layout-flow wp-block-column-is-layout-flow\">\n<div class=\"wp-block-getwid-advanced-heading\" style=\"margin-bottom:0px;margin-top:0px\"><span class=\"wp-block-getwid-advanced-heading__content\"><\/span><\/div>\n\n\n\n<div class=\"wp-block-getwid-advanced-heading\" style=\"margin-bottom:30px;margin-top:10px\"><h2 class=\"wp-block-getwid-advanced-heading__content\"><\/h2><\/div>\n\n\n\n<p>A continuaci\u00f3, vam utilitzar Google Maps per tra\u00e7ar la ruta entre els dos punts, descobrint que el recorregut dura aproximadament 1 hora i 2 minuts. Aix\u00f2 ens va permetre reflexionar sobre la ubicaci\u00f3 de Juneda, la seva proximitat al mar i les ciutats importants que l\u2019envolten.<\/p>\n\n\n\n<div class=\"wp-block-getwid-advanced-spacer\" style=\"height:10px\" aria-hidden=\"true\"><\/div>\n\n\n<\/div>\n\n\n\n<div class=\"wp-block-column is-vertically-aligned-center is-layout-flow wp-block-column-is-layout-flow\">\n<figure class=\"wp-block-image size-large\"><a href=\"https:\/\/agora.xtec.cat\/escolamartamata\/wp-content\/uploads\/usu1957\/2025\/02\/1-11.jpg\"><img loading=\"lazy\" decoding=\"async\" width=\"1024\" height=\"724\" src=\"https:\/\/agora.xtec.cat\/escolamartamata\/wp-content\/uploads\/usu1957\/2025\/02\/1-11-1024x724.jpg\" alt=\"\" class=\"wp-image-33036\" srcset=\"https:\/\/agora.xtec.cat\/escolamartamata\/wp-content\/uploads\/usu1957\/2025\/02\/1-11-1024x724.jpg 1024w, https:\/\/agora.xtec.cat\/escolamartamata\/wp-content\/uploads\/usu1957\/2025\/02\/1-11-300x212.jpg 300w, https:\/\/agora.xtec.cat\/escolamartamata\/wp-content\/uploads\/usu1957\/2025\/02\/1-11-768x543.jpg 768w, https:\/\/agora.xtec.cat\/escolamartamata\/wp-content\/uploads\/usu1957\/2025\/02\/1-11-1536x1086.jpg 1536w, https:\/\/agora.xtec.cat\/escolamartamata\/wp-content\/uploads\/usu1957\/2025\/02\/1-11.jpg 2000w\" sizes=\"auto, (max-width: 1024px) 100vw, 1024px\" \/><\/a><\/figure>\n<\/div>\n<\/div>\n<\/div><\/div><\/div><\/div><\/div>\n\n\n\n<p><\/p>\n\n\n\n<p>Despr\u00e9s, vam consultar la p\u00e0gina web del camp d\u2019aprenentatge, on vam veure algunes fotografies i vam comentar les activitats que realitzariem. L\u2019apicultura va ser la proposta que m\u00e9s ens va inquietar, i fins i tot alguns alumnes van expressar una certa por. Aix\u00ed que vam dedicar un temps a parlar-ne tranquil\u00b7lament i vam visionar un breu v\u00eddeo informatiu sobre l\u2019apicultura, el m\u00f3n de les abelles i la mel.&nbsp;<\/p>\n\n\n\n<p>Per la tarda, ens vam agrupar per discutir i escriure sobre all\u00f2 que ens agradaria saber, investigar i descobrir durant la nostra estada a Juneda. Despr\u00e9s, vam unificar els interessos en una \u00fanica llista de preguntes, que vam escriure a la pantalla digital. Algunes d\u2019aquestes q\u00fcestions les vam enviar als mestres del camp d\u2019aprenentatge, amb l\u2019objectiu que s\u2019hi treball\u00e9s durant les activitats, gr\u00e0cies a la vivenciaci\u00f3.<\/p>\n\n\n\n<figure class=\"wp-block-image aligncenter size-large is-resized\"><a href=\"https:\/\/agora.xtec.cat\/escolamartamata\/wp-content\/uploads\/usu1957\/2025\/02\/2-11.jpg\"><img loading=\"lazy\" decoding=\"async\" width=\"1024\" height=\"724\" src=\"https:\/\/agora.xtec.cat\/escolamartamata\/wp-content\/uploads\/usu1957\/2025\/02\/2-11-1024x724.jpg\" alt=\"\" class=\"wp-image-33033\" style=\"width:577px;height:auto\" srcset=\"https:\/\/agora.xtec.cat\/escolamartamata\/wp-content\/uploads\/usu1957\/2025\/02\/2-11-1024x724.jpg 1024w, https:\/\/agora.xtec.cat\/escolamartamata\/wp-content\/uploads\/usu1957\/2025\/02\/2-11-300x212.jpg 300w, https:\/\/agora.xtec.cat\/escolamartamata\/wp-content\/uploads\/usu1957\/2025\/02\/2-11-768x543.jpg 768w, https:\/\/agora.xtec.cat\/escolamartamata\/wp-content\/uploads\/usu1957\/2025\/02\/2-11-1536x1086.jpg 1536w, https:\/\/agora.xtec.cat\/escolamartamata\/wp-content\/uploads\/usu1957\/2025\/02\/2-11.jpg 2000w\" sizes=\"auto, (max-width: 1024px) 100vw, 1024px\" \/><\/a><\/figure>\n\n\n\n<p><\/p>\n\n\n\n<div class=\"wp-block-getwid-section\"><div class=\"wp-block-getwid-section__wrapper\"><div class=\"wp-block-getwid-section__inner-wrapper\"><div class=\"wp-block-getwid-section__background-holder\"><div class=\"wp-block-getwid-section__background\"><\/div><div class=\"wp-block-getwid-section__foreground\"><\/div><\/div><div class=\"wp-block-getwid-section__content\"><div class=\"wp-block-getwid-section__inner-content\"><\/div><\/div><\/div><\/div><\/div>\n\n\n\n<div class=\"wp-block-getwid-section alignfull alignfull getwid-section-content-custom-width\"><div class=\"wp-block-getwid-section__wrapper getwid-padding-left-medium getwid-padding-right-medium\"><div class=\"wp-block-getwid-section__inner-wrapper\" style=\"max-width:1140px\"><div class=\"wp-block-getwid-section__background-holder\"><div class=\"wp-block-getwid-section__background\"><\/div><div class=\"wp-block-getwid-section__foreground\"><\/div><\/div><div class=\"wp-block-getwid-section__content\"><div class=\"wp-block-getwid-section__inner-content\">\n<div class=\"wp-block-columns has-2-columns are-vertically-aligned-center is-layout-flex wp-container-core-columns-is-layout-2 wp-block-columns-is-layout-flex\">\n<div class=\"wp-block-column is-vertically-aligned-center is-layout-flow wp-block-column-is-layout-flow\">\n<figure class=\"wp-block-image size-large\"><a href=\"https:\/\/agora.xtec.cat\/escolamartamata\/wp-content\/uploads\/usu1957\/2025\/02\/Diseno-sin-titulo-6.jpg\"><img loading=\"lazy\" decoding=\"async\" width=\"1024\" height=\"724\" src=\"https:\/\/agora.xtec.cat\/escolamartamata\/wp-content\/uploads\/usu1957\/2025\/02\/Diseno-sin-titulo-6-1024x724.jpg\" alt=\"\" class=\"wp-image-33038\" srcset=\"https:\/\/agora.xtec.cat\/escolamartamata\/wp-content\/uploads\/usu1957\/2025\/02\/Diseno-sin-titulo-6-1024x724.jpg 1024w, https:\/\/agora.xtec.cat\/escolamartamata\/wp-content\/uploads\/usu1957\/2025\/02\/Diseno-sin-titulo-6-300x212.jpg 300w, https:\/\/agora.xtec.cat\/escolamartamata\/wp-content\/uploads\/usu1957\/2025\/02\/Diseno-sin-titulo-6-768x543.jpg 768w, https:\/\/agora.xtec.cat\/escolamartamata\/wp-content\/uploads\/usu1957\/2025\/02\/Diseno-sin-titulo-6-1536x1086.jpg 1536w, https:\/\/agora.xtec.cat\/escolamartamata\/wp-content\/uploads\/usu1957\/2025\/02\/Diseno-sin-titulo-6.jpg 2000w\" sizes=\"auto, (max-width: 1024px) 100vw, 1024px\" \/><\/a><\/figure>\n<\/div>\n\n\n\n<div class=\"wp-block-column is-vertically-aligned-center is-layout-flow wp-block-column-is-layout-flow\">\n<div class=\"wp-block-getwid-section\"><div class=\"wp-block-getwid-section__wrapper getwid-padding-top-none getwid-padding-bottom-none getwid-padding-left-medium getwid-padding-right-none getwid-padding-mobile-left-none\"><div class=\"wp-block-getwid-section__inner-wrapper\"><div class=\"wp-block-getwid-section__background-holder\"><div class=\"wp-block-getwid-section__background\"><\/div><div class=\"wp-block-getwid-section__foreground\"><\/div><\/div><div class=\"wp-block-getwid-section__content\"><div class=\"wp-block-getwid-section__inner-content\">\n<div class=\"wp-block-getwid-advanced-heading\"><span class=\"wp-block-getwid-advanced-heading__content\" style=\"padding-top:0px;padding-bottom:0px\"><\/span><\/div>\n\n\n\n<div class=\"wp-block-getwid-advanced-heading\" style=\"margin-bottom:30px;margin-top:10px\"><h2 class=\"wp-block-getwid-advanced-heading__content\">I despr\u00e9s de Juneda&#8230;<\/h2><\/div>\n\n\n\n<p>Despr\u00e9s de l\u2019experi\u00e8ncia inoblidable viscuda a Juneda, ens reunim per compartir les nostres viv\u00e8ncies. A partir d\u2019un collage d\u2019imatges, iniciem una conversa sobre els passos que vam seguir per elaborar el pa, aix\u00ed com les diverses tasques relacionades amb l\u2019hort i la granja. D\u2019aquest di\u00e0leg, extraiem paraules clau, buscant connexions entre elles, tra\u00e7ant un cicle que il\u00b7lustra d\u2019on provenen i cap a on es dirigeixen o com s\u2019utilitzen.<\/p>\n\n\n\n<p>Aprofitem tamb\u00e9 l\u2019ocasi\u00f3 per documentar a la nostra llibreta all\u00f2 que cadasc\u00fa considera rellevant: el que hem apr\u00e8s, les experi\u00e8ncies que m\u00e9s ens han agradat i les relacions entre les diferents activitats.<\/p>\n\n\n\n<div class=\"wp-block-getwid-advanced-spacer\" style=\"height:10px\" aria-hidden=\"true\"><\/div>\n\n\n<\/div><\/div><\/div><\/div><\/div>\n<\/div>\n<\/div>\n<\/div><\/div><\/div><\/div><\/div>\n\n\n\n<p><\/p>\n\n\n\n<p><\/p>\n\n\n\n<p><\/p>\n","protected":false},"excerpt":{"rendered":"<p>La frase que expressa un dels nens del grup al finalitzar la nostra xarxa d\u2019idees \u00e9s clara: &#8220;Tot s\u2019aprofita, tot est\u00e0 relacionat!&#8221; Aquesta reflexi\u00f3 no ha sorgit de manera casual, sin\u00f3 que \u00e9s el resultat d\u2019un proc\u00e9s que vam iniciar abans de la nostra estada al camp d\u2019aprenentatge de Juneda. Per comen\u00e7ar, ens hem dedicat [&hellip;]<\/p>\n","protected":false},"author":123,"featured_media":0,"comment_status":"closed","ping_status":"open","sticky":false,"template":"","format":"standard","meta":{"_bbp_topic_count":0,"_bbp_reply_count":0,"_bbp_total_topic_count":0,"_bbp_total_reply_count":0,"_bbp_voice_count":0,"_bbp_anonymous_reply_count":0,"_bbp_topic_count_hidden":0,"_bbp_reply_count_hidden":0,"_bbp_forum_subforum_count":0,"site-sidebar-layout":"default","site-content-layout":"","ast-site-content-layout":"","site-content-style":"default","site-sidebar-style":"default","ast-global-header-display":"","ast-banner-title-visibility":"","ast-main-header-display":"","ast-hfb-above-header-display":"","ast-hfb-below-header-display":"","ast-hfb-mobile-header-display":"","site-post-title":"","ast-breadcrumbs-content":"","ast-featured-img":"","footer-sml-layout":"","theme-transparent-header-meta":"","adv-header-id-meta":"","stick-header-meta":"","header-above-stick-meta":"","header-main-stick-meta":"","header-below-stick-meta":"","astra-migrate-meta-layouts":"default","ast-page-background-enabled":"default","ast-page-background-meta":{"desktop":{"background-color":"var(--ast-global-color-4)","background-image":"","background-repeat":"repeat","background-position":"center center","background-size":"auto","background-attachment":"scroll","background-type":"","background-media":"","overlay-type":"","overlay-color":"","overlay-opacity":"","overlay-gradient":""},"tablet":{"background-color":"","background-image":"","background-repeat":"repeat","background-position":"center center","background-size":"auto","background-attachment":"scroll","background-type":"","background-media":"","overlay-type":"","overlay-color":"","overlay-opacity":"","overlay-gradient":""},"mobile":{"background-color":"","background-image":"","background-repeat":"repeat","background-position":"center center","background-size":"auto","background-attachment":"scroll","background-type":"","background-media":"","overlay-type":"","overlay-color":"","overlay-opacity":"","overlay-gradient":""}},"ast-content-background-meta":{"desktop":{"background-color":"var(--ast-global-color-5)","background-image":"","background-repeat":"repeat","background-position":"center center","background-size":"auto","background-attachment":"scroll","background-type":"","background-media":"","overlay-type":"","overlay-color":"","overlay-opacity":"","overlay-gradient":""},"tablet":{"background-color":"var(--ast-global-color-5)","background-image":"","background-repeat":"repeat","background-position":"center center","background-size":"auto","background-attachment":"scroll","background-type":"","background-media":"","overlay-type":"","overlay-color":"","overlay-opacity":"","overlay-gradient":""},"mobile":{"background-color":"var(--ast-global-color-5)","background-image":"","background-repeat":"repeat","background-position":"center center","background-size":"auto","background-attachment":"scroll","background-type":"","background-media":"","overlay-type":"","overlay-color":"","overlay-opacity":"","overlay-gradient":""}},"footnotes":""},"categories":[618,1],"tags":[],"class_list":["post-33030","post","type-post","status-publish","format-standard","hentry","category-24-25-donuts","category-general"],"post_mailing_queue_ids":[],"_links":{"self":[{"href":"https:\/\/agora.xtec.cat\/escolamartamata\/wp-json\/wp\/v2\/posts\/33030","targetHints":{"allow":["GET"]}}],"collection":[{"href":"https:\/\/agora.xtec.cat\/escolamartamata\/wp-json\/wp\/v2\/posts"}],"about":[{"href":"https:\/\/agora.xtec.cat\/escolamartamata\/wp-json\/wp\/v2\/types\/post"}],"author":[{"embeddable":true,"href":"https:\/\/agora.xtec.cat\/escolamartamata\/wp-json\/wp\/v2\/users\/123"}],"replies":[{"embeddable":true,"href":"https:\/\/agora.xtec.cat\/escolamartamata\/wp-json\/wp\/v2\/comments?post=33030"}],"version-history":[{"count":4,"href":"https:\/\/agora.xtec.cat\/escolamartamata\/wp-json\/wp\/v2\/posts\/33030\/revisions"}],"predecessor-version":[{"id":33039,"href":"https:\/\/agora.xtec.cat\/escolamartamata\/wp-json\/wp\/v2\/posts\/33030\/revisions\/33039"}],"wp:attachment":[{"href":"https:\/\/agora.xtec.cat\/escolamartamata\/wp-json\/wp\/v2\/media?parent=33030"}],"wp:term":[{"taxonomy":"category","embeddable":true,"href":"https:\/\/agora.xtec.cat\/escolamartamata\/wp-json\/wp\/v2\/categories?post=33030"},{"taxonomy":"post_tag","embeddable":true,"href":"https:\/\/agora.xtec.cat\/escolamartamata\/wp-json\/wp\/v2\/tags?post=33030"}],"curies":[{"name":"wp","href":"https:\/\/api.w.org\/{rel}","templated":true}]}}