{"id":31495,"date":"2024-10-30T12:52:21","date_gmt":"2024-10-30T11:52:21","guid":{"rendered":"https:\/\/agora.xtec.cat\/escolamartamata\/?p=31495"},"modified":"2024-11-26T22:49:16","modified_gmt":"2024-11-26T21:49:16","slug":"la-castanyera-rockera-2","status":"publish","type":"post","link":"https:\/\/agora.xtec.cat\/escolamartamata\/tabalugues2526\/24-25vidaaulai4\/la-castanyera-rockera-2\/","title":{"rendered":"LA CASTANYERA ROCKERA"},"content":{"rendered":"\n<p>Aprofitant que aquest dijous celebrarem la festa de la tardor, a les \u00faltimes sessions de m\u00fasica hem estat treballant dues can\u00e7ons relacionades amb la castanyera. La primera \u00e9s la <em><strong>Dansa de la castanyera<\/strong><\/em>, que cada any ballem conjuntament tota l&#8217;escola, i la segona \u00e9s la can\u00e7\u00f3 de <em><strong>La castanyera rockera<\/strong><\/em> que ens ha encantat a totes les classes! <br>Us en deixem els enlla\u00e7os perqu\u00e8 pugueu escoltar-les a casa: <br>&#8211; <a href=\"https:\/\/www.youtube.com\/watch?v=2cEQwfWi_R4\" data-type=\"link\" data-id=\"https:\/\/www.youtube.com\/watch?v=2cEQwfWi_R4\">La castanyera &#8211; D\u00e0maris Gelabert<\/a><br>&#8211; <a href=\"https:\/\/www.youtube.com\/watch?v=3xffJKpMoE8\" data-type=\"link\" data-id=\"https:\/\/www.youtube.com\/watch?v=3xffJKpMoE8\">La castanyera rockera<\/a><\/p>\n\n\n\n<figure class=\"wp-block-image aligncenter size-full is-resized\"><a href=\"https:\/\/agora.xtec.cat\/escolamartamata\/wp-content\/uploads\/usu1957\/2024\/10\/1-4.png\"><img loading=\"lazy\" decoding=\"async\" width=\"783\" height=\"627\" src=\"https:\/\/agora.xtec.cat\/escolamartamata\/wp-content\/uploads\/usu1957\/2024\/10\/1-4.png\" alt=\"\" class=\"wp-image-31496\" style=\"width:431px;height:auto\" srcset=\"https:\/\/agora.xtec.cat\/escolamartamata\/wp-content\/uploads\/usu1957\/2024\/10\/1-4.png 783w, https:\/\/agora.xtec.cat\/escolamartamata\/wp-content\/uploads\/usu1957\/2024\/10\/1-4-300x240.png 300w, https:\/\/agora.xtec.cat\/escolamartamata\/wp-content\/uploads\/usu1957\/2024\/10\/1-4-768x615.png 768w\" sizes=\"auto, (max-width: 783px) 100vw, 783px\" \/><\/a><\/figure>\n","protected":false},"excerpt":{"rendered":"<p>Aprofitant que aquest dijous celebrarem la festa de la tardor, a les \u00faltimes sessions de m\u00fasica hem estat treballant dues can\u00e7ons relacionades amb la castanyera. La primera \u00e9s la Dansa de la castanyera, que cada any ballem conjuntament tota l&#8217;escola, i la segona \u00e9s la can\u00e7\u00f3 de La castanyera rockera que ens ha encantat a [&hellip;]<\/p>\n","protected":false},"author":13,"featured_media":0,"comment_status":"closed","ping_status":"open","sticky":false,"template":"","format":"standard","meta":{"_bbp_topic_count":0,"_bbp_reply_count":0,"_bbp_total_topic_count":0,"_bbp_total_reply_count":0,"_bbp_voice_count":0,"_bbp_anonymous_reply_count":0,"_bbp_topic_count_hidden":0,"_bbp_reply_count_hidden":0,"_bbp_forum_subforum_count":0,"site-sidebar-layout":"default","site-content-layout":"","ast-site-content-layout":"","site-content-style":"default","site-sidebar-style":"default","ast-global-header-display":"","ast-banner-title-visibility":"","ast-main-header-display":"","ast-hfb-above-header-display":"","ast-hfb-below-header-display":"","ast-hfb-mobile-header-display":"","site-post-title":"","ast-breadcrumbs-content":"","ast-featured-img":"","footer-sml-layout":"","theme-transparent-header-meta":"","adv-header-id-meta":"","stick-header-meta":"","header-above-stick-meta":"","header-main-stick-meta":"","header-below-stick-meta":"","astra-migrate-meta-layouts":"default","ast-page-background-enabled":"default","ast-page-background-meta":{"desktop":{"background-color":"var(--ast-global-color-4)","background-image":"","background-repeat":"repeat","background-position":"center center","background-size":"auto","background-attachment":"scroll","background-type":"","background-media":"","overlay-type":"","overlay-color":"","overlay-opacity":"","overlay-gradient":""},"tablet":{"background-color":"","background-image":"","background-repeat":"repeat","background-position":"center center","background-size":"auto","background-attachment":"scroll","background-type":"","background-media":"","overlay-type":"","overlay-color":"","overlay-opacity":"","overlay-gradient":""},"mobile":{"background-color":"","background-image":"","background-repeat":"repeat","background-position":"center center","background-size":"auto","background-attachment":"scroll","background-type":"","background-media":"","overlay-type":"","overlay-color":"","overlay-opacity":"","overlay-gradient":""}},"ast-content-background-meta":{"desktop":{"background-color":"var(--ast-global-color-5)","background-image":"","background-repeat":"repeat","background-position":"center center","background-size":"auto","background-attachment":"scroll","background-type":"","background-media":"","overlay-type":"","overlay-color":"","overlay-opacity":"","overlay-gradient":""},"tablet":{"background-color":"var(--ast-global-color-5)","background-image":"","background-repeat":"repeat","background-position":"center center","background-size":"auto","background-attachment":"scroll","background-type":"","background-media":"","overlay-type":"","overlay-color":"","overlay-opacity":"","overlay-gradient":""},"mobile":{"background-color":"var(--ast-global-color-5)","background-image":"","background-repeat":"repeat","background-position":"center center","background-size":"auto","background-attachment":"scroll","background-type":"","background-media":"","overlay-type":"","overlay-color":"","overlay-opacity":"","overlay-gradient":""}},"footnotes":""},"categories":[563,557],"tags":[],"class_list":["post-31495","post","type-post","status-publish","format-standard","hentry","category-24-25musicai4","category-24-25vidaaulai4"],"post_mailing_queue_ids":[],"_links":{"self":[{"href":"https:\/\/agora.xtec.cat\/escolamartamata\/wp-json\/wp\/v2\/posts\/31495","targetHints":{"allow":["GET"]}}],"collection":[{"href":"https:\/\/agora.xtec.cat\/escolamartamata\/wp-json\/wp\/v2\/posts"}],"about":[{"href":"https:\/\/agora.xtec.cat\/escolamartamata\/wp-json\/wp\/v2\/types\/post"}],"author":[{"embeddable":true,"href":"https:\/\/agora.xtec.cat\/escolamartamata\/wp-json\/wp\/v2\/users\/13"}],"replies":[{"embeddable":true,"href":"https:\/\/agora.xtec.cat\/escolamartamata\/wp-json\/wp\/v2\/comments?post=31495"}],"version-history":[{"count":2,"href":"https:\/\/agora.xtec.cat\/escolamartamata\/wp-json\/wp\/v2\/posts\/31495\/revisions"}],"predecessor-version":[{"id":31864,"href":"https:\/\/agora.xtec.cat\/escolamartamata\/wp-json\/wp\/v2\/posts\/31495\/revisions\/31864"}],"wp:attachment":[{"href":"https:\/\/agora.xtec.cat\/escolamartamata\/wp-json\/wp\/v2\/media?parent=31495"}],"wp:term":[{"taxonomy":"category","embeddable":true,"href":"https:\/\/agora.xtec.cat\/escolamartamata\/wp-json\/wp\/v2\/categories?post=31495"},{"taxonomy":"post_tag","embeddable":true,"href":"https:\/\/agora.xtec.cat\/escolamartamata\/wp-json\/wp\/v2\/tags?post=31495"}],"curies":[{"name":"wp","href":"https:\/\/api.w.org\/{rel}","templated":true}]}}