{"id":30998,"date":"2024-10-03T15:58:03","date_gmt":"2024-10-03T13:58:03","guid":{"rendered":"https:\/\/agora.xtec.cat\/escolamartamata\/?p=30998"},"modified":"2024-10-03T15:58:03","modified_gmt":"2024-10-03T13:58:03","slug":"els-petits-princeps-comencem-a-practicar-la-batucada","status":"publish","type":"post","link":"https:\/\/agora.xtec.cat\/escolamartamata\/matildes25-26\/24-25musica5e\/els-petits-princeps-comencem-a-practicar-la-batucada\/","title":{"rendered":"Els Petits Pr\u00ednceps comencem a practicar la batucada!"},"content":{"rendered":"\n<p>Els Petits Pr\u00ednceps han comen\u00e7at el curs projectant el gran repte d&#8217;escola musicalment parlant que tenen l\u2019any que ve: la batucada de la Festa Major! Al tercer trimestre d\u2019aquest curs ja comen\u00e7aran a practicar amb els instruments, per\u00f2 ara mateix estan immersos en un emocionant treball de ritmes, que ja no deixarem fins llavors i que donar\u00e0 sentit a la pr\u00e0ctica de l&#8217;actuaci\u00f3. <\/p>\n\n\n\n<p>Per introdu\u00efr-ho tot plegat i comen\u00e7ar, vam repartit tres figures r\u00edtmiques diferents entre l\u2019alumnat (negra, corxeres i treset) i els vam proposar pensar com es podrien organitzar per grups tenint en compte aquestes figures. Aquesta activitat els va fer rumiar a tots i totes, convertint-se en una oportunitat per activar el pensament. Quina \u00e9s la manera correcta d&#8217;agrupar-se? Despr\u00e9s d\u2019una bona estona de proves i reflexions van arribar a la conclusi\u00f3 que s&#8217;havien d&#8217;agrupar segons els cops de veu del seu nom. Una vegada aix\u00f2 va estar clar i ent\u00e8s per a tots i totes vam iniciar els primers treballs de polir\u00edtmia, consistents en combinar diferents ritmes que sonen simult\u00e0niament. Aquesta primera vegada, com hem dit agrupats per cops de veu dels nostres noms.<\/p>\n\n\n\n<p>Recordem que podeu veure les fotos del proc\u00e9s d&#8217;aprenentatge de la batucada a la carpeta del drive dins de vida d&#8217;aula i m\u00fasica.<\/p>\n\n\n\n<figure class=\"wp-block-image size-full is-resized\"><a href=\"https:\/\/agora.xtec.cat\/escolamartamata\/wp-content\/uploads\/usu1957\/2024\/10\/Creamy-Pasta-recipe-1-1.png\"><img loading=\"lazy\" decoding=\"async\" width=\"500\" height=\"750\" src=\"https:\/\/agora.xtec.cat\/escolamartamata\/wp-content\/uploads\/usu1957\/2024\/10\/Creamy-Pasta-recipe-1-1.png\" alt=\"\" class=\"wp-image-30999\" style=\"width:221px;height:auto\" srcset=\"https:\/\/agora.xtec.cat\/escolamartamata\/wp-content\/uploads\/usu1957\/2024\/10\/Creamy-Pasta-recipe-1-1.png 500w, https:\/\/agora.xtec.cat\/escolamartamata\/wp-content\/uploads\/usu1957\/2024\/10\/Creamy-Pasta-recipe-1-1-200x300.png 200w\" sizes=\"auto, (max-width: 500px) 100vw, 500px\" \/><\/a><\/figure>\n","protected":false},"excerpt":{"rendered":"<p>Els Petits Pr\u00ednceps han comen\u00e7at el curs projectant el gran repte d&#8217;escola musicalment parlant que tenen l\u2019any que ve: la batucada de la Festa Major! Al tercer trimestre d\u2019aquest curs ja comen\u00e7aran a practicar amb els instruments, per\u00f2 ara mateix estan immersos en un emocionant&hellip;  <a href=\"https:\/\/agora.xtec.cat\/escolamartamata\/matildes25-26\/24-25musica5e\/els-petits-princeps-comencem-a-practicar-la-batucada\/\" title=\"Read Els Petits Pr\u00ednceps comencem a practicar la batucada!\">Llegeix m\u00e9s\u00bb<\/a><\/p>\n","protected":false},"author":107,"featured_media":0,"comment_status":"closed","ping_status":"open","sticky":false,"template":"","format":"standard","meta":{"_bbp_topic_count":0,"_bbp_reply_count":0,"_bbp_total_topic_count":0,"_bbp_total_reply_count":0,"_bbp_voice_count":0,"_bbp_anonymous_reply_count":0,"_bbp_topic_count_hidden":0,"_bbp_reply_count_hidden":0,"_bbp_forum_subforum_count":0,"footnotes":""},"categories":[585],"tags":[],"class_list":["post-30998","post","type-post","status-publish","format-standard","hentry","category-24-25musica5e"],"post_mailing_queue_ids":[],"_links":{"self":[{"href":"https:\/\/agora.xtec.cat\/escolamartamata\/wp-json\/wp\/v2\/posts\/30998","targetHints":{"allow":["GET"]}}],"collection":[{"href":"https:\/\/agora.xtec.cat\/escolamartamata\/wp-json\/wp\/v2\/posts"}],"about":[{"href":"https:\/\/agora.xtec.cat\/escolamartamata\/wp-json\/wp\/v2\/types\/post"}],"author":[{"embeddable":true,"href":"https:\/\/agora.xtec.cat\/escolamartamata\/wp-json\/wp\/v2\/users\/107"}],"replies":[{"embeddable":true,"href":"https:\/\/agora.xtec.cat\/escolamartamata\/wp-json\/wp\/v2\/comments?post=30998"}],"version-history":[{"count":1,"href":"https:\/\/agora.xtec.cat\/escolamartamata\/wp-json\/wp\/v2\/posts\/30998\/revisions"}],"predecessor-version":[{"id":31000,"href":"https:\/\/agora.xtec.cat\/escolamartamata\/wp-json\/wp\/v2\/posts\/30998\/revisions\/31000"}],"wp:attachment":[{"href":"https:\/\/agora.xtec.cat\/escolamartamata\/wp-json\/wp\/v2\/media?parent=30998"}],"wp:term":[{"taxonomy":"category","embeddable":true,"href":"https:\/\/agora.xtec.cat\/escolamartamata\/wp-json\/wp\/v2\/categories?post=30998"},{"taxonomy":"post_tag","embeddable":true,"href":"https:\/\/agora.xtec.cat\/escolamartamata\/wp-json\/wp\/v2\/tags?post=30998"}],"curies":[{"name":"wp","href":"https:\/\/api.w.org\/{rel}","templated":true}]}}