{"id":30768,"date":"2024-09-20T17:00:00","date_gmt":"2024-09-20T15:00:00","guid":{"rendered":"https:\/\/agora.xtec.cat\/escolamartamata\/?p=30768"},"modified":"2024-09-20T14:32:46","modified_gmt":"2024-09-20T12:32:46","slug":"som-alicies","status":"publish","type":"post","link":"https:\/\/agora.xtec.cat\/escolamartamata\/tanits25-26\/24-25vidaaula2n\/som-alicies\/","title":{"rendered":"SOM AL\u00cdCIES!"},"content":{"rendered":"\n<p>Comencem un nou curs i ho fem sent Al\u00edcies. Seguim a la comunitat de mitjans i aix\u00f2 ens ajuda en aquest inici, ja que moltes de les rutines i feines dels primers dies ens s\u00f3n conegudes.<\/p>\n\n\n\n<p>Per\u00f2 els inicis sempre porten alguns canvis i novetats. Hem conegut a una companya nova, la F\u00e0tima, i tamb\u00e9 a la Cristina que ser\u00e0 la nostra tutora. La nostra classe tamb\u00e9 \u00e9s un xic diferent alhora que ens hem adonat dels canvis en la biblioteca del passad\u00eds. S\u00ed, les Al\u00edcies som moooooolt observadores i se&#8217;ns escapen pocs detalls!<\/p>\n\n\n\n<p>Aquests primers dies hem col\u00b7laborat en l&#8217;organitzaci\u00f3 de la nostra aula aix\u00ed com hem treballat per poder tenir a punt la carpeta blava, la targeta d&#8217;aniversari o el punt de llibre. A trav\u00e9s d&#8217;una r\u00fabrica hem hagut de registrar el material que hem portat des de casa per tal de veure si ho hav\u00edem portat tot i tot seguit col\u00b7locar-ho al lloc corresponent. Les llibretes de documentaci\u00f3 tamb\u00e9 les hem preparat i incl\u00fas hem fet les primeres documentacions a la llibreta de vida d&#8217;aula. Despr\u00e9s de tot un estiu no ha estat f\u00e0cil desfer-se de la mandra, per\u00f2 mica en mica anem agafant el ritme despertant les nostres habilitats i capacitats.<\/p>\n\n\n\n<p>Tamb\u00e9 aquestes primeres setmanes estem compartint els nostres diaris d&#8217;estiu. Per una banda, exposem i mostrem tot all\u00f2 que hem volgut expressar en els nostres treballs. Per una altra banda, escoltem amb atenci\u00f3 als nostres companys per fer-ne una petita valoraci\u00f3 despr\u00e9s.<\/p>\n\n\n\n<figure class=\"wp-block-image size-large\"><a href=\"https:\/\/agora.xtec.cat\/escolamartamata\/wp-content\/uploads\/usu1957\/2024\/09\/Collages-Cristina.jpg\"><img loading=\"lazy\" decoding=\"async\" width=\"1024\" height=\"819\" src=\"https:\/\/agora.xtec.cat\/escolamartamata\/wp-content\/uploads\/usu1957\/2024\/09\/Collages-Cristina-1024x819.jpg\" alt=\"\" class=\"wp-image-30769\" srcset=\"https:\/\/agora.xtec.cat\/escolamartamata\/wp-content\/uploads\/usu1957\/2024\/09\/Collages-Cristina-1024x819.jpg 1024w, https:\/\/agora.xtec.cat\/escolamartamata\/wp-content\/uploads\/usu1957\/2024\/09\/Collages-Cristina-300x240.jpg 300w, https:\/\/agora.xtec.cat\/escolamartamata\/wp-content\/uploads\/usu1957\/2024\/09\/Collages-Cristina-768x614.jpg 768w, https:\/\/agora.xtec.cat\/escolamartamata\/wp-content\/uploads\/usu1957\/2024\/09\/Collages-Cristina-1536x1229.jpg 1536w, https:\/\/agora.xtec.cat\/escolamartamata\/wp-content\/uploads\/usu1957\/2024\/09\/Collages-Cristina.jpg 2000w\" sizes=\"auto, (max-width: 1024px) 100vw, 1024px\" \/><\/a><\/figure>\n","protected":false},"excerpt":{"rendered":"<p>Comencem un nou curs i ho fem sent Al\u00edcies. Seguim a la comunitat de mitjans i aix\u00f2 ens ajuda en aquest inici, ja que moltes de les rutines i feines dels primers dies ens s\u00f3n conegudes.<\/p>\n<p>Per\u00f2 els inicis sempre porten alguns canvis i novetats. Hem&hellip;  <a href=\"https:\/\/agora.xtec.cat\/escolamartamata\/tanits25-26\/24-25vidaaula2n\/som-alicies\/\" title=\"Read SOM AL\u00cdCIES!\">Llegeix m\u00e9s\u00bb<\/a><\/p>\n","protected":false},"author":5,"featured_media":0,"comment_status":"closed","ping_status":"open","sticky":false,"template":"","format":"standard","meta":{"_bbp_topic_count":0,"_bbp_reply_count":0,"_bbp_total_topic_count":0,"_bbp_total_reply_count":0,"_bbp_voice_count":0,"_bbp_anonymous_reply_count":0,"_bbp_topic_count_hidden":0,"_bbp_reply_count_hidden":0,"_bbp_forum_subforum_count":0,"footnotes":""},"categories":[569],"tags":[],"class_list":["post-30768","post","type-post","status-publish","format-standard","hentry","category-24-25vidaaula2n"],"post_mailing_queue_ids":[],"_links":{"self":[{"href":"https:\/\/agora.xtec.cat\/escolamartamata\/wp-json\/wp\/v2\/posts\/30768","targetHints":{"allow":["GET"]}}],"collection":[{"href":"https:\/\/agora.xtec.cat\/escolamartamata\/wp-json\/wp\/v2\/posts"}],"about":[{"href":"https:\/\/agora.xtec.cat\/escolamartamata\/wp-json\/wp\/v2\/types\/post"}],"author":[{"embeddable":true,"href":"https:\/\/agora.xtec.cat\/escolamartamata\/wp-json\/wp\/v2\/users\/5"}],"replies":[{"embeddable":true,"href":"https:\/\/agora.xtec.cat\/escolamartamata\/wp-json\/wp\/v2\/comments?post=30768"}],"version-history":[{"count":1,"href":"https:\/\/agora.xtec.cat\/escolamartamata\/wp-json\/wp\/v2\/posts\/30768\/revisions"}],"predecessor-version":[{"id":30770,"href":"https:\/\/agora.xtec.cat\/escolamartamata\/wp-json\/wp\/v2\/posts\/30768\/revisions\/30770"}],"wp:attachment":[{"href":"https:\/\/agora.xtec.cat\/escolamartamata\/wp-json\/wp\/v2\/media?parent=30768"}],"wp:term":[{"taxonomy":"category","embeddable":true,"href":"https:\/\/agora.xtec.cat\/escolamartamata\/wp-json\/wp\/v2\/categories?post=30768"},{"taxonomy":"post_tag","embeddable":true,"href":"https:\/\/agora.xtec.cat\/escolamartamata\/wp-json\/wp\/v2\/tags?post=30768"}],"curies":[{"name":"wp","href":"https:\/\/api.w.org\/{rel}","templated":true}]}}