{"id":29743,"date":"2024-04-14T22:45:55","date_gmt":"2024-04-14T20:45:55","guid":{"rendered":"https:\/\/agora.xtec.cat\/escolamartamata\/?p=29743"},"modified":"2024-04-14T22:45:55","modified_gmt":"2024-04-14T20:45:55","slug":"com-podem-representar-ritmes","status":"publish","type":"post","link":"https:\/\/agora.xtec.cat\/escolamartamata\/tanits25-26\/23-24musica1r\/com-podem-representar-ritmes\/","title":{"rendered":"COM PODEM REPRESENTAR RITMES?"},"content":{"rendered":"<p>Bona nit fam\u00edlies!<\/p>\n<p>Arran de la batucada improvitzada que v\u00e0rem fer la setmana passada, amb l\u2019oferiment de l\u2019Aleix per ensenyar-nos el que fan a \u201cmolta xamba\u201d, va sorgir el dubte sobre si era possible representar-ho gr\u00e0ficament per repetir-ho de manera m\u00e9s estructurada. Com n\u2019hi podr\u00edem dir? De cop i volta va apar\u00e8ixer d\u2019entre moltes opcions la paraula ritmes. I s\u00ed, \u00e9s la paraula que busc\u00e0vem!<\/p>\n<p>Amb l\u2019inter\u00e8s i les m\u00faltiples opcions que se\u2019ns present\u00e0ven, vam anar a buscar guixos i un per un, tots aquells alumnes que van voler, van representar al terra la manera com creien que es podia fer.<\/p>\n<p>&#8211; Pa-pa-pa-pa, va comen\u00e7ar\u00a0la Carla.<\/p>\n<p>&#8211; Amb n\u00fameros.<\/p>\n<p>&#8211; Dibuixant mans.<\/p>\n<p>&#8211; Dibuixant una ma i el n\u00famero de vegades que es representa el so.<\/p>\n<p>&#8211; Dibuixant baquetes, quadrats, tambors\u2026<\/p>\n<p>&#8211; Dibuixant pals amb sabates!<\/p>\n<p>M\u00e9s de mitja hora d\u2019hip\u00f2tesis i representacions que ens van portar a la reflexi\u00f3 que totes eren v\u00e0lides per\u00f2 que calia trobar la forma universal. I aix\u00ed vam descobrir la forma del <em>ta<\/em> i el <em>titi<\/em>. O del <em>pa<\/em> i la <em>coca<\/em>. O amb noms de la classe\u2026 de la <em>Mar i el Sergi! <\/em>De cop i volta est\u00e0vem descobrint que els nostres noms tamb\u00e9 poden tenir ritme i els pod\u00edem separar per cops de veu i associar a unes formes musicals que a partir d\u2019ara formaran ja per sempre part del nostre coneixement.<\/p>\n<p>Hem obert un mel\u00f3 interessant.<\/p>\n<p>Que tingueu una bona setmana!<\/p>\n<p><a href=\"https:\/\/agora.xtec.cat\/escolamartamata\/wp-content\/uploads\/usu1957\/2024\/04\/Verde-Rosa-Crema-Amor-4-Vinetas-Tira-Comica-2.png\"><img loading=\"lazy\" decoding=\"async\" class=\"alignnone size-medium wp-image-29744\" src=\"https:\/\/agora.xtec.cat\/escolamartamata\/wp-content\/uploads\/usu1957\/2024\/04\/Verde-Rosa-Crema-Amor-4-Vinetas-Tira-Comica-2-300x240.png\" alt=\"\" width=\"300\" height=\"240\" srcset=\"https:\/\/agora.xtec.cat\/escolamartamata\/wp-content\/uploads\/usu1957\/2024\/04\/Verde-Rosa-Crema-Amor-4-Vinetas-Tira-Comica-2-300x240.png 300w, https:\/\/agora.xtec.cat\/escolamartamata\/wp-content\/uploads\/usu1957\/2024\/04\/Verde-Rosa-Crema-Amor-4-Vinetas-Tira-Comica-2-1024x819.png 1024w, https:\/\/agora.xtec.cat\/escolamartamata\/wp-content\/uploads\/usu1957\/2024\/04\/Verde-Rosa-Crema-Amor-4-Vinetas-Tira-Comica-2-768x614.png 768w, https:\/\/agora.xtec.cat\/escolamartamata\/wp-content\/uploads\/usu1957\/2024\/04\/Verde-Rosa-Crema-Amor-4-Vinetas-Tira-Comica-2.png 1500w\" sizes=\"auto, (max-width: 300px) 100vw, 300px\" \/><\/a><\/p>\n<p>&nbsp;<\/p>\n","protected":false},"excerpt":{"rendered":"<p>Bona nit fam\u00edlies!<br \/>\nArran de la batucada improvitzada que v\u00e0rem fer la setmana passada, amb l\u2019oferiment de l\u2019Aleix per ensenyar-nos el que fan a \u201cmolta xamba\u201d, va sorgir el dubte sobre si era possible representar-ho gr\u00e0ficament per repetir-ho de manera m\u00e9s estructurada. Com n\u2019hi podr\u00edem dir?&hellip;  <a href=\"https:\/\/agora.xtec.cat\/escolamartamata\/tanits25-26\/23-24musica1r\/com-podem-representar-ritmes\/\" title=\"Read COM PODEM REPRESENTAR RITMES?\">Llegeix m\u00e9s\u00bb<\/a><\/p>\n","protected":false},"author":107,"featured_media":0,"comment_status":"closed","ping_status":"closed","sticky":false,"template":"","format":"standard","meta":{"_bbp_topic_count":0,"_bbp_reply_count":0,"_bbp_total_topic_count":0,"_bbp_total_reply_count":0,"_bbp_voice_count":0,"_bbp_anonymous_reply_count":0,"_bbp_topic_count_hidden":0,"_bbp_reply_count_hidden":0,"_bbp_forum_subforum_count":0,"footnotes":""},"categories":[493],"tags":[],"class_list":["post-29743","post","type-post","status-publish","format-standard","hentry","category-23-24musica1r"],"post_mailing_queue_ids":[],"_links":{"self":[{"href":"https:\/\/agora.xtec.cat\/escolamartamata\/wp-json\/wp\/v2\/posts\/29743","targetHints":{"allow":["GET"]}}],"collection":[{"href":"https:\/\/agora.xtec.cat\/escolamartamata\/wp-json\/wp\/v2\/posts"}],"about":[{"href":"https:\/\/agora.xtec.cat\/escolamartamata\/wp-json\/wp\/v2\/types\/post"}],"author":[{"embeddable":true,"href":"https:\/\/agora.xtec.cat\/escolamartamata\/wp-json\/wp\/v2\/users\/107"}],"replies":[{"embeddable":true,"href":"https:\/\/agora.xtec.cat\/escolamartamata\/wp-json\/wp\/v2\/comments?post=29743"}],"version-history":[{"count":1,"href":"https:\/\/agora.xtec.cat\/escolamartamata\/wp-json\/wp\/v2\/posts\/29743\/revisions"}],"predecessor-version":[{"id":29745,"href":"https:\/\/agora.xtec.cat\/escolamartamata\/wp-json\/wp\/v2\/posts\/29743\/revisions\/29745"}],"wp:attachment":[{"href":"https:\/\/agora.xtec.cat\/escolamartamata\/wp-json\/wp\/v2\/media?parent=29743"}],"wp:term":[{"taxonomy":"category","embeddable":true,"href":"https:\/\/agora.xtec.cat\/escolamartamata\/wp-json\/wp\/v2\/categories?post=29743"},{"taxonomy":"post_tag","embeddable":true,"href":"https:\/\/agora.xtec.cat\/escolamartamata\/wp-json\/wp\/v2\/tags?post=29743"}],"curies":[{"name":"wp","href":"https:\/\/api.w.org\/{rel}","templated":true}]}}